{"id":133508,"date":"2025-12-05T00:25:15","date_gmt":"2025-12-05T00:25:15","guid":{"rendered":"https:\/\/www.europesays.com\/pl\/133508\/"},"modified":"2025-12-05T00:25:15","modified_gmt":"2025-12-05T00:25:15","slug":"odkryli-co-ksiezna-kate-ukryla-we-wlosach-sekret-tiary-ujawniony","status":"publish","type":"post","link":"https:\/\/www.europesays.com\/pl\/133508\/","title":{"rendered":"Odkryli, co ksi\u0119\u017cna Kate ukry\u0142a we w\u0142osach. Sekret tiary ujawniony"},"content":{"rendered":"<p><a class=\"Slot_linkedImage__I6x1q\" target=\"_blank\" href=\"https:\/\/plejada.pl\/rodziny-krolewskie-rody-royalsi\" rel=\"noopener noreferrer nofollow\" data-allow-layer=\"true\"><img decoding=\"async\" class=\"Image_image__0tuHp Image_autoHeight__f2n87 \" height=\"93\" width=\"750\" src=\"https:\/\/www.europesays.com\/pl\/wp-content\/uploads\/2025\/10\/tS5k9kpTURBXy9mMTRkOTIyMDcwYjFjMGI2YzQyMTNkNDYwYWYwNTg3Ni5qcGeSlQLNAu4AwsOVAgDNAu7Cw94AA6EwAaExAaEzw.jpeg\" loading=\"lazy\" \/><\/a><\/p>\n<p class=\"Paragraph_desktopParagraph__U31Gm\">Od 3 do 5 grudnia na Zamku Windsor <a href=\"https:\/\/plejada.pl\/krol-karol-iii-krol-brytyjski\" id=\"cede87c5-4c8a-4ffe-87c4-0abdc1371a14\" rel=\"nofollow noopener\" target=\"_blank\">kr\u00f3l Karol III<\/a> wraz z <a href=\"https:\/\/plejada.pl\/krolowa-kamila\" id=\"14402de3-ae39-46e3-a592-be41fef4d723\" rel=\"nofollow noopener\" target=\"_blank\">kr\u00f3low\u0105 Kamil\u0105<\/a> przyjmuj\u0105 prezydenta Niemiec Franka-Waltera Steinmeiera oraz jego ma\u0142\u017conk\u0119, Elke Budenbender. W \u015brodowy wiecz\u00f3r zorganizowano z tej okazji uroczysty bankiet pa\u0144stwowy.<\/p>\n<p class=\"Paragraph_desktopParagraph__U31Gm\">Ksi\u0119\u017cna Kate pojawi\u0142a si\u0119 na nim w b\u0142\u0119kitnej kreacji od Jenny Packham, kt\u00f3r\u0105 zestawi\u0142a z kolczykami nale\u017c\u0105cymi niegdy\u015b do <a href=\"https:\/\/plejada.pl\/krolowa-elzbieta-ii\" id=\"640f927a-ab92-4f77-987f-59f6d51a542b\" rel=\"nofollow noopener\" target=\"_blank\">kr\u00f3lowej El\u017cbiety II<\/a>. Jej str\u00f3j uzupe\u0142nia\u0142y r\u00f3wnie\u017c szarfa i gwiazda Royal Family Order oraz Royal Victorian Order. Na g\u0142owie mia\u0142a za\u015b <a href=\"https:\/\/plejada.pl\/newsy\/spektakularna-kreacja-ksieznej-kate-na-fotografii-z-ksieciem-williamem-zalozyla-tiare\/476zeqd\" id=\"da367250-612a-4de8-82f1-64c827bdf135\" rel=\"nofollow noopener\" target=\"_blank\">wyj\u0105tkow\u0105 tiar\u0119 kr\u00f3lowej Wiktorii<\/a> \u2014 t\u0119 sam\u0105, kt\u00f3r\u0105 kr\u00f3lowa El\u017cbieta II za\u0142o\u017cy\u0142a jedynie raz podczas swojego panowania.<\/p>\n<ul class=\"OchatFollowUps_wrapper__1ry7X\">\n<li class=\"OchatFollowUps_item__Dhyly OchatFollowUps_itemDesktop__R6aBv\">Jak wygl\u0105da\u0142a tiara ksi\u0119\u017cnej Kate?<\/li>\n<li class=\"OchatFollowUps_item__Dhyly OchatFollowUps_itemDesktop__R6aBv\">Kto by\u0142 obecny na bankiecie?<\/li>\n<li class=\"OchatFollowUps_item__Dhyly OchatFollowUps_itemDesktop__R6aBv\">Kiedy tiara by\u0142a po raz pierwszy publicznie pokazana?<\/li>\n<li class=\"OchatFollowUps_item__Dhyly OchatFollowUps_itemDesktop__R6aBv\">Co zrobiono z opalami w tiarze?<\/li>\n<\/ul>\n<p>Odkryli sekret kr\u00f3lewskiej tiary. Wszystko by\u0142o ukryte we w\u0142osach ksi\u0119\u017cnej Walii <\/p>\n<p class=\"Paragraph_desktopParagraph__U31Gm\">Mi\u0142o\u015bnicy brytyjskiej monarchii nie kryj\u0105 zachwytu i podkre\u015blaj\u0105, \u017ce ksi\u0119\u017cna Walii zaprezentowa\u0142a si\u0119 dok\u0142adnie tak, jak przysta\u0142o na przysz\u0142\u0105 kr\u00f3low\u0105. &#8222;Ta tiara wygl\u0105da zjawiskowo na naszej ol\u015bniewaj\u0105cej ksi\u0119\u017cnej Walii&#8221;, &#8222;Kate wygl\u0105da niemal eterycznie&#8221;, &#8222;jako dziecko w\u0142a\u015bnie tak wyobra\u017ca\u0142am sobie ksi\u0119\u017cniczk\u0119&#8221; \u2014 pisz\u0105 w mediach spo\u0142eczno\u015bciowych.<\/p>\n<p class=\"Paragraph_desktopParagraph__U31Gm\">Fani zauwa\u017cyli r\u00f3wnie\u017c, \u017ce ksi\u0119\u017cnej uda\u0142o si\u0119 utrzyma\u0107 tiar\u0119 perfekcyjnie osadzon\u0105 na g\u0142owie. Uwa\u017cni obserwatorzy dostrzegli, \u017ce kr\u00f3lewski stylista owin\u0105\u0142 pasma jej w\u0142os\u00f3w wok\u00f3\u0142 tylnej cz\u0119\u015bci opaski, by dodatkowo j\u0105 ustabilizowa\u0107. Na fotografiach z bankietu wida\u0107 wyra\u017anie, \u017ce fryzura Kate subtelnie oplata\u0142a tiar\u0119, tworz\u0105c niewielki kucyk, a ko\u0144c\u00f3wki w\u0142os\u00f3w zosta\u0142y u\u0142o\u017cone w delikatne, idealnie spr\u0119\u017cyste fale.<\/p>\n<p><img decoding=\"async\" class=\"Image_image__0tuHp Image_autoHeight__f2n87 \" height=\"587\" width=\"879\" src=\"https:\/\/www.europesays.com\/pl\/wp-content\/uploads\/2025\/12\/ayOk9kpTURBXy9lNjc3ZjIyYzhjZTc5NDlmYzNkNWU3ZjQxNDE3NjM5ZS5qcGeSlQLNA6wAwsOVAgDNAkvCw94AA6EwAaExAaEzw.jpeg\" alt=\"Ksi\u0119\u017cna Walii podczas uroczystego bankietu z okazji wizyty prezydenta Niemiec\" loading=\"lazy\" \/>Aaron Chown &#8211; Pool\/Getty Images \/ Getty Images<\/p>\n<p>Ksi\u0119\u017cna Walii podczas uroczystego bankietu z okazji wizyty prezydenta Niemiec<\/p>\n<p class=\"Paragraph_desktopParagraph__U31Gm\">Orientalna tiara, kt\u00f3r\u0105 zaprezentowa\u0142a ksi\u0119\u017cna Kate, nale\u017cy do najcenniejszych element\u00f3w kr\u00f3lewskiej kolekcji bi\u017cuterii. Powsta\u0142a w 1853 r. z inicjatywy ksi\u0119cia Alberta jako prezent dla kr\u00f3lowej Wiktorii, a jej wykonanie powierzono jubilerom z firmy Garrard. W pierwotnej wersji zdobi\u0142y j\u0105 opale oraz oko\u0142o 2,6 tys. diament\u00f3w. W 1902 r. kr\u00f3lowa Aleksandra, przekonana, \u017ce opale przynosz\u0105 pecha, zast\u0105pi\u0142a je jednak birma\u0144skimi rubinami. Przy tej okazji zmniejszono r\u00f3wnie\u017c liczb\u0119 \u0142uk\u00f3w z 17 do 11, dzi\u0119ki czemu tiara zyska\u0142a l\u017cejszy i bardziej delikatny kszta\u0142t.<\/p>\n<p class=\"Paragraph_desktopParagraph__U31Gm\">Przez lata tiara by\u0142a rzadko widywana publicznie. A\u017c do 1936 r., kiedy trafi\u0142a do Kr\u00f3lowej Matki. Po \u015bmierci kr\u00f3la Jerzego VI w 1952 r. tiara formalnie powinna przej\u015b\u0107 na w\u0142asno\u015b\u0107 kr\u00f3lowej El\u017cbiety II, lecz ta pozwoli\u0142a matce zatrzyma\u0107 j\u0105 na dalsze lata, wiedz\u0105c, jak bardzo by\u0142a jej bliska. Po odej\u015bciu Kr\u00f3lowej Matki w 2002 r. klejnot powr\u00f3ci\u0142 do El\u017cbiety II. Monarchini za\u0142o\u017cy\u0142a go tylko jeden jedyny raz \u2014 podczas wizyty na Malcie w 2005 r.<\/p>\n<p><img decoding=\"async\" class=\"Image_image__0tuHp Image_autoHeight__f2n87 \" height=\"587\" width=\"391\" src=\"https:\/\/www.europesays.com\/pl\/wp-content\/uploads\/2025\/12\/Bnhk9kpTURBXy80MTU2NmM5MWI3NTc3MDBlMzcxMGI4NDE3Nzk1MmUwYi5qcGeSlQLNA6wAwsOVAgDNAkvCw94AA6EwAaExAaEzw.jpeg\" alt=\"Ksi\u0105\u017c\u0119 i ksi\u0119\u017cna Walii podczas uroczystego bankietu z okazji wizyty prezydenta Niemiec\" loading=\"lazy\" \/>Aaron Chown \/ PAP<\/p>\n<p>Ksi\u0105\u017c\u0119 i ksi\u0119\u017cna Walii podczas uroczystego bankietu z okazji wizyty prezydenta Niemiec<\/p>\n<p class=\"Paragraph_desktopParagraph__U31Gm\">Dzi\u0119kujemy, \u017ce przeczyta\u0142a\u015b\/e\u015b nasz artyku\u0142 do ko\u0144ca. W serwisie Plejada.pl ka\u017cdego dnia piszemy o najwa\u017cniejszych wydarzeniach show-biznesowych. <\/p>\n<p class=\"Paragraph_desktopParagraph__U31Gm\">B\u0105d\u017a na bie\u017c\u0105co! <a rel=\"nofollow noopener\" href=\"https:\/\/news.google.com\/publications\/CAAiEF0PeAlb7W1llpV_mwV2rL4qFAgKIhBdD3gJW-1tZZaVf5sFdqy-?hl=pl&amp;gl=PL&amp;ceid=PL%3Apl\" id=\"38945fbe-1020-4be5-8c30-034b9534f72c\" target=\"_blank\">Obserwuj<\/a> Plejad\u0119 w Wiadomo\u015bciach Google. Odwied\u017a nas tak\u017ce na <a rel=\"nofollow noopener\" href=\"https:\/\/www.facebook.com\/plejadapl\" id=\"af22d465-59dd-41cc-bd9e-7fdafdbfe9e7\" target=\"_blank\">Facebooku<\/a>, <a rel=\"nofollow noopener\" href=\"https:\/\/www.instagram.com\/plejadapl\/\" id=\"819a7d91-d93c-404b-94dc-e79e00463db3\" target=\"_blank\">Instagramie<\/a>, <a rel=\"nofollow noopener\" href=\"https:\/\/www.youtube.com\/c\/plejada\" id=\"aaa2af0a-ff92-45e8-940d-1c48635d4bc6\" target=\"_blank\">YouTubie<\/a> oraz <a rel=\"nofollow noopener\" href=\"https:\/\/www.tiktok.com\/@plejada_pl\" id=\"9a9a7e76-14fa-48e9-a66b-5af2b2ae8c35\" target=\"_blank\">TikToku<\/a>.<\/p>\n<p class=\"Paragraph_desktopParagraph__U31Gm\">Chcesz podzieli\u0107 si\u0119 ciekawym newsem lub zaproponowa\u0107 temat? Skontaktuj si\u0119 z nami, pisz\u0105c maila na adres: <a href=\"https:\/\/www.onet.pl\/styl-zycia\/plejada\/odkryli-co-ksiezna-kate-ukryla-we-wlosach-sekret-tiary-ujawniony\/mailto:plejada@redakcjaonet.pl\" id=\"7afb71c1-0d4b-4551-9e1f-f771136582aa\" rel=\"nofollow noopener\" target=\"_blank\">plejada@redakcjaonet.pl<\/a>.<\/p>\n<p><script async src=\"\/\/www.instagram.com\/embed.js\"><\/script><script async src=\"\/\/www.tiktok.com\/embed.js\"><\/script><\/p>\n","protected":false},"excerpt":{"rendered":"Od 3 do 5 grudnia na Zamku Windsor kr\u00f3l Karol III wraz z kr\u00f3low\u0105 Kamil\u0105 przyjmuj\u0105 prezydenta Niemiec&hellip;\n","protected":false},"author":2,"featured_media":133509,"comment_status":"","ping_status":"","sticky":false,"template":"","format":"standard","meta":{"footnotes":""},"categories":[22],"tags":[122,67,483,53,52,68,51,55,42,38,40,39,41,459,123,47,196,65,50],"class_list":{"0":"post-133508","1":"post","2":"type-post","3":"status-publish","4":"format-standard","5":"has-post-thumbnail","7":"category-rozrywka","8":"tag-entertainment","9":"tag-intextvideo_splayer","10":"tag-kate_kate_middleton_ksiezna_walii","11":"tag-new_header","12":"tag-onet3","13":"tag-onet3d","14":"tag-onet3d_2i","15":"tag-phx","16":"tag-pl","17":"tag-poland","18":"tag-polish","19":"tag-polska","20":"tag-polski","21":"tag-rodziny_krolewskie_rody_royalsi","22":"tag-rozrywka","23":"tag-screening_general","24":"tag-styl_zycia","25":"tag-update_me","26":"tag-v2021"},"share_on_mastodon":{"url":"https:\/\/pubeurope.com\/@pl\/115664121221420520","error":""},"_links":{"self":[{"href":"https:\/\/www.europesays.com\/pl\/wp-json\/wp\/v2\/posts\/133508","targetHints":{"allow":["GET"]}}],"collection":[{"href":"https:\/\/www.europesays.com\/pl\/wp-json\/wp\/v2\/posts"}],"about":[{"href":"https:\/\/www.europesays.com\/pl\/wp-json\/wp\/v2\/types\/post"}],"author":[{"embeddable":true,"href":"https:\/\/www.europesays.com\/pl\/wp-json\/wp\/v2\/users\/2"}],"replies":[{"embeddable":true,"href":"https:\/\/www.europesays.com\/pl\/wp-json\/wp\/v2\/comments?post=133508"}],"version-history":[{"count":0,"href":"https:\/\/www.europesays.com\/pl\/wp-json\/wp\/v2\/posts\/133508\/revisions"}],"wp:featuredmedia":[{"embeddable":true,"href":"https:\/\/www.europesays.com\/pl\/wp-json\/wp\/v2\/media\/133509"}],"wp:attachment":[{"href":"https:\/\/www.europesays.com\/pl\/wp-json\/wp\/v2\/media?parent=133508"}],"wp:term":[{"taxonomy":"category","embeddable":true,"href":"https:\/\/www.europesays.com\/pl\/wp-json\/wp\/v2\/categories?post=133508"},{"taxonomy":"post_tag","embeddable":true,"href":"https:\/\/www.europesays.com\/pl\/wp-json\/wp\/v2\/tags?post=133508"}],"curies":[{"name":"wp","href":"https:\/\/api.w.org\/{rel}","templated":true}]}}