{"id":133562,"date":"2025-12-05T01:28:13","date_gmt":"2025-12-05T01:28:13","guid":{"rendered":"https:\/\/www.europesays.com\/pl\/133562\/"},"modified":"2025-12-05T01:28:13","modified_gmt":"2025-12-05T01:28:13","slug":"trzecioligowiec-szokuje-w-pucharze-polski-trener-wyjasnil-dlaczego","status":"publish","type":"post","link":"https:\/\/www.europesays.com\/pl\/133562\/","title":{"rendered":"Trzecioligowiec szokuje w Pucharze Polski. Trener wyja\u015bni\u0142, dlaczego"},"content":{"rendered":"<p>Avia \u015awidnik nieoczekiwanie pokona\u0142a Poloni\u0119 Bytom 4:2 i\u00a0awansowa\u0142a do\u00a0\u0107wier\u0107fina\u0142u Pucharu Polski. Wielki sukces trzecioligowca z\u00a0dum\u0105 skomentowa\u0142 jego szkoleniowiec \u2013 28-letni Wojciech Szaco\u0144. Trener opowiedzia\u0142 o\u00a0taktycznych \u017ar\u00f3d\u0142ach sukcesu swoich podopiecznych.\u00a0<\/p>\n<p>\u2013 Ten mecz cieszy mnie podw\u00f3jnie. Zrobili\u015bmy co\u015b historycznego dla klubu, ale\u00a0wygrali\u015bmy te\u017c to\u00a0spotkanie na\u00a0naszych zasadach. M\u00f3wi\u0142em, \u017ce\u00a0nie\u00a0b\u0119dziemy chcieli tylko\u00a0sta\u0107 i\u00a0si\u0119 broni\u0107, ale\u00a0gra\u0107 wysokim pressingiem i\u00a0budowa\u0107 pod\u00a0presj\u0105. Uwa\u017cam, \u017ce\u00a0nie\u00a0sk\u0142ami\u0119, jak powiem, \u017ce\u00a0tak\u00a0by\u0142o. Momentami tracili\u015bmy posiadanie i\u00a0przeciwnik mia\u0142 swoje sytuacje, ale\u00a0finalnie, to\u00a0nam si\u0119 op\u0142aci\u0142o \u2013 oceni\u0142 trener, cytowany przez\u00a0\u201eDziennik Wschodni\u201d.<\/p>\n<p>Trzecioligowiec w\u00a0\u0107wier\u0107finale Pucharu Polski. \u201eWygrali\u015bmy na\u00a0naszych zasadach\u201d<\/p>\n<p>\u2013 Wielokrotnie mijali\u015bmy pressing czy\u00a0przez\u00a0obni\u017cenie wahad\u0142a, czy\u00a0przez\u00a0\u015brodek. Trzeba zaznaczy\u0107, \u017ce\u00a0grali\u015bmy z\u00a0dru\u017cyn\u0105, kt\u00f3ra\u00a0jest bardzo dobrze zorganizowana w\u00a0obronie. Dlatego bardzo cieszy mnie spos\u00f3b, w\u00a0jaki wygrali\u015bmy. Chcia\u0142bym te\u017c doceni\u0107 zawodnik\u00f3w za\u00a0ich konsekwencj\u0119. Rok temu mecz [z Poloni\u0105] zacz\u0105\u0142 si\u0119 dla nas jeszcze gorzej, bo\u00a0szybko przegrywali\u015bmy 0:2. Tym razem nie\u00a0by\u0142o inaczej. Ta\u00a0dru\u017cyna jest bogatsza o\u00a0pewne do\u015bwiadczenie \u2013 wie na\u00a0co\u00a0j\u0105\u00a0sta\u0107 i\u00a0to\u00a0nas nie\u00a0pod\u0142ama\u0142o. Po\u00a0straconej bramce zacz\u0119li\u015bmy gra\u0107 jeszcze lepiej. Czu\u0107 by\u0142o tak\u0105 energi\u0119 i\u00a0dobr\u0105 aur\u0119. Przy 3:2 by\u0142em spokojny, bo\u00a0widzia\u0142em po\u00a0zawodnikach dobr\u0105 energi\u0119. Wiedzia\u0142em, \u017ce\u00a0nie\u00a0wypu\u015bcimy tej\u00a0wygranej. S\u0142owa uznania dla zawodnik\u00f3w \u2013 doda\u0142 Szaco\u0144.<\/p>\n<blockquote class=\"twitter-tweet\">\n<p dir=\"ltr\" lang=\"pl\">Panie Ma\u0142ecki, no\u00a0co\u00a0tu\u00a0du\u017co m\u00f3wi\u0107, k\u0142aniam si\u0119 nisko <a href=\"https:\/\/t.co\/RJ6J8U7Lim\" target=\"_blank\" rel=\"noopener noreferrer nofollow\">pic.twitter.com\/RJ6J8U7Lim<\/a><\/p>\n<p>\u2014\u00a0Karol Ostasz (@nearek) <a href=\"https:\/\/twitter.com\/nearek\/status\/1996201903575974132?ref_src=twsrc%5Etfw\" target=\"_blank\" rel=\"noopener noreferrer nofollow\">December 3, 2025<\/a><\/p>\n<\/blockquote>\n<p>\u2013 My\u00a0te\u017c mamy w\u00a0sk\u0142adzie pi\u0142karzy, kt\u00f3rzy\u00a0grali w\u00a0wy\u017cszych ligach, czy\u00a0nawet za\u00a0granic\u0105. Wygrali\u015bmy z\u00a0przeciwnikiem, kt\u00f3ry\u00a0bije si\u0119 o\u00a0Ekstraklas\u0119, ogromne podzi\u0119kowania dla ch\u0142opak\u00f3w, bo\u00a0znowu pokazali, \u017ce\u00a0ten zesp\u00f3\u0142 ma\u00a0limity bardzo wysoko. Ciesz\u0119 si\u0119, \u017ce\u00a0w\u00a0\u015awidniku by\u0142o takie \u015bwi\u0119to \u2013 spuentowa\u0142 28-latek.<\/p>\n<p>Avia \u015awidnik drugi raz z\u00a0rz\u0119du wyrzuci\u0142a Poloni\u0119 Bytom z\u00a0Pucharu Polski, ale\u00a0w\u00a0poprzednim sezonie jej przygoda w\u00a0tych rozgrywkach zako\u0144czy\u0142a si\u0119 ju\u017c na\u00a0etapie 1\/16 fina\u0142u. Teraz \u015bwidniczanie przedarli si\u0119 do\u00a0\u0107wier\u0107fina\u0142u, a\u00a0jednocze\u015bnie \u015bwietnie sobie radz\u0105 w\u00a0ligowych zmaganiach. W\u00a0tej\u00a0chwili Avia zajmuje pierwsz\u0105 lokat\u0119 w\u00a03. lidze (gr. IV) z\u00a0jednym punktem przewagi nad\u00a0KSZO Ostrowiec \u015awi\u0119tokrzyski i\u00a0dwoma nad\u00a0Che\u0142miank\u0105 Che\u0142m.<\/p>\n<p>CZYTAJ WI\u0118CEJ NA\u00a0WESZ\u0141O:<\/p>\n<p>fot.\u00a0NewsPix.pl<\/p>\n<p>                    <script async src=\"https:\/\/platform.twitter.com\/widgets.js\" charset=\"utf-8\"><\/script><\/p>\n","protected":false},"excerpt":{"rendered":"Avia \u015awidnik nieoczekiwanie pokona\u0142a Poloni\u0119 Bytom 4:2 i\u00a0awansowa\u0142a do\u00a0\u0107wier\u0107fina\u0142u Pucharu Polski. Wielki sukces trzecioligowca z\u00a0dum\u0105 skomentowa\u0142 jego szkoleniowiec&hellip;\n","protected":false},"author":2,"featured_media":133563,"comment_status":"","ping_status":"","sticky":false,"template":"","format":"standard","meta":{"footnotes":""},"categories":[24],"tags":[17882,42,38,40,39,41,127,126,27775],"class_list":{"0":"post-133562","1":"post","2":"type-post","3":"status-publish","4":"format-standard","5":"has-post-thumbnail","7":"category-sport","8":"tag-avia-swidnik","9":"tag-pl","10":"tag-poland","11":"tag-polish","12":"tag-polska","13":"tag-polski","14":"tag-sport","15":"tag-sports","16":"tag-wojciech-szacon"},"share_on_mastodon":{"url":"https:\/\/pubeurope.com\/@pl\/115664368650323427","error":""},"_links":{"self":[{"href":"https:\/\/www.europesays.com\/pl\/wp-json\/wp\/v2\/posts\/133562","targetHints":{"allow":["GET"]}}],"collection":[{"href":"https:\/\/www.europesays.com\/pl\/wp-json\/wp\/v2\/posts"}],"about":[{"href":"https:\/\/www.europesays.com\/pl\/wp-json\/wp\/v2\/types\/post"}],"author":[{"embeddable":true,"href":"https:\/\/www.europesays.com\/pl\/wp-json\/wp\/v2\/users\/2"}],"replies":[{"embeddable":true,"href":"https:\/\/www.europesays.com\/pl\/wp-json\/wp\/v2\/comments?post=133562"}],"version-history":[{"count":0,"href":"https:\/\/www.europesays.com\/pl\/wp-json\/wp\/v2\/posts\/133562\/revisions"}],"wp:featuredmedia":[{"embeddable":true,"href":"https:\/\/www.europesays.com\/pl\/wp-json\/wp\/v2\/media\/133563"}],"wp:attachment":[{"href":"https:\/\/www.europesays.com\/pl\/wp-json\/wp\/v2\/media?parent=133562"}],"wp:term":[{"taxonomy":"category","embeddable":true,"href":"https:\/\/www.europesays.com\/pl\/wp-json\/wp\/v2\/categories?post=133562"},{"taxonomy":"post_tag","embeddable":true,"href":"https:\/\/www.europesays.com\/pl\/wp-json\/wp\/v2\/tags?post=133562"}],"curies":[{"name":"wp","href":"https:\/\/api.w.org\/{rel}","templated":true}]}}