{"id":133621,"date":"2025-12-05T03:45:21","date_gmt":"2025-12-05T03:45:21","guid":{"rendered":"https:\/\/www.europesays.com\/pl\/133621\/"},"modified":"2025-12-05T03:45:21","modified_gmt":"2025-12-05T03:45:21","slug":"leon-xiv-o-kosciele-slabym-ostroznym-uciekajacym-od-wielkosci","status":"publish","type":"post","link":"https:\/\/www.europesays.com\/pl\/133621\/","title":{"rendered":"Leon XIV o Ko\u015bciele s\u0142abym, ostro\u017cnym, uciekaj\u0105cym od wielko\u015bci"},"content":{"rendered":"<p>Leon XIV wr\u00f3ci\u0142 z podr\u00f3\u017cy do Turcji i Libanu. Ta pierwsza pielgrzymka przynios\u0142a kilka wa\u017cnych wypowiedzi, istotny dokument, ale przede wszystkim pokaza\u0142a, \u017ce cho\u0107 papie\u017c idzie \u015bladami swojego poprzednika, to prezentuje ca\u0142kowicie odmienny styl. A to oznacza, \u017ce inne b\u0119d\u0105 te\u017c skutki tego pontyfikatu &#8211; pisze dla TVN24+ filozof i publicysta Tomasz P. Terlikowski.<a class=\"sc-aXZVgy sc-gEvEery ldavXXy dUmtgUy sc-eubriuy sc-fxLEgVy hwKHvNy kHFqqdy sc-1bzp6oq-2 hMJJXmy SubscriptionBar TextBox\" part=\"SubscriptionBar TextBox\" title=\"Artyku\u0142 dost\u0119pny w subskrypcji\" href=\"https:\/\/kup.tvn24.pl\/oferta\/rekomendowane\" data-google-interstitial=\"false\" data-store-anchor=\"PrzyciskArtykulBelkaSubskrypcyjna\" rel=\"nofollow noopener\" target=\"_blank\">Artyku\u0142 dost\u0119pny w subskrypcji<\/a><\/p>\n<p class=\"sc-aXZVgy sc-gEvEery ldavXXy dUmtgUy sc-gHCuMny sc-dkkA-Dcy chcjuDy iqYeLUy Paragraph TextBox\" part=\"Paragraph TextBox\" data-paragraph=\"\">O tej pielgrzymce marzy\u0142 i planowa\u0142 j\u0105 d\u0142ugo Franciszek, a Leon XIV &#8211; w pewnym sensie &#8211; ruszy\u0142 w ni\u0105 jego \u015bladami. To dlatego warto ten tekst, kt\u00f3ry ma by\u0107 podsumowaniem pierwszej pielgrzymki nowego pontyfikatu, zacz\u0105\u0107 od pr\u00f3by wyobra\u017cenia sobie, jak mog\u0142aby ona wygl\u0105da\u0107, gdyby sta\u0142a si\u0119 ostatni\u0105 pielgrzymk\u0105 poprzedniego papie\u017ca.<\/p>\n<p class=\"sc-aXZVgy sc-gEvEery ldavXXy dUmtgUy sc-gHCuMny sc-dkkA-Dcy chcjuDy iqYeLUy Paragraph TextBox\" part=\"Paragraph TextBox\" data-paragraph=\"\">I bez ryzyka wi\u0119kszego b\u0142\u0119du mo\u017cna powiedzie\u0107, \u017ce by\u0142aby radykalnie odmienna. Od paru dni w mediach dyskutowaliby\u015bmy z ca\u0142\u0105 pewno\u015bci\u0105 na temat kilku zda\u0144 papieskich z pok\u0142adu samolotu. Franciszek zapewne skomentowa\u0142by sytuacj\u0119 w <a href=\"https:\/\/tvn24.pl\/tagi\/ukraina\" target=\"_self\" data-salt=\"1\" class=\"ds-link\" rel=\"nofollow noopener\">Ukrainie<\/a>, by\u0107 mo\u017ce odni\u00f3s\u0142by si\u0119 do antymigracyjnej polityki Donalda Trumpa, a tak\u017ce pot\u0119pi\u0142 antyislamskie wypowiedzi cz\u0119\u015bci zachodnich polityk\u00f3w &#8211; z ca\u0142\u0105 pewno\u015bci\u0105 co\u015b by si\u0119 dzia\u0142o.<\/p>\n<p class=\"sc-aXZVgy sc-gEvEery ldavXXy dUmtgUy sc-gHCuMny sc-dkkA-Dcy chcjuDy iqYeLUy Paragraph TextBox\" part=\"Paragraph TextBox\" data-paragraph=\"\">Wizyta w Turcji, zapewne, pe\u0142na by\u0142aby te\u017c symbolicznych gest\u00f3w, a tak\u017ce dotyka\u0142aby kwestii dialogu mi\u0119dzyreligijnego i budowania most\u00f3w mi\u0119dzy religiami. <a href=\"https:\/\/tvn24.pl\/tagi\/liban\" target=\"_self\" data-salt=\"1\" class=\"ds-link\" rel=\"nofollow noopener\">Liban<\/a> za\u015b, to te\u017c mo\u017cna przewidzie\u0107, sta\u0142by si\u0119 miejscem, w kt\u00f3rym papie\u017c m\u00f3wi\u0142by o migracji i spotyka\u0142 si\u0119 z migrantami. Wszystko to za\u015b sta\u0142oby si\u0119 kolejnym tematem do nieko\u0144cz\u0105cych si\u0119 polemik i k\u0142\u00f3tni.<\/p>\n<p>Inny pontyfikat, inna pielgrzymka<\/p>\n<p class=\"sc-aXZVgy sc-gEvEery ldavXXy dUmtgUy sc-gHCuMny sc-dkkA-Dcy chcjuDy iqYeLUy Paragraph TextBox\" part=\"Paragraph TextBox\" data-paragraph=\"\">Ale tak si\u0119 nie sta\u0142o, bo do Turcji i Libanu pojecha\u0142 Leon XIV, a ten &#8211; cho\u0107 poruszy\u0142 wszystkie bliskie Franciszkowi tematy &#8211; ma zupe\u0142nie inny styl. Konferencje prasowe w samolocie by\u0142y wi\u0119c bardzo kr\u00f3tkie i zabrak\u0142o w nich zaskakuj\u0105cych czy prowokacyjnych odpowiedzi. Obecny papie\u017c nie jest te\u017c cz\u0142owiekiem performance&#8217;u (jakim by\u0142 Franciszek), nie by\u0142o wi\u0119c w czasie tej wizyty \u017cadnych gest\u00f3w, kt\u00f3re mog\u0142yby by\u0107 z pasj\u0105 dyskutowane czy interpretowane. Je\u015bli za\u015b chodzi o wypowiedzi, to by\u0142y one tak precyzyjne i dobrze okre\u015blone, pozbawione retorycznej odwagi Franciszka, \u017ce cho\u0107 s\u0105 naprawd\u0119 wa\u017cne, to brak im prowokacyjnego tonu, kt\u00f3ry sprawia\u0142, \u017ce s\u0142owa papie\u017ca Bergoglio si\u0119 cytowa\u0142o.<\/p>\n<p><img decoding=\"async\" src=\"https:\/\/www.europesays.com\/pl\/wp-content\/uploads\/2025\/12\/1764906321_816_WEBP_FREE_320.webp\"   alt=\"Papie\u017c Leon XIV w samolocie z Rzymu do Ankary, 27 listopada 2025\" loading=\"lazy\" class=\"sc-eqUAAyy sc-fqkvVRy rseJJy gAuUMIy Picture Picture--free\" part=\"Picture Picture--free\"\/><\/p>\n<p>Papie\u017c Leon XIV w samolocie z Rzymu do Ankary, 27 listopada 2025<\/p>\n<p>\u0179r\u00f3d\u0142o: Sylwia Wysocka\/PAP<\/p>\n<p class=\"sc-aXZVgy sc-gEvEery ldavXXy dUmtgUy sc-gHCuMny sc-dkkA-Dcy chcjuDy iqYeLUy Paragraph TextBox\" part=\"Paragraph TextBox\" data-paragraph=\"\">Oczywi\u015bcie z perspektywy <a href=\"https:\/\/tvn24.pl\/tagi\/watykan\" target=\"_self\" data-salt=\"1\" class=\"ds-link\" rel=\"nofollow noopener\">Watykanu<\/a> i globalnego Ko\u015bcio\u0142a &#8211; w tym kardyna\u0142\u00f3w, kt\u00f3rzy nowego papie\u017ca wybrali &#8211; to wcale nie jest wada. Wszystkie docieraj\u0105ce do dziennikarzy przecieki na temat przebiegu konklawe jednoznacznie \u015bwiadcz\u0105 o tym, \u017ce takiego w\u0142a\u015bnie &#8211; ostro\u017cnego, wa\u017c\u0105cego s\u0142owa i uciekaj\u0105cego od poetyki skandalu &#8211; papie\u017ca chcieli kardyna\u0142owie elektorzy.<\/p>\n<p class=\"sc-aXZVgy sc-gEvEery ldavXXy dUmtgUy sc-gHCuMny sc-dkkA-Dcy chcjuDy iqYeLUy Paragraph TextBox\" part=\"Paragraph TextBox\" data-paragraph=\"\">Kardyna\u0142 Robert Prevost mia\u0142 z jednej strony zapewni\u0107, \u017ce zasadniczy kierunek, w jakim Franciszek prowadzi\u0142 Ko\u015bci\u00f3\u0142, si\u0119 nie zmieni (cho\u0107 zdecydowanie zmniejszy si\u0119 tempo, w jakim w owym kierunku katolicyzm by\u0142 prowadzony), a z drugiej &#8211; mia\u0142 gwarantowa\u0107, \u017ce b\u0119dzie zdecydowanie spokojniej, \u017ce Kuria Rzymska, a tak\u017ce katolicy nie b\u0119d\u0105 \u017cyli od jednej do drugiej zaskakuj\u0105cej wypowiedzi, gestu czy skandalu medialnego. Mia\u0142o by\u0107 spokojniej i jest spokojniej, bo &#8211; pos\u0142uguj\u0105c si\u0119 j\u0119zykiem obrazowym &#8211; papie\u017ca z medialn\u0105 nadpobudliwo\u015bci\u0105 zast\u0105pi\u0142 papie\u017c flegmatyk. <\/p>\n","protected":false},"excerpt":{"rendered":"Leon XIV wr\u00f3ci\u0142 z podr\u00f3\u017cy do Turcji i Libanu. Ta pierwsza pielgrzymka przynios\u0142a kilka wa\u017cnych wypowiedzi, istotny dokument,&hellip;\n","protected":false},"author":2,"featured_media":133622,"comment_status":"","ping_status":"","sticky":false,"template":"","format":"standard","meta":{"footnotes":""},"categories":[14],"tags":[27817,27790,1433,7009,1414,27797,7087,27793,1477,6448,27809,27812,6406,27806,27815,27810,27794,27791,27814,16182,27798,6350,27816,4127,2942,6374,17596,25974,27801,27789,27803,27800,19048,19040,19021,27813,27804,9588,6394,6415,27799,27811,1494,17888,27795,6373,27808,27818,1403,1375,9578,4968,15474,6405,27802,16666,14696,6431,20817,6425,27807,14649,1483,7018,27819,14703,27792,9570,5405,9648,27796,27805,32,33,27,34,35,1441,1369,28,31,25,40,41,80,29,30,26,82,83,84],"class_list":{"0":"post-133621","1":"post","2":"type-post","3":"status-publish","4":"format-standard","5":"has-post-thumbnail","7":"category-swiat","8":"tag-keywordbudowac","9":"tag-keywordchrzescijanin","10":"tag-keywordczas","11":"tag-keywordczesc","12":"tag-keywordczlowiek","13":"tag-keyworddialog","14":"tag-keyworddroga","15":"tag-keyworddusz","16":"tag-keyworddziecko","17":"tag-keyworddzien","18":"tag-keywordgest","19":"tag-keywordgesta","20":"tag-keywordhistoria","21":"tag-keywordislam","22":"tag-keywordistniec","23":"tag-keywordjezyk","24":"tag-keywordkardynal","25":"tag-keywordkierunek","26":"tag-keywordkoniecznosc","27":"tag-keywordkosciol","28":"tag-keywordkrolestwo","29":"tag-keywordkwestia","30":"tag-keywordmalosc","31":"tag-keywordmedia","32":"tag-keywordmiejsce","33":"tag-keywordmigrant","34":"tag-keywordmost","35":"tag-keywordnadzieja","36":"tag-keywordniesprawiedliwosc","37":"tag-keywordobraz","38":"tag-keywordostroznosc","39":"tag-keywordpamiec","40":"tag-keywordpapiez","41":"tag-keywordperspektywa","42":"tag-keywordpewnosc","43":"tag-keywordpielgrzymka","44":"tag-keywordpojednanie","45":"tag-keywordpokoj","46":"tag-keywordpolityk","47":"tag-keywordpolityka","48":"tag-keywordpontyfikat","49":"tag-keywordpotega","50":"tag-keywordprawda","51":"tag-keywordproces","52":"tag-keywordprzemiana","53":"tag-keywordprzemoc","54":"tag-keywordrana","55":"tag-keywordreligia","56":"tag-keywordrodzina","57":"tag-keywordrok","58":"tag-keywordrzecz","59":"tag-keywordsamolot","60":"tag-keywordserce","61":"tag-keywordsila","62":"tag-keywordskandal","63":"tag-keywordskutek","64":"tag-keywordslad","65":"tag-keywordslowo","66":"tag-keywordspoleczenstwo","67":"tag-keywordstrona","68":"tag-keywordstyl","69":"tag-keywordszacunek","70":"tag-keywordtemat","71":"tag-keyworduwaga","72":"tag-keyworduznac","73":"tag-keywordwiara","74":"tag-keywordwielkosc","75":"tag-keywordwizyta","76":"tag-keywordwojna","77":"tag-keywordwypowiedz","78":"tag-keywordwyznawca","79":"tag-keywordzakorzeniec","80":"tag-breaking-news","81":"tag-breakingnews","82":"tag-headlines","83":"tag-latest-news","84":"tag-latestnews","85":"tag-mainfalse","86":"tag-maintrue","87":"tag-naglowki","88":"tag-najwazniejsze-artykuly","89":"tag-news","90":"tag-polish","91":"tag-polski","92":"tag-swiat","93":"tag-top-stories","94":"tag-topstories","95":"tag-wiadomosci","96":"tag-world","97":"tag-world-news","98":"tag-worldnews"},"share_on_mastodon":{"url":"","error":"Validation failed: Text character limit of 500 exceeded"},"_links":{"self":[{"href":"https:\/\/www.europesays.com\/pl\/wp-json\/wp\/v2\/posts\/133621","targetHints":{"allow":["GET"]}}],"collection":[{"href":"https:\/\/www.europesays.com\/pl\/wp-json\/wp\/v2\/posts"}],"about":[{"href":"https:\/\/www.europesays.com\/pl\/wp-json\/wp\/v2\/types\/post"}],"author":[{"embeddable":true,"href":"https:\/\/www.europesays.com\/pl\/wp-json\/wp\/v2\/users\/2"}],"replies":[{"embeddable":true,"href":"https:\/\/www.europesays.com\/pl\/wp-json\/wp\/v2\/comments?post=133621"}],"version-history":[{"count":0,"href":"https:\/\/www.europesays.com\/pl\/wp-json\/wp\/v2\/posts\/133621\/revisions"}],"wp:featuredmedia":[{"embeddable":true,"href":"https:\/\/www.europesays.com\/pl\/wp-json\/wp\/v2\/media\/133622"}],"wp:attachment":[{"href":"https:\/\/www.europesays.com\/pl\/wp-json\/wp\/v2\/media?parent=133621"}],"wp:term":[{"taxonomy":"category","embeddable":true,"href":"https:\/\/www.europesays.com\/pl\/wp-json\/wp\/v2\/categories?post=133621"},{"taxonomy":"post_tag","embeddable":true,"href":"https:\/\/www.europesays.com\/pl\/wp-json\/wp\/v2\/tags?post=133621"}],"curies":[{"name":"wp","href":"https:\/\/api.w.org\/{rel}","templated":true}]}}