{"id":133625,"date":"2025-12-05T04:37:16","date_gmt":"2025-12-05T04:37:16","guid":{"rendered":"https:\/\/www.europesays.com\/pl\/133625\/"},"modified":"2025-12-05T04:37:16","modified_gmt":"2025-12-05T04:37:16","slug":"plusliga-o-ktorej-mecz-zaksa-kedzierzyn-kozle-slepsk-malow-suwalki-transmisja-na-zywo-przeglad-sportowy-onet","status":"publish","type":"post","link":"https:\/\/www.europesays.com\/pl\/133625\/","title":{"rendered":"PlusLiga. O kt\u00f3rej mecz ZAKSA K\u0119dzierzyn-Ko\u017ale \u2014 \u015alepsk Malow Suwa\u0142ki? Transmisja na \u017cywo &#8211; Przegl\u0105d Sportowy Onet"},"content":{"rendered":"<ol>\n<li><a href=\"https:\/\/news.google.com\/rss\/articles\/CBMi2gFBVV95cUxQWkZaeW9GQ1dlalJDSHlZR3h0Ti05VmpWQjJXdFNLNkpmTmFsYzFldnp5WE9jQ1l3d0tuWDN1cF82Y3Q4bXp4YlpibGthaUV5NDc5LUdFbUFpelhpUU5LZjRZQWJ6b0kwdjNCQXRYTGVNc1dSWHhRQTh4bGh6RWpGSXRkU3BucWFZdnBNSFVKeTYwMU5BQnpjNVl4Nm4yb1REdGFHdEZ3elVGOWpuazhMMFdnUTBzcU1tdDhwUkVVUTdyZ1UzbkJZempLMlZvRUtkTk01VFFtXzhLdw?oc=5\" target=\"_blank\" rel=\"nofollow noopener\">PlusLiga. O kt\u00f3rej mecz ZAKSA K\u0119dzierzyn-Ko\u017ale \u2014 \u015alepsk Malow Suwa\u0142ki? Transmisja na \u017cywo<\/a>&nbsp;&nbsp;Przegl\u0105d Sportowy Onet<\/li>\n<li><a href=\"https:\/\/news.google.com\/rss\/articles\/CBMivAFBVV95cUxPMUJhQUJFQlJ6d2FkU1lsYTJWbFdkeDN1bzRoZ2llQldoLWNxS01kM3RMeHFXc2xhLVV1NEtHRHdaMThDa29PV3BCVzJ4RmVTc1dla1Q5THpfb2ZnMWhPUnpYZ05sNUxXSUpLOVpfQno1TXpxMXNsUUJMeFBfWS1vQkNuRmtYMWlQbmE0RHp2ZlltSHlBZUx5TUFWREt6V3k4cllwaHFsUDBESC1wM0psY2owQldmNkFPcDU1LQ?oc=5\" target=\"_blank\" rel=\"nofollow noopener\">Z\u0142a passa zosta\u0142a przerwana. Przegrywali ju\u017c 0:2 i odwr\u00f3cili wynik spotkania<\/a>&nbsp;&nbsp;SportoweFakty<\/li>\n<li><a href=\"https:\/\/news.google.com\/rss\/articles\/CBMi1gFBVV95cUxOWjVQNjFEUFp1bG9ncHdneFZlRk5oekcyTVRaS0JYMk10dGZtdXBPS1N2Rkg0Yi01WE5mdUxnZWhkRHdnOGJjWS1YR00tMWdjcnYwWE9kN3J4N3Fhay1ZYTUyRE9PZlNEbVcyMmpTV2lqcVlOMjdoRGRQd1AzWFg0Xy1iX3k1VGdKMjFsOGhMNXRzZTdWMU5FYW5haEdxZXVudFdaX0Z0em1BUDNRZEl2UmFlNU9tWTgtZjZ4ZTVuX0JoeEJyV2J2NGg4MFJUeC0xTE9rWG53?oc=5\" target=\"_blank\" rel=\"nofollow noopener\">Si\u00f3dmy tie-break ZAKSY! Faworyci przebudzili si\u0119 w trzecim secie<\/a>&nbsp;&nbsp;www.polsatsport.pl<\/li>\n<li><a href=\"https:\/\/news.google.com\/rss\/articles\/CBMiswFBVV95cUxOVDR2ZWJvV19YemxhblZFaUJGUVNiVUxMdHppR0lqdnJ1NnZfVDhjT0pZVHZCZWVkakZnRmprOEdtTW1XRGRZN0tad21Ma3hiUTZHTjNoQ1lvSVc0V1JhYkcwakdkazZDcXFYSE1TN3Q5V3E3MEpYUk5RZjZJdUdXaTFZY1NYMm94ZWkyRGl6RnN4MXJfSk45SjItWWZMR0pyNTY4aWVzU0FqYW5kSFRRaDFzZw?oc=5\" target=\"_blank\" rel=\"nofollow noopener\">ZAKSA przegrywa\u0142a 0:2 z najgorsz\u0105 dru\u017cyn\u0105 PlusLigi. Niebywa\u0142e, co si\u0119 sta\u0142o Siatk\u00f3wka<\/a>&nbsp;&nbsp;Sport.pl<\/li>\n<li><a href=\"https:\/\/news.google.com\/rss\/articles\/CBMizwFBVV95cUxNcnZPTlRlaE04NV9pU05hTzRZVm5xdGt1ZHdMVk02WmY1czBCamdzMFZERFNFM1BsMGlWWjNWeTVGMVpsVkZpTmZ3cXYyY2J4anZzTklFbUdPNDgwOWZybUVRTnhwZHRHM0tOZEVkMFBBNlRMbU9JRTZGSG9jcm5peG5aODdxOW1ZeE5vVURGQU1YRmdGckwyemhCSmppeVNqWDVaeHo2MFczcmhSaG1QRTVyZFBJaThmY3hQUmlGdFVIX3JCOE1BYUhWbDBFNUU?oc=5\" target=\"_blank\" rel=\"nofollow noopener\">Co za zwrot w PlusLidze. Ferment w tabeli, wielki powr\u00f3t gwiazdy<\/a>&nbsp;&nbsp;Sport w INTERIA.PL<\/li>\n<\/ol>\n","protected":false},"excerpt":{"rendered":"PlusLiga. O kt\u00f3rej mecz ZAKSA K\u0119dzierzyn-Ko\u017ale \u2014 \u015alepsk Malow Suwa\u0142ki? Transmisja na \u017cywo&nbsp;&nbsp;Przegl\u0105d Sportowy Onet Z\u0142a passa zosta\u0142a&hellip;\n","protected":false},"author":2,"featured_media":133626,"comment_status":"","ping_status":"","sticky":false,"template":"","format":"standard","meta":{"footnotes":""},"categories":[24],"tags":[67,42,6242,38,40,39,41,136,128,47,131,127,135,126],"class_list":{"0":"post-133625","1":"post","2":"type-post","3":"status-publish","4":"format-standard","5":"has-post-thumbnail","7":"category-sport","8":"tag-intextvideo_splayer","9":"tag-pl","10":"tag-plusliga","11":"tag-poland","12":"tag-polish","13":"tag-polska","14":"tag-polski","15":"tag-ps_detal_new","16":"tag-psv2","17":"tag-screening_general","18":"tag-siatkowka","19":"tag-sport","20":"tag-sport_sport","21":"tag-sports"},"share_on_mastodon":{"url":"https:\/\/pubeurope.com\/@pl\/115665111800724913","error":""},"_links":{"self":[{"href":"https:\/\/www.europesays.com\/pl\/wp-json\/wp\/v2\/posts\/133625","targetHints":{"allow":["GET"]}}],"collection":[{"href":"https:\/\/www.europesays.com\/pl\/wp-json\/wp\/v2\/posts"}],"about":[{"href":"https:\/\/www.europesays.com\/pl\/wp-json\/wp\/v2\/types\/post"}],"author":[{"embeddable":true,"href":"https:\/\/www.europesays.com\/pl\/wp-json\/wp\/v2\/users\/2"}],"replies":[{"embeddable":true,"href":"https:\/\/www.europesays.com\/pl\/wp-json\/wp\/v2\/comments?post=133625"}],"version-history":[{"count":0,"href":"https:\/\/www.europesays.com\/pl\/wp-json\/wp\/v2\/posts\/133625\/revisions"}],"wp:featuredmedia":[{"embeddable":true,"href":"https:\/\/www.europesays.com\/pl\/wp-json\/wp\/v2\/media\/133626"}],"wp:attachment":[{"href":"https:\/\/www.europesays.com\/pl\/wp-json\/wp\/v2\/media?parent=133625"}],"wp:term":[{"taxonomy":"category","embeddable":true,"href":"https:\/\/www.europesays.com\/pl\/wp-json\/wp\/v2\/categories?post=133625"},{"taxonomy":"post_tag","embeddable":true,"href":"https:\/\/www.europesays.com\/pl\/wp-json\/wp\/v2\/tags?post=133625"}],"curies":[{"name":"wp","href":"https:\/\/api.w.org\/{rel}","templated":true}]}}