{"id":133651,"date":"2025-12-05T05:13:08","date_gmt":"2025-12-05T05:13:08","guid":{"rendered":"https:\/\/www.europesays.com\/pl\/133651\/"},"modified":"2025-12-05T05:13:08","modified_gmt":"2025-12-05T05:13:08","slug":"fani-bajmu-zaniepokojeni-grudniowe-koncerty-kozidrak-nagle-odwo%c2%b3ane","status":"publish","type":"post","link":"https:\/\/www.europesays.com\/pl\/133651\/","title":{"rendered":"Fani Bajmu zaniepokojeni. Grudniowe koncerty Kozidrak nagle odwo\u00b3ane"},"content":{"rendered":"<p class=\"art_paragraph\">Jesieni\u0105 2024 roku <a href=\"https:\/\/www.plotek.pl\/beata-kozidrak\" class=\"art_link\" rel=\"dofollow noopener\" target=\"_blank\">Beata Kozidrak<\/a> musia\u0142a przerwa\u0107 dzia\u0142alno\u015b\u0107 sceniczn\u0105 z powodu choroby nowotworowej.\u00a0Po dziewi\u0119ciu miesi\u0105cach przerwy, podczas kt\u00f3rych powraca\u0142a do zdrowia, latem 2025 roku pierwszy raz od dawna wysz\u0142a na scen\u0119. Sta\u0142o si\u0119 w to w trakcie\u00a0<a href=\"https:\/\/www.plotek.pl\/plotek\/7,111485,32197604,kozidrak-powrocila-na-scene-po-walce-z-choroba-nowotworowa.html\" class=\"art_link\" rel=\"dofollow noopener\" target=\"_blank\">festiwalu M\u0119skie Granie w Warszawie, a publiczno\u015b\u0107 przyj\u0119\u0142a jej wyst\u0119p owacjami<\/a>. Nied\u0142ugo potem og\u0142oszono tras\u0119 koncertow\u0105 &#8222;Wielki Powr\u00f3t&#8221;, kt\u00f3ra mia\u0142a obejmowa\u0107 grudniowe wyst\u0119py w najwi\u0119kszych halach w Polsce. Teraz okazuje si\u0119, \u017ce koncerty odwo\u0142ano.\u00a0<\/p>\n<p>\n    Zobacz wideo Maffashion zosta\u0142a wyr\u00f3\u017cniona przez Kozidrak. Tak\u0105 jest osob\u0105\n  <\/p>\n<p> Koncerty Bajmu\u00a0zosta\u0142y odwo\u0142ane. Fani otrzymali zaskakuj\u0105c\u0105 wiadomo\u015b\u0107<\/p>\n<p class=\"art_paragraph\">W czwartek, 4 grudnia, fani Beaty Kozidrak otrzymali rozczarowuj\u0105c\u0105 wiadomo\u015b\u0107 informuj\u0105c\u0105, \u017ce wszystkie jej grudniowe koncerty zosta\u0142y odwo\u0142ane. O\u015bwiadczenie dotar\u0142o do nich mailowo, gdzie jednocze\u015bnie zapewniono, \u017ce wszyscy posiadacze bilet\u00f3w otrzymaj\u0105 zwrot pieni\u0119dzy. Planowane wyst\u0119py obejmowa\u0142y m.in. koncert we Wroc\u0142awiu, kt\u00f3ry mia\u0142 odby\u0107 si\u0119 w po\u0142owie miesi\u0105ca. &#8222;Z przyczyn niezale\u017cnych od artystki i organizatora koncert Beaty Kozidrak &amp; <a href=\"https:\/\/www.plotek.pl\/bajm\" class=\"art_link\" rel=\"dofollow noopener\" target=\"_blank\">Bajm<\/a> we Wroc\u0142awiu w dniu 14 grudnia 2025 roku zostaje odwo\u0142any. Wszystkim posiadaczom bilet\u00f3w zostan\u0105 zwr\u00f3cone pieni\u0105dze&#8221; &#8211; poinformowano w wiadomo\u015bci przes\u0142anej do fan\u00f3w. Mimo odwo\u0142ania grudniowych koncert\u00f3w, na oficjalnych stronach wokalistki i zespo\u0142u nadal widniej\u0105 dwa kolejne wydarzenia: Sylwester z Polsatem 31 grudnia 2025 roku oraz koncert w Londynie 6 marca 2026 roku. Co ciekawe,\u00a0redakcja RMF FM otrzyma\u0142a informacj\u0119 od menad\u017cera Bajmu, Andrzeja Pietrasa, aby w sprawie\u00a0odwo\u0142anych koncert\u00f3w zapytania\u00a0kierowa\u0107 do organizatora trasy.\u00a0<\/p>\n<p> Beata Kozidrak opowiedzia\u0142a o chorobie. Nie ukrywa, \u017ce ma za sob\u0105 trudny czas\u00a0<\/p>\n<p class=\"art_paragraph\"><a href=\"https:\/\/www.plotek.pl\/beata-kozidrak#anchorLink\" rel=\"nofollow noopener\" target=\"_blank\">Beata Kozidrak<\/a> otwarcie opowiedzia\u0142a o swoich problemach zdrowotnych i planach na przysz\u0142o\u015b\u0107 w wywiadzie dla &#8222;<a href=\"https:\/\/www.plotek.pl\/dzien-dobry-tvn\" class=\"art_link\" rel=\"dofollow noopener\" target=\"_blank\">Dzie\u0144 dobry TVN<\/a>&#8222;, kt\u00f3ry zosta\u0142 wyemitowany 17 sierpnia. Wokalistka wspomnia\u0142a, \u017ce ostatnia trasa koncertowa zako\u0144czy\u0142a si\u0119 dla niej silnymi b\u00f3lami kr\u0119gos\u0142upa, kt\u00f3re zmusi\u0142y j\u0105 do hospitalizacji. &#8211; Dobrze si\u0119 czuj\u0119, a ten wywiad jest dla mnie bardzo specjalny &#8211; przyzna\u0142a ju\u017c na pocz\u0105tku rozmowy. Kozidrak zdradzi\u0142a, \u017ce przej\u015bcie z \u0142\u00f3\u017cka do toalety jeszcze jaki\u015b czas temu by\u0142o dla niej prawdziwym wyzwaniem, a badania w szpitalu wzbudza\u0142y l\u0119k. &#8211; Trafi\u0142am do szpitala. Diagnoza by\u0142a szybka. By\u0142a to choroba nowotworowa. I nie boj\u0119 si\u0119 tego powiedzie\u0107, bo chc\u0119, \u017ceby to zabrzmia\u0142o optymistycznie, \u017ce czasami nie zdajemy sobie z tego sprawy, \u017ce choroby nowotworowe mo\u017cna leczy\u0107 &#8211; m\u00f3wi\u0142a Kozidrak. Pocz\u0105tkowo wokalistka by\u0142a za\u0142amana trudn\u0105 sytuacj\u0105, jednak si\u0119 nie podda\u0142a. &#8211; Wiedzia\u0142am, \u017ce to nie s\u0105 \u017carty, bo takie b\u00f3le nie s\u0105 normalne (\u2026), ale podj\u0119\u0142am walk\u0119 &#8211; <a href=\"https:\/\/www.plotek.pl\/doda#anchorLink\" rel=\"nofollow noopener\" target=\"_blank\">doda\u00b3a<\/a>.<\/p>\n","protected":false},"excerpt":{"rendered":"Jesieni\u0105 2024 roku Beata Kozidrak musia\u0142a przerwa\u0107 dzia\u0142alno\u015b\u0107 sceniczn\u0105 z powodu choroby nowotworowej.\u00a0Po dziewi\u0119ciu miesi\u0105cach przerwy, podczas kt\u00f3rych&hellip;\n","protected":false},"author":2,"featured_media":133652,"comment_status":"","ping_status":"","sticky":false,"template":"","format":"standard","meta":{"footnotes":""},"categories":[22],"tags":[122,42,38,40,39,41,123],"class_list":{"0":"post-133651","1":"post","2":"type-post","3":"status-publish","4":"format-standard","5":"has-post-thumbnail","7":"category-rozrywka","8":"tag-entertainment","9":"tag-pl","10":"tag-poland","11":"tag-polish","12":"tag-polska","13":"tag-polski","14":"tag-rozrywka"},"share_on_mastodon":{"url":"https:\/\/pubeurope.com\/@pl\/115665253381939163","error":""},"_links":{"self":[{"href":"https:\/\/www.europesays.com\/pl\/wp-json\/wp\/v2\/posts\/133651","targetHints":{"allow":["GET"]}}],"collection":[{"href":"https:\/\/www.europesays.com\/pl\/wp-json\/wp\/v2\/posts"}],"about":[{"href":"https:\/\/www.europesays.com\/pl\/wp-json\/wp\/v2\/types\/post"}],"author":[{"embeddable":true,"href":"https:\/\/www.europesays.com\/pl\/wp-json\/wp\/v2\/users\/2"}],"replies":[{"embeddable":true,"href":"https:\/\/www.europesays.com\/pl\/wp-json\/wp\/v2\/comments?post=133651"}],"version-history":[{"count":0,"href":"https:\/\/www.europesays.com\/pl\/wp-json\/wp\/v2\/posts\/133651\/revisions"}],"wp:featuredmedia":[{"embeddable":true,"href":"https:\/\/www.europesays.com\/pl\/wp-json\/wp\/v2\/media\/133652"}],"wp:attachment":[{"href":"https:\/\/www.europesays.com\/pl\/wp-json\/wp\/v2\/media?parent=133651"}],"wp:term":[{"taxonomy":"category","embeddable":true,"href":"https:\/\/www.europesays.com\/pl\/wp-json\/wp\/v2\/categories?post=133651"},{"taxonomy":"post_tag","embeddable":true,"href":"https:\/\/www.europesays.com\/pl\/wp-json\/wp\/v2\/tags?post=133651"}],"curies":[{"name":"wp","href":"https:\/\/api.w.org\/{rel}","templated":true}]}}