{"id":13366,"date":"2025-09-24T14:37:09","date_gmt":"2025-09-24T14:37:09","guid":{"rendered":"https:\/\/www.europesays.com\/pl\/13366\/"},"modified":"2025-09-24T14:37:09","modified_gmt":"2025-09-24T14:37:09","slug":"jest-pierwszy-wyrok-w-sprawie-funduszu-sprawiedliwosci-wina-nie-budzi-watpliwosci","status":"publish","type":"post","link":"https:\/\/www.europesays.com\/pl\/13366\/","title":{"rendered":"Jest pierwszy wyrok w sprawie Funduszu Sprawiedliwo\u015bci. &#8222;Wina nie budzi w\u0105tpliwo\u015bci&#8221;"},"content":{"rendered":"<ul class=\"UnorderedList_container__nmfSl\">\n<li class=\"UnorderedList_listElement__Py7xi\" data-id=\"ai-summary-link\">Du\u017co czytania, a ma\u0142o czasu? Sprawd\u017a\u00a0skr\u00f3t\u00a0artyku\u0142u<\/li>\n<\/ul>\n<p class=\"Paragraph_desktopParagraph__U31Gm\">Piotrowi W. prokuratura zarzuci\u0142a pope\u0142nienie w latach 2020-2021 trzech czyn\u00f3w dotycz\u0105cych niegospodarno\u015bci oraz prania brudnych pieni\u0119dzy. Kwestia ta mie\u015bci si\u0119 w ramach w\u0105tku \u015bledztwa dotycz\u0105cego Funduszu Sprawiedliwo\u015bci, odnosz\u0105cego si\u0119 do <a href=\"https:\/\/wiadomosci.onet.pl\/kraj\/afera-w-funduszu-sprawiedliwosci-nowe-zarzuty-dla-ks-michala-olszewskiego\/xedtxct\" id=\"13d0a8ec-205d-412a-8e32-6130569aa5f7\" rel=\"nofollow noopener\" target=\"_blank\">Fundacji Profeto i budowy o\u015brodka &#8222;Archipelag&#8221; w Wilanowie<\/a>.<\/p>\n<p class=\"Paragraph_desktopParagraph__U31Gm\">W w\u0105tku tej fundacji oraz inwestycji &#8222;Archipelag \u2014 wyspy wolne od przemocy&#8221; na pocz\u0105tku lutego br. do S\u0105du Okr\u0119gowego w Warszawie trafi\u0142 pierwszy akt oskar\u017cenia dotycz\u0105cy nieprawid\u0142owo\u015bci zwi\u0105zanych z Funduszem Sprawiedliwo\u015bci. Obj\u0105\u0142 on sze\u015bcioro os\u00f3b, w tym ks. Micha\u0142a O., a tak\u017ce by\u0142e urz\u0119dniczki MS Urszul\u0119 D. (by\u0142\u0105 dyrektor Departamentu Funduszu Sprawiedliwo\u015bci) i Karolin\u0119 K. (by\u0142\u0105 naczelnik jednego z wydzia\u0142\u00f3w w Departamencie Funduszu Sprawiedliwo\u015bci), kt\u00f3re odpowiada\u0142y za przyznanie \u015brodk\u00f3w i mia\u0142y z ks. O. dzia\u0142a\u0107 wsp\u00f3lnie i w porozumieniu. Proces ten jeszcze nie ruszy\u0142.<\/p>\n<p class=\"VideoPlayerText_videoPlayerText__iDwyz\">Dalszy ci\u0105g materia\u0142u pod wideo<\/p>\n<p class=\"Paragraph_desktopParagraph__U31Gm\">Jak m.in. podawa\u0142a prokuratura, Fundacja Profeto uzyska\u0142a z Funduszu Sprawiedliwo\u015bci \u015brodki na budow\u0119 o\u015brodka &#8222;Archipelag&#8221; \u2014 centrum pomocy ofiarom przest\u0119pstw. Wykonawc\u0105 by\u0142a firma TISO, kt\u00f3ra otrzymywa\u0142a z fundacji przelewy w zwi\u0105zku z budow\u0105 o\u015brodka.<\/p>\n<ul class=\"OchatFollowUps_wrapper__1ry7X\">\n<li class=\"OchatFollowUps_item__Dhyly OchatFollowUps_itemDesktop__R6aBv\">Kto zosta\u0142 skazany w sprawie Funduszu Sprawiedliwo\u015bci?<\/li>\n<li class=\"OchatFollowUps_item__Dhyly OchatFollowUps_itemDesktop__R6aBv\">Jak\u0105 kar\u0119 otrzyma\u0142 Piotr W.?<\/li>\n<li class=\"OchatFollowUps_item__Dhyly OchatFollowUps_itemDesktop__R6aBv\">Kiedy z\u0142o\u017cono pierwszy akt oskar\u017cenia dotycz\u0105cy Funduszu Sprawiedliwo\u015bci?<\/li>\n<li class=\"OchatFollowUps_item__Dhyly OchatFollowUps_itemDesktop__R6aBv\">Co to jest Fundusz Sprawiedliwo\u015bci?<\/li>\n<\/ul>\n<p class=\"Paragraph_desktopParagraph__U31Gm\">Wed\u0142ug prokuratury ks. Micha\u0142 O. doprowadzi\u0142 do podpisania umowy, na podstawie kt\u00f3rej firma TISO wynaj\u0119\u0142a od Zgromadzenia Ksi\u0119\u017cy Naj\u015bwi\u0119tszego Serca Jezusowego (wsp\u00f3\u0142w\u0142a\u015bciciela) cz\u0119\u015b\u0107 nieruchomo\u015bci i przela\u0142a na konto bankowe tego zgromadzenia ponad 3,5 mln z\u0142, a pieni\u0105dze te ks. O. &#8222;przela\u0142 nast\u0119pnie na rachunek Fundacji Profeto, tym samym utrudniaj\u0105c stwierdzenie ich pochodzenia z przest\u0119pstwa dokonanego na szkod\u0119 Funduszu Sprawiedliwo\u015bci&#8221;.<\/p>\n<p class=\"Paragraph_desktopParagraph__U31Gm\">Z kolei wyst\u0119puj\u0105cy w tym w\u0105tku Piotr W., wobec kt\u00f3rego prokuratura skierowa\u0142a wniosek o skazanie bez rozprawy, jako prezes sp\u00f3\u0142ki TISO zawar\u0142 t\u0119 &#8222;pozorn\u0105 umow\u0119 najmu gruntu, na kt\u00f3rym prowadzona by\u0142a budowa o\u015brodka \u00bbArchipelag\u00ab w Wilanowie&#8221;.<\/p>\n<p class=\"Paragraph_desktopParagraph__U31Gm\">Pod koniec czerwca prokuratura przes\u0142a\u0142a do S\u0105du Okr\u0119gowego wniosek o zastosowanie wobec Piotra W. instytucji nadzwyczajnego z\u0142agodzenia kary.<\/p>\n<p class=\"Paragraph_desktopParagraph__U31Gm\">&#8222;Przes\u0142anki przemawiaj\u0105ce za zastosowaniem instytucji nadzwyczajnego z\u0142agodzenia kary oraz warunkowego zawieszenia jej wykonania wynika\u0142y wprost z zaprezentowanej w toku \u015bledztwa postawy samego podejrzanego, kt\u00f3ry podj\u0105\u0142 z prokuratur\u0105 pe\u0142n\u0105 wsp\u00f3\u0142prac\u0119, przyznaj\u0105c si\u0119 do pope\u0142nienia zarzucanych mu czyn\u00f3w oraz z\u0142o\u017cy\u0142 wyczerpuj\u0105ce wyja\u015bnienia dotycz\u0105ce jego roli w zarzucanych mu czynach, a tak\u017ce ujawni\u0142 okoliczno\u015bci dotycz\u0105ce roli i udzia\u0142u innych os\u00f3b w czynach b\u0119d\u0105cych przedmiotem prowadzonego \u015bledztwa&#8221; \u2014 informowa\u0142a PK.<\/p>\n<p class=\"Paragraph_desktopParagraph__U31Gm\">W \u015brod\u0119 wniosek prokuratury rozpatrywa\u0142 S\u0105d Okr\u0119gowy w Warszawie. Na sali rozpraw prokurator Ryszard P\u0119gal podtrzyma\u0142 go i dodatkowo wni\u00f3s\u0142 o informowanie s\u0105du o przebiegu okresu pr\u00f3by.<\/p>\n<p class=\"Paragraph_desktopParagraph__U31Gm\">Obro\u0144ca Piotra W., adw. Pawe\u0142 Kusak, jak i on sam r\u00f3wnie\u017c wnie\u015bli o uwzgl\u0119dnienie wniosku z modyfikacjami wskazanymi przez prokuratora.<\/p>\n<p class=\"Paragraph_desktopParagraph__U31Gm\">S\u0105d uzna\u0142 Piotra W. za winnego zarzucanych mu czyn\u00f3w i skaza\u0142 go na rok wi\u0119zienia w zawieszeniu na 5 lat, 36 tys. z\u0142 grzywny oraz zobowi\u0105za\u0142 go do informowania o przebiegu okresu pr\u00f3by.<\/p>\n<p class=\"Paragraph_desktopParagraph__U31Gm\">S\u0119dzia Maria Turek w ustnym uzasadnieniu wskaza\u0142a, \u017ce w ocenie s\u0105du sprawstwo i wina Piotra W. nie budz\u0105 w\u0105tpliwo\u015bci.<\/p>\n<p class=\"Paragraph_desktopParagraph__U31Gm\">\u2014 Oskar\u017cony przyzna\u0142 si\u0119 do zarzucanych mu czyn\u00f3w na etapie post\u0119powania przygotowawczego i z\u0142o\u017cy\u0142 bardzo szczeg\u00f3\u0142owe wyja\u015bnienia, w kt\u00f3rych opisa\u0142 okoliczno\u015bci wsp\u00f3\u0142pracy (\u2026), przep\u0142ywu pieni\u0119dzy w zwi\u0105zku z tym przedsi\u0119wzi\u0119ciem oraz rol\u0119 swoj\u0105 i innych os\u00f3b \u2014 zaznaczy\u0142a s\u0119dzia.<\/p>\n<p class=\"Paragraph_desktopParagraph__U31Gm\">Doda\u0142a, \u017ce s\u0105d uzna\u0142 te wyja\u015bnienia za prawdziwe i logiczne. \u2014 W spos\u00f3b bardzo szczeg\u00f3\u0142owy przedstawiaj\u0105 przebieg wydarze\u0144. S\u0105 konsekwentne. Ponadto koresponduj\u0105 z innymi dowodami \u2014 m\u00f3wi\u0142a s\u0119dzia.<\/p>\n<p class=\"Paragraph_desktopParagraph__U31Gm\">Podkre\u015bli\u0142a te\u017c, \u017ce zdaniem s\u0105du wniosek prokuratury zas\u0142ugiwa\u0142 na uwzgl\u0119dnienie. \u2014 Piotr W. wsp\u00f3\u0142dzia\u0142a\u0142 z innymi osobami w pope\u0142nianiu przest\u0119pstw, ujawni\u0142 wobec organu powo\u0142anego do \u015bcigania przest\u0119pstw informacje dotycz\u0105ce os\u00f3b w nich uczestnicz\u0105cych oraz istotne okoliczno\u015bci ich pope\u0142nienia \u2014 zaznaczy\u0142a s\u0119dzia. Wyrok jest nieprawomocny.<\/p>\n<p class=\"Paragraph_desktopParagraph__U31Gm\">Fundusz Pomocy Pokrzywdzonym oraz Pomocy Postpenitencjarnej, okre\u015blany jako Fundusz Sprawiedliwo\u015bci, jest funduszem celowym, czyli jego \u015brodki musz\u0105 by\u0107 wydatkowane wy\u0142\u0105cznie na cele funduszu. FS powsta\u0142 w 1997 r., po to, by pomaga\u0107 ofiarom i \u015bwiadkom przest\u0119pstw oraz osobom, kt\u00f3re odby\u0142y kar\u0119 wi\u0119zienia i wracaj\u0105 do uczciwego \u017cycia w spo\u0142ecze\u0144stwie (to pomoc postpenitencjarna). Od 2017 r. fundusz ten otrzyma\u0142 dodatkowy cel polegaj\u0105cy na przeciwdzia\u0142aniu przest\u0119pczo\u015bci. Jego dzia\u0142alno\u015b\u0107 w latach, gdy w Polsce rz\u0105dzi\u0142a Zjednoczona Prawica, jest obecnie przedmiotem \u015bledztwa Prokuratury Krajowej, a tak\u017ce dzia\u0142a\u0144 naprawczych Ministerstwa Sprawiedliwo\u015bci.<\/p>\n","protected":false},"excerpt":{"rendered":"Du\u017co czytania, a ma\u0142o czasu? Sprawd\u017a\u00a0skr\u00f3t\u00a0artyku\u0142u Piotrowi W. prokuratura zarzuci\u0142a pope\u0142nienie w latach 2020-2021 trzech czyn\u00f3w dotycz\u0105cych niegospodarno\u015bci&hellip;\n","protected":false},"author":2,"featured_media":13367,"comment_status":"","ping_status":"","sticky":false,"template":"","format":"standard","meta":{"footnotes":""},"categories":[5],"tags":[5026,32,33,36,37,5025,5024,27,67,34,35,28,31,53,25,52,68,51,232,55,4707,42,38,40,39,41,233,47,29,30,65,50,26],"class_list":{"0":"post-13366","1":"post","2":"type-post","3":"status-publish","4":"format-standard","5":"has-post-thumbnail","7":"category-naglowki","8":"tag-archipelag","9":"tag-breaking-news","10":"tag-breakingnews","11":"tag-featured-news","12":"tag-featurednews","13":"tag-fundacja_profeto","14":"tag-fundusz_sprawiedliwosci_fundusz_panstwowy","15":"tag-headlines","16":"tag-intextvideo_splayer","17":"tag-latest-news","18":"tag-latestnews","19":"tag-naglowki","20":"tag-najwazniejsze-artykuly","21":"tag-new_header","22":"tag-news","23":"tag-onet3","24":"tag-onet3d","25":"tag-onet3d_2i","26":"tag-pap_deb_tst0","27":"tag-phx","28":"tag-pieniadze_pieniadz_finanse","29":"tag-pl","30":"tag-poland","31":"tag-polish","32":"tag-polska","33":"tag-polski","34":"tag-rewardedp_tst0","35":"tag-screening_general","36":"tag-top-stories","37":"tag-topstories","38":"tag-update_me","39":"tag-v2021","40":"tag-wiadomosci"},"share_on_mastodon":{"url":"","error":""},"_links":{"self":[{"href":"https:\/\/www.europesays.com\/pl\/wp-json\/wp\/v2\/posts\/13366","targetHints":{"allow":["GET"]}}],"collection":[{"href":"https:\/\/www.europesays.com\/pl\/wp-json\/wp\/v2\/posts"}],"about":[{"href":"https:\/\/www.europesays.com\/pl\/wp-json\/wp\/v2\/types\/post"}],"author":[{"embeddable":true,"href":"https:\/\/www.europesays.com\/pl\/wp-json\/wp\/v2\/users\/2"}],"replies":[{"embeddable":true,"href":"https:\/\/www.europesays.com\/pl\/wp-json\/wp\/v2\/comments?post=13366"}],"version-history":[{"count":0,"href":"https:\/\/www.europesays.com\/pl\/wp-json\/wp\/v2\/posts\/13366\/revisions"}],"wp:featuredmedia":[{"embeddable":true,"href":"https:\/\/www.europesays.com\/pl\/wp-json\/wp\/v2\/media\/13367"}],"wp:attachment":[{"href":"https:\/\/www.europesays.com\/pl\/wp-json\/wp\/v2\/media?parent=13366"}],"wp:term":[{"taxonomy":"category","embeddable":true,"href":"https:\/\/www.europesays.com\/pl\/wp-json\/wp\/v2\/categories?post=13366"},{"taxonomy":"post_tag","embeddable":true,"href":"https:\/\/www.europesays.com\/pl\/wp-json\/wp\/v2\/tags?post=13366"}],"curies":[{"name":"wp","href":"https:\/\/api.w.org\/{rel}","templated":true}]}}