{"id":133810,"date":"2025-12-05T07:12:21","date_gmt":"2025-12-05T07:12:21","guid":{"rendered":"https:\/\/www.europesays.com\/pl\/133810\/"},"modified":"2025-12-05T07:12:21","modified_gmt":"2025-12-05T07:12:21","slug":"ksiezna-kate-skradla-cala-uwage-na-krolewskim-bankiecie-wszystko-przez-jeden-element-stylizacji-plotek-pl","status":"publish","type":"post","link":"https:\/\/www.europesays.com\/pl\/133810\/","title":{"rendered":"Ksi\u0119\u017cna Kate skrad\u0142a ca\u0142\u0105 uwag\u0119 na kr\u00f3lewskim bankiecie. Wszystko przez jeden element stylizacji &#8211; Plotek.pl"},"content":{"rendered":"<ol>\n<li><a href=\"https:\/\/news.google.com\/rss\/articles\/CBMitwFBVV95cUxPNEdjdVFVQXY0am14RFMydS1nLVlFN2VfcHJNaW5OU3BUSi1CT2EzNVF3V20tWEZpS29FMUlpVnBCWXozTlhDQ2JRWXI0OGZXTnFDS1NrSzdBd3Y5THpocHVKVEdKd04xRDMtZElUb0tqbTZyZTMzZGF4QTA1OVZRZm44Z3VuRWNsNzNSVmlBdW9nb2NVWU1qUTRnaUNkNUp3ZmFLU202VDROTTdnOXJjRlFfTW1mQWs?oc=5\" target=\"_blank\" rel=\"nofollow noopener\">Ksi\u0119\u017cna Kate skrad\u0142a ca\u0142\u0105 uwag\u0119 na kr\u00f3lewskim bankiecie. Wszystko przez jeden element stylizacji<\/a>&nbsp;&nbsp;Plotek.pl<\/li>\n<li><a href=\"https:\/\/news.google.com\/rss\/articles\/CBMi2AFBVV95cUxNalc3WEhseHk5NjJDRTQtOFZIek5WZnhNNHhNNG9wSENKNS0wc2dEcE9iMng2dmhKQUx2WjI4SVFHckZabzV0NGcxdzdlN09aVDByT1F5dk5wQkI3cUMwQ1ZfYjNaRG5ldkFtbkRHdzlSeWpteEdjMFFMLVRhVkJXaG03ejRKd0JydDBBSTI0TWpEdlBRM090eGVodXBmWWlMWjlPYlF1bjFNdkZVMkdTTWdic2UwVlp5Z3BfYnRTV09hWnZkRzQ3UmlnMnRZY2lLT0tnbVVzYWI?oc=5\" target=\"_blank\" rel=\"nofollow noopener\">Nikt ju\u017c nie patrzy\u0142 na ksi\u0119\u017cn\u0105 Kate, gdy pojawi\u0142a si\u0119 ona. Claudia Schiffer zachwyci\u0142a w Windsorze<\/a>&nbsp;&nbsp;Onet<\/li>\n<li><a href=\"https:\/\/news.google.com\/rss\/articles\/CBMirgFBVV95cUxPOEVLU1NGS2RPUkh1VU1Za1hVNDdEd2liNjhOcHZaZmFHU205SWdiT3E2anRUcFRCYTNycjBkUldJSEduTTBhZ0lUWmxnMDlOZkhQbDh6cHo3XzFnNW5FRUdhVkVKUVNMeTVkTThMdHFLLXE1b2o5MmV1cXhBQUZudG92UE5JN2pPRk1tNUZzQUlVVm9saVo3cmxiLWtQc0hiMEhWTGpYRDRrYW16blE?oc=5\" target=\"_blank\" rel=\"nofollow noopener\">Wesz\u0142a i zapad\u0142a cisza. Jeszcze tak niezwykle nie wygl\u0105da\u0142a nigdy<\/a>&nbsp;&nbsp;Styl Interia<\/li>\n<li><a href=\"https:\/\/news.google.com\/rss\/articles\/CBMisAFBVV95cUxOT2RDWGdzREYyX2I5VjJfSUhkWmpkMG1PY2sybXRYczkyX2FMT2NVWWhEWlhaRlh4ZXR3cVE2Y1lzZmx4VUhUZTBUMFN5TzlRdjk5M3NHdHRrWTVPbTFJb3pWZWlyc3ZLZkp6a2RiYlNWZXFfSUFUeVdycDRrV2VvSUxPLVVlSk1NR0hkZ1ZBNGZ3ZlRPYzQ4R1dEQ051WmdyZ3BGWnpiZENuZXhJX3VlYg?oc=5\" target=\"_blank\" rel=\"nofollow noopener\">Prezydent Niemiec z\u0142o\u017cy\u0142 kwiaty na grobie El\u017cbiety II. Przed nim robili to Macron i Trump<\/a>&nbsp;&nbsp;Plejada<\/li>\n<li><a href=\"https:\/\/news.google.com\/rss\/articles\/CBMixgFBVV95cUxPejlPTEt4QlBHc0JxRDVpTlhsQmg1MlYzenJnMXJBa2tPY0ViRTU4SmVfcG5hZnRmV0ZuNzdpRm8wSlNyY0tNandzSS14a0I4bmxmRWJsWDJFZVgyblAwa05DWXQzalZNQjRueXpVcUVjOXRxaGkyWHRGVl91WGk5Q1NTb1BMdlBOTm12T0dJMzktXzY5b2NYTFhfclZ0SzhNQ0p6SnhENzZDVl82dTRHZlJ0T2hxdDhoN2Rxd1l2eHFIbFk0NUHSAcQBQVVfeXFMTkZWTkNidWpqTDg0ZjVqTGd1R05NdzJVNUo2bkVHeHlTR21ONFFDSUpiT0VZSkw1WHNwYzVnalVETWxfTXdmMWJWSWlsUnFEMmg3SF9OVXpUQVNRTFZtNWJvSUlWSDc5RlBHSU1tYUpEc0w5bUlXQUtsSEd5ZjBibUx2VHprUmFnQml5TGFJSW9KYmtYUnNlYUFkZ1M2RkUyV1ZsRVYxa2ltLXl6Z1lLbVh1LXhDbHp3MW4wVTd4UUdxYlYwOQ?oc=5\" target=\"_blank\" rel=\"nofollow noopener\">Karol III i Steinmeier jednym g\u0142osem ws. Ukrainy. Wa\u017cna deklaracja na zamku Windsor<\/a>&nbsp;&nbsp;Bankier.pl<\/li>\n<\/ol>\n","protected":false},"excerpt":{"rendered":"Ksi\u0119\u017cna Kate skrad\u0142a ca\u0142\u0105 uwag\u0119 na kr\u00f3lewskim bankiecie. Wszystko przez jeden element stylizacji&nbsp;&nbsp;Plotek.pl Nikt ju\u017c nie patrzy\u0142 na&hellip;\n","protected":false},"author":2,"featured_media":133811,"comment_status":"","ping_status":"","sticky":false,"template":"","format":"standard","meta":{"footnotes":""},"categories":[22],"tags":[122,42,38,40,39,41,123],"class_list":{"0":"post-133810","1":"post","2":"type-post","3":"status-publish","4":"format-standard","5":"has-post-thumbnail","7":"category-rozrywka","8":"tag-entertainment","9":"tag-pl","10":"tag-poland","11":"tag-polish","12":"tag-polska","13":"tag-polski","14":"tag-rozrywka"},"share_on_mastodon":{"url":"https:\/\/pubeurope.com\/@pl\/115665721312017839","error":""},"_links":{"self":[{"href":"https:\/\/www.europesays.com\/pl\/wp-json\/wp\/v2\/posts\/133810","targetHints":{"allow":["GET"]}}],"collection":[{"href":"https:\/\/www.europesays.com\/pl\/wp-json\/wp\/v2\/posts"}],"about":[{"href":"https:\/\/www.europesays.com\/pl\/wp-json\/wp\/v2\/types\/post"}],"author":[{"embeddable":true,"href":"https:\/\/www.europesays.com\/pl\/wp-json\/wp\/v2\/users\/2"}],"replies":[{"embeddable":true,"href":"https:\/\/www.europesays.com\/pl\/wp-json\/wp\/v2\/comments?post=133810"}],"version-history":[{"count":0,"href":"https:\/\/www.europesays.com\/pl\/wp-json\/wp\/v2\/posts\/133810\/revisions"}],"wp:featuredmedia":[{"embeddable":true,"href":"https:\/\/www.europesays.com\/pl\/wp-json\/wp\/v2\/media\/133811"}],"wp:attachment":[{"href":"https:\/\/www.europesays.com\/pl\/wp-json\/wp\/v2\/media?parent=133810"}],"wp:term":[{"taxonomy":"category","embeddable":true,"href":"https:\/\/www.europesays.com\/pl\/wp-json\/wp\/v2\/categories?post=133810"},{"taxonomy":"post_tag","embeddable":true,"href":"https:\/\/www.europesays.com\/pl\/wp-json\/wp\/v2\/tags?post=133810"}],"curies":[{"name":"wp","href":"https:\/\/api.w.org\/{rel}","templated":true}]}}