{"id":133814,"date":"2025-12-05T07:16:13","date_gmt":"2025-12-05T07:16:13","guid":{"rendered":"https:\/\/www.europesays.com\/pl\/133814\/"},"modified":"2025-12-05T07:16:13","modified_gmt":"2025-12-05T07:16:13","slug":"polacy-wracaja-z-norwegii-czuja-sie-obywatelami-drugiej-kategorii","status":"publish","type":"post","link":"https:\/\/www.europesays.com\/pl\/133814\/","title":{"rendered":"Polacy wracaj\u0105 z Norwegii. Czuj\u0105 si\u0119 &#8222;obywatelami drugiej kategorii&#8221;"},"content":{"rendered":"<p class=\"Paragraph_desktopParagraph__U31Gm\">Naukowcy przebadali 300 tys. emigrant\u00f3w pochodz\u0105cych z Europy \u015arodkowej i Wschodniej, w\u015br\u00f3d kt\u00f3rych wi\u0119kszo\u015b\u0107 stanowili Polacy. Mi\u0119dzy 2023 a 2024 r. do Norwegii przyjecha\u0142o 30 proc. mniej nowych imigrant\u00f3w, ale w\u015br\u00f3d Polak\u00f3w spadek nowych przyjazd\u00f3w okaza\u0142 si\u0119 najbardziej gwa\u0142towny, a jednocze\u015bnie wzros\u0142a dynamika powrot\u00f3w do kraju.<\/p>\n<p class=\"Paragraph_desktopParagraph__U31Gm\">Za jedn\u0105 z przyczyn, dla kt\u00f3rej Norwegia nie jest ju\u017c tak atrakcyjna dla Polak\u00f3w, badacze wskazali coraz s\u0142abszy kurs korony. W ci\u0105gu 10 lat norweska waluta straci\u0142a wobec z\u0142ot\u00f3wki ponad 40 proc. warto\u015bci. Jednocze\u015bnie wzrost p\u0142ac i si\u0142y nabywczej, a tak\u017ce niskie bezrobocie w Polsce sprawi\u0142y, \u017ce przewaga norweskich p\u0142ac nie motywuje ju\u017c do wyjazdu.<\/p>\n<ul class=\"OchatFollowUps_wrapper__1ry7X\">\n<li class=\"OchatFollowUps_item__Dhyly OchatFollowUps_itemDesktop__R6aBv\">Jak zmieni\u0142a si\u0119 liczba Polak\u00f3w wyje\u017cd\u017caj\u0105cych do Norwegii w ostatnich 10 latach?<\/li>\n<li class=\"OchatFollowUps_item__Dhyly OchatFollowUps_itemDesktop__R6aBv\">Jakie s\u0105 g\u0142\u00f3wne powody powrotu Polak\u00f3w z Norwegii?<\/li>\n<li class=\"OchatFollowUps_item__Dhyly OchatFollowUps_itemDesktop__R6aBv\">Kt\u00f3re grupy Polak\u00f3w najcz\u0119\u015bciej wracaj\u0105 do kraju?<\/li>\n<li class=\"OchatFollowUps_item__Dhyly OchatFollowUps_itemDesktop__R6aBv\">Jakie problemy napotykaj\u0105 Polacy pracuj\u0105cy w Norwegii?<\/li>\n<\/ul>\n<p class=\"Paragraph_desktopParagraph__U31Gm\">Do Polski najcz\u0119\u015bciej wracaj\u0105 dwie grupy imigrant\u00f3w. S\u0105 to przede wszystkim osoby z wy\u017cszym wykszta\u0142ceniem, kt\u00f3re \u0142atwiej znajduj\u0105 dobre zatrudnienie w Polsce lub innych pa\u0144stwach UE. Drug\u0105 grup\u0119 stanowi\u0105 ci, kt\u00f3rzy nie odnale\u017ali si\u0119 w Norwegii.<\/p>\n<blockquote>\n<p class=\"Paragraph_desktopParagraph__U31Gm\">Nasze badanie wykaza\u0142o, \u017ce brak pracy jest silnym czynnikiem sk\u0142aniaj\u0105cym do powrotu. Osoby bez pracy wyje\u017cd\u017caj\u0105 z Norwegii znacznie cz\u0119\u015bciej ni\u017c ci, kt\u00f3rzy j\u0105 znale\u017ali<\/p>\n<\/blockquote>\n<p class=\"Paragraph_desktopParagraph__U31Gm\">\u2014 powiedzia\u0142a PAP prof. Marianne Toennessen z OsloMet, wsp\u00f3\u0142autorka bada\u0144.<\/p>\n<p class=\"Paragraph_desktopParagraph__U31Gm\">Prof. Johan Fredrik Rye z uniwersytetu NTNU w Trondheim w rozmowie z PAP wskaza\u0142 dodatkowe przyczyny powrotu Polak\u00f3w do domu. W jego opinii cz\u0119sto wykonuj\u0105 oni prac\u0119 wymagaj\u0105c\u0105 wysi\u0142ku fizycznego za relatywnie niskie wynagrodzenie, a ich szanse na rozw\u00f3j zawodowy by\u0142y niewielkie.<\/p>\n<blockquote>\n<p class=\"Paragraph_desktopParagraph__U31Gm\">W naszych badaniach konsekwentnie stwierdzamy, \u017ce wielu imigrant\u00f3w zarobkowych czuje si\u0119 w Norwegii &#8222;obywatelami drugiej kategorii&#8221;. Co prawda, uczestnicz\u0105 w \u017cyciu spo\u0142ecznym, ale nie czuj\u0105 si\u0119 w pe\u0142ni zintegrowani<\/p>\n<\/blockquote>\n<p class=\"Paragraph_desktopParagraph__U31Gm\">\u2014 oceni\u0142 socjolog.<\/p>\n<p class=\"Paragraph_desktopParagraph__U31Gm\">Podobne wnioski przedstawi\u0142a Anne Mette Oedegaard z instytutu bada\u0144 nad rynkiem pracy FAFO. Wed\u0142ug niej model integracji pracownik\u00f3w pochodz\u0105cych z Europy Wschodniej i \u015arodkowej przez lata opiera\u0142 si\u0119 na za\u0142o\u017ceniu, \u017ce &#8222;praca r\u00f3wna si\u0119 integracja&#8221;. Imigranci nie mieli jednak dost\u0119pu do kurs\u00f3w j\u0119zykowych ani program\u00f3w wprowadzaj\u0105cych.<\/p>\n<p class=\"Paragraph_desktopParagraph__U31Gm\">Badacze z OsloMet twierdz\u0105, \u017ce Polska z kraju, kt\u00f3ry dostarcza\u0142 atrakcyjnych pracownik\u00f3w, sta\u0142a si\u0119 celem dla migrant\u00f3w zarobkowych. Aby powstrzyma\u0107 rosn\u0105cy odp\u0142yw Polak\u00f3w z Norwegii kluczowe b\u0119dzie budowanie systemu integracji, kt\u00f3ry pozwoli przyjezdnym nie tylko pracowa\u0107, ale tak\u017ce planowa\u0107 pobyt w Norwegii w du\u017co d\u0142u\u017cszej perspektywie.<\/p>\n<p class=\"Paragraph_desktopParagraph__U31Gm\">***<\/p>\n<p class=\"Paragraph_desktopParagraph__U31Gm\">Wr\u00f3cili\u015bcie lub planujecie powr\u00f3t z Norwegii? Jakie s\u0105 powody waszej decyzji? Na wasze relacje czekamy pod adresem: natalia.gomulka@redakcjaonet.pl<\/p>\n<p class=\"Paragraph_desktopParagraph__U31Gm\">Autor: Mieszko Czarnecki <\/p>\n","protected":false},"excerpt":{"rendered":"Naukowcy przebadali 300 tys. emigrant\u00f3w pochodz\u0105cych z Europy \u015arodkowej i Wschodniej, w\u015br\u00f3d kt\u00f3rych wi\u0119kszo\u015b\u0107 stanowili Polacy. Mi\u0119dzy 2023&hellip;\n","protected":false},"author":2,"featured_media":133815,"comment_status":"","ping_status":"","sticky":false,"template":"","format":"standard","meta":{"footnotes":""},"categories":[12],"tags":[32,33,105,36,37,27,27850,34,35,28,31,53,25,4318,52,68,51,55,42,10421,38,40,39,2847,41,1756,47,29,30,50,26],"class_list":{"0":"post-133814","1":"post","2":"type-post","3":"status-publish","4":"format-standard","5":"has-post-thumbnail","7":"category-polska","8":"tag-breaking-news","9":"tag-breakingnews","10":"tag-ekonomia","11":"tag-featured-news","12":"tag-featurednews","13":"tag-headlines","14":"tag-inst_tst2","15":"tag-latest-news","16":"tag-latestnews","17":"tag-naglowki","18":"tag-najwazniejsze-artykuly","19":"tag-new_header","20":"tag-news","21":"tag-norwegia_kraj","22":"tag-onet3","23":"tag-onet3d","24":"tag-onet3d_2i","25":"tag-phx","26":"tag-pl","27":"tag-podroze_onet","28":"tag-poland","29":"tag-polish","30":"tag-polska","31":"tag-polska_polak_polka_polacy_polki","32":"tag-polski","33":"tag-praca","34":"tag-screening_general","35":"tag-top-stories","36":"tag-topstories","37":"tag-v2021","38":"tag-wiadomosci"},"share_on_mastodon":{"url":"https:\/\/pubeurope.com\/@pl\/115665737072919303","error":""},"_links":{"self":[{"href":"https:\/\/www.europesays.com\/pl\/wp-json\/wp\/v2\/posts\/133814","targetHints":{"allow":["GET"]}}],"collection":[{"href":"https:\/\/www.europesays.com\/pl\/wp-json\/wp\/v2\/posts"}],"about":[{"href":"https:\/\/www.europesays.com\/pl\/wp-json\/wp\/v2\/types\/post"}],"author":[{"embeddable":true,"href":"https:\/\/www.europesays.com\/pl\/wp-json\/wp\/v2\/users\/2"}],"replies":[{"embeddable":true,"href":"https:\/\/www.europesays.com\/pl\/wp-json\/wp\/v2\/comments?post=133814"}],"version-history":[{"count":0,"href":"https:\/\/www.europesays.com\/pl\/wp-json\/wp\/v2\/posts\/133814\/revisions"}],"wp:featuredmedia":[{"embeddable":true,"href":"https:\/\/www.europesays.com\/pl\/wp-json\/wp\/v2\/media\/133815"}],"wp:attachment":[{"href":"https:\/\/www.europesays.com\/pl\/wp-json\/wp\/v2\/media?parent=133814"}],"wp:term":[{"taxonomy":"category","embeddable":true,"href":"https:\/\/www.europesays.com\/pl\/wp-json\/wp\/v2\/categories?post=133814"},{"taxonomy":"post_tag","embeddable":true,"href":"https:\/\/www.europesays.com\/pl\/wp-json\/wp\/v2\/tags?post=133814"}],"curies":[{"name":"wp","href":"https:\/\/api.w.org\/{rel}","templated":true}]}}