{"id":133816,"date":"2025-12-05T07:17:09","date_gmt":"2025-12-05T07:17:09","guid":{"rendered":"https:\/\/www.europesays.com\/pl\/133816\/"},"modified":"2025-12-05T07:17:09","modified_gmt":"2025-12-05T07:17:09","slug":"polska-blizej-wyjscia-z-unii-europejskiej-poparcie-dla-polexitu-rosnie-sondaz","status":"publish","type":"post","link":"https:\/\/www.europesays.com\/pl\/133816\/","title":{"rendered":"Polska bli\u017cej wyj\u015bcia z Unii Europejskiej? Poparcie dla polexitu ro\u015bnie [SONDA\u017b]"},"content":{"rendered":"<ul class=\"UnorderedList_container__nmfSl\">\n<li class=\"UnorderedList_listElement__Py7xi\" data-id=\"ai-summary-link\">Du\u017co czytania, a ma\u0142o czasu? Sprawd\u017a\u00a0skr\u00f3t\u00a0artyku\u0142u<\/li>\n<\/ul>\n<p class=\"Paragraph_desktopParagraph__U31Gm\">Dane dotycz\u0105ce poparcia dla cz\u0142onkostwa w Unii to cz\u0119\u015b\u0107 obszernego sonda\u017cu Eurobazooka przeprowadzonego na zlecenie francuskiego magazynu &#8222;Le Grand Continent&#8221;. Badanie przeprowadzono metod\u0105 CAWI (przy u\u017cyciu kwestionariuszy online) pod koniec listopada w Niemczech, Francji, Polsce, Hiszpanii, Portugalii, Belgii, Holandii i Chorwacji. W ka\u017cdym z kraj\u00f3w pr\u00f3ba wynosi\u0142a nieco ponad tysi\u0105c os\u00f3b.<\/p>\n<p class=\"VideoPlayerText_videoPlayerText__iDwyz\">Dalszy ci\u0105g materia\u0142u pod wideo<\/p>\n<p class=\"Paragraph_desktopParagraph__U31Gm\">Wyj\u015bcia z Unii Europejskiej domaga si\u0119 \u015brednio 19 proc. obywateli, 74 proc. chce w UE pozosta\u0107, 7 proc. nie ma zdania. Bior\u0105c pod uwag\u0119 kryzysy, z jakimi zmaga si\u0119 nasza wsp\u00f3lnota, presj\u0119 ze strony Rosji i USA, gdzie prezydent Donald Trump traktuje Uni\u0119 jako wroga, mo\u017cna powiedzie\u0107, \u017ce to \u015bwietny wynik \u2014 ocenia gazeta.<\/p>\n<ul class=\"OchatFollowUps_wrapper__1ry7X\">\n<li class=\"OchatFollowUps_item__Dhyly OchatFollowUps_itemDesktop__R6aBv\">Ile procent Polak\u00f3w chce wyj\u015bcia z Unii Europejskiej?<\/li>\n<li class=\"OchatFollowUps_item__Dhyly OchatFollowUps_itemDesktop__R6aBv\">Jakiego rodzaju sonda\u017c przeprowadzono dotycz\u0105cy polexitu?<\/li>\n<li class=\"OchatFollowUps_item__Dhyly OchatFollowUps_itemDesktop__R6aBv\">Co wskazuje na spadek poparcia dla Unii w Polsce?<\/li>\n<li class=\"OchatFollowUps_item__Dhyly OchatFollowUps_itemDesktop__R6aBv\">Jakie inne kraje zosta\u0142y uwzgl\u0119dnione w badaniu Eurobazooka?<\/li>\n<\/ul>\n<p class=\"Paragraph_desktopParagraph__U31Gm\">Z sonda\u017cu wynika, \u017ce o wyj\u015bciu z UE nie chce s\u0142ysze\u0107 90 proc. Portugalczyk\u00f3w i 89 proc. Hiszpan\u00f3w, a tak\u017ce 78 proc. Niemc\u00f3w. W Polsce za to pozostanie we wsp\u00f3lnocie popiera tylko 69 proc. badanych, a 25 proc. chce polexitu. Gorzej jest tylko we Francji, gdzie wyj\u015b\u0107 z UE chce 27 proc. badanych, a pozosta\u0107 w Unii 67 proc.<\/p>\n<p>Ro\u015bnie poparcie dla polexitu. &#8222;S\u0142abe ogniwo Europy&#8221; <\/p>\n<p class=\"Paragraph_desktopParagraph__U31Gm\">Do tej pory w sonda\u017cach przeprowadzanych przez polskie o\u015brodki badania opinii publicznej zwolennik\u00f3w polexitu by\u0142o niewielu, cho\u0107 entuzjazm Polak\u00f3w do UE gas\u0142 \u2014 przypomina &#8222;GW&#8221;. Dodaje, \u017ce w 2022 r. za pozostaniem w UE opowiada\u0142o si\u0119 92 proc. Polak\u00f3w, dwa lata p\u00f3\u017aniej 77 proc. Teraz jednak wyniki s\u0105 jeszcze gorsze, a dane m\u00f3wi\u0105ce o rekordowym 25 proc. poparciu dla polexitu s\u0105 niezwykle alarmuj\u0105ce. Autorzy badania podkre\u015blaj\u0105, \u017ce kraje takie jak Francja, ale te\u017c i Polska staj\u0105 si\u0119 s\u0142abym ogniwem Europy.<\/p>\n<p class=\"Paragraph_desktopParagraph__U31Gm\">Gazeta zastanawia si\u0119 jak t\u0142umaczy\u0107 tak niskie poparcie dla Unii w Polsce. Czy to efekt triumfu mocno eurosceptycznego Karola Nawrockiego w wyborach prezydenckich? Czy mo\u017ce wzrostu si\u0142y Konfederacji i partii Grzegorza Brauna albo desperackiej obrony pozycji przez PiS i zaostrzenie antyunijnej retoryki przez Jaros\u0142awa Kaczy\u0144skiego? Na te pytania nie ma odpowiedzi w raporcie z bada\u0144 Eurobazooka \u2014 wskazuje.<\/p>\n","protected":false},"excerpt":{"rendered":"Du\u017co czytania, a ma\u0142o czasu? Sprawd\u017a\u00a0skr\u00f3t\u00a0artyku\u0142u Dane dotycz\u0105ce poparcia dla cz\u0142onkostwa w Unii to cz\u0119\u015b\u0107 obszernego sonda\u017cu Eurobazooka&hellip;\n","protected":false},"author":2,"featured_media":133817,"comment_status":"","ping_status":"","sticky":false,"template":"","format":"standard","meta":{"footnotes":""},"categories":[5],"tags":[32,33,13041,36,37,1670,27,5361,3684,67,34,35,28,31,53,25,773,52,68,51,55,42,38,25464,40,39,2847,41,988,47,366,29,30,61,65,50,26],"class_list":{"0":"post-133816","1":"post","2":"type-post","3":"status-publish","4":"format-standard","5":"has-post-thumbnail","7":"category-naglowki","8":"tag-breaking-news","9":"tag-breakingnews","10":"tag-chorwacja_kraj","11":"tag-featured-news","12":"tag-featurednews","13":"tag-francja_francuz_francuzka_francuzi","14":"tag-headlines","15":"tag-hiszpania_kraj","16":"tag-holandia_kraj","17":"tag-intextvideo_splayer","18":"tag-latest-news","19":"tag-latestnews","20":"tag-naglowki","21":"tag-najwazniejsze-artykuly","22":"tag-new_header","23":"tag-news","24":"tag-niemcy_rfn_republika_federalna_niemiec","25":"tag-onet3","26":"tag-onet3d","27":"tag-onet3d_2i","28":"tag-phx","29":"tag-pl","30":"tag-poland","31":"tag-polexit","32":"tag-polish","33":"tag-polska","34":"tag-polska_polak_polka_polacy_polki","35":"tag-polski","36":"tag-portugalia","37":"tag-screening_general","38":"tag-sondaz","39":"tag-top-stories","40":"tag-topstories","41":"tag-ue_unia_europejska_komisja_rada_komisarze","42":"tag-update_me","43":"tag-v2021","44":"tag-wiadomosci"},"share_on_mastodon":{"url":"","error":"Validation failed: Text character limit of 500 exceeded"},"_links":{"self":[{"href":"https:\/\/www.europesays.com\/pl\/wp-json\/wp\/v2\/posts\/133816","targetHints":{"allow":["GET"]}}],"collection":[{"href":"https:\/\/www.europesays.com\/pl\/wp-json\/wp\/v2\/posts"}],"about":[{"href":"https:\/\/www.europesays.com\/pl\/wp-json\/wp\/v2\/types\/post"}],"author":[{"embeddable":true,"href":"https:\/\/www.europesays.com\/pl\/wp-json\/wp\/v2\/users\/2"}],"replies":[{"embeddable":true,"href":"https:\/\/www.europesays.com\/pl\/wp-json\/wp\/v2\/comments?post=133816"}],"version-history":[{"count":0,"href":"https:\/\/www.europesays.com\/pl\/wp-json\/wp\/v2\/posts\/133816\/revisions"}],"wp:featuredmedia":[{"embeddable":true,"href":"https:\/\/www.europesays.com\/pl\/wp-json\/wp\/v2\/media\/133817"}],"wp:attachment":[{"href":"https:\/\/www.europesays.com\/pl\/wp-json\/wp\/v2\/media?parent=133816"}],"wp:term":[{"taxonomy":"category","embeddable":true,"href":"https:\/\/www.europesays.com\/pl\/wp-json\/wp\/v2\/categories?post=133816"},{"taxonomy":"post_tag","embeddable":true,"href":"https:\/\/www.europesays.com\/pl\/wp-json\/wp\/v2\/tags?post=133816"}],"curies":[{"name":"wp","href":"https:\/\/api.w.org\/{rel}","templated":true}]}}