{"id":133839,"date":"2025-12-05T07:32:10","date_gmt":"2025-12-05T07:32:10","guid":{"rendered":"https:\/\/www.europesays.com\/pl\/133839\/"},"modified":"2025-12-05T07:32:10","modified_gmt":"2025-12-05T07:32:10","slug":"tomaszewski-zazenowany-pomyslem-ukraincow","status":"publish","type":"post","link":"https:\/\/www.europesays.com\/pl\/133839\/","title":{"rendered":"Tomaszewski za\u017cenowany pomys\u0142em Ukrai\u0144c\u00f3w"},"content":{"rendered":"\n<p class=\"contentpart contentpart--default contentpart--text\" data-position=\"0\">W marcowych bara\u017cach o udzia\u0142 w przysz\u0142orocznych mistrzostwach \u015bwiata mo\u017ce doj\u015b\u0107 do spotkania <a href=\"https:\/\/sportowefakty.wp.pl\/pilka-nozna\/polska\" rel=\"nofollow noopener\" target=\"_blank\">reprezentacji Polski<\/a>\u00a0z\u00a0<a href=\"https:\/\/sportowefakty.wp.pl\/pilka-nozna\/reprezentacja-ukrainy\" rel=\"nofollow noopener\" target=\"_blank\">Ukrain\u0105<\/a>. Aby tak si\u0119 sta\u0142o Bia\u0142o-Czerwoni musz\u0105 najpierw w p\u00f3\u0142finale pokona\u0107 Albani\u0119, a nasi wschodni s\u0105siedzi Szwecj\u0119. Cho\u0107 Ukrai\u0144cy mecze eliminacji do mundialu rozegrali w naszym kraju, tu\u017c po losowaniu bara\u017cy jasno zapowiedzieli, \u017ce zmieni\u0105 lokalizacj\u0119.<\/p>\n<p class=\"contentpart contentpart--default contentpart--text\" data-position=\"1\">Ukrai\u0144ska federacja rozwa\u017ca, \u017ceby p\u00f3\u0142fina\u0142 oraz ewentualny fina\u0142 bara\u017cy reprezentacja naszych s\u0105siad\u00f3w rozegra\u0142a w Hiszpanii. To spotka\u0142o si\u0119 z w wi\u0119kszo\u015bci negatywnymi opiniami. <a href=\"https:\/\/sportowefakty.wp.pl\/pilka-nozna\/jan-tomaszewski\" rel=\"nofollow noopener\" target=\"_blank\">Jan Tomaszewski<\/a>\u00a0w rozmowie z &#8222;Super Expressem&#8221; odni\u00f3s\u0142 si\u0119 do tych doniesie\u0144 i nie kry\u0142 oburzenia. Jego zdaniem Ukraina powinna zagra\u0107 na PGE Narodowym w Warszawie, co prze\u0142o\u017cy\u0142oby si\u0119 na spor\u0105 frekwencj\u0119 obywateli tego kraju mieszkaj\u0105cych w Polsce.<\/p>\n<p> <img role=\"presentation\" src=\"https:\/\/std.wpcdn.pl\/images\/adv\/placeholder_wp.svg\" loading=\"lazy\" alt=\"\" decoding=\"async\"\/>  <\/p>\n<p class=\"contentpart contentpart--default contentpart--text\" data-position=\"2\">ZOBACZ WIDEO: Krychowiak w swoim stylu. Sala od razu wybuch\u0142a \u015bmiechem<\/p>\n<p class=\"contentpart contentpart--default contentpart--text\" data-position=\"4\">&#8211; Dla mnie Ukrai\u0144cy zachowali si\u0119 jak psy ogrodnika &#8211; stwierdzi\u0142 wprost. &#8211;\u00a0Zamiast, tak jak sugerowali\u015bmy, gra\u0107 na Narodowym, gdzie w Polsce jest kilka tysi\u0119cy Ukrai\u0144c\u00f3w, stadion by\u0142by wype\u0142niony. By\u0142oby to \u015bwi\u0119to dw\u00f3ch narod\u00f3w &#8211; doda\u0142 by\u0142y reprezentant Polski.<\/p>\n<p class=\"contentpart contentpart--default contentpart--text\" data-position=\"5\">&#8211; Nagle graj\u0105 w Hiszpanii. \u017bycz\u0119 im naprawd\u0119, \u017ceby przegrali ze Szwedami. Mo\u017cemy pojecha\u0107 do Szwecji, a nie do Hiszpanii na mecz z Ukrain\u0105\u00a0&#8211; doda\u0142 Tomaszewski.<\/p>\n<p class=\"contentpart contentpart--default contentpart--text\" data-position=\"6\">Br\u0105zowy medalista mistrzostw \u015bwiata z 1974 roku odni\u00f3s\u0142 si\u0119 te\u017c do spotkania Ukrainy ze Szwecj\u0105. Stwierdzi\u0142 wprost, \u017ce liczy na dogrywk\u0119, co prze\u0142o\u017cy\u0142oby si\u0119 na wi\u0119ksze zm\u0119czenie rywali przed ewentualnym fina\u0142em z Polsk\u0105. Tomaszewski liczy na to, \u017ce Szwedzi po katastrofalnych eliminacjach, w trakcie kt\u00f3rych nie wygrali ani jednego meczu, podnios\u0105 si\u0119.<\/p>\n","protected":false},"excerpt":{"rendered":"W marcowych bara\u017cach o udzia\u0142 w przysz\u0142orocznych mistrzostwach \u015bwiata mo\u017ce doj\u015b\u0107 do spotkania reprezentacji Polski\u00a0z\u00a0Ukrain\u0105. Aby tak si\u0119&hellip;\n","protected":false},"author":2,"featured_media":133840,"comment_status":"","ping_status":"","sticky":false,"template":"","format":"standard","meta":{"footnotes":""},"categories":[24],"tags":[2574,541,3037,9090,269,278,42,38,40,39,41,537,13104,539,127,126,415],"class_list":{"0":"post-133839","1":"post","2":"type-post","3":"status-publish","4":"format-standard","5":"has-post-thumbnail","7":"category-sport","8":"tag-jan-tomaszewski","9":"tag-kadra-polski","10":"tag-mistrzostwa-swiata","11":"tag-mistrzostwa-swiata-2026","12":"tag-pilka-nozna","13":"tag-pilka-w-europie","14":"tag-pl","15":"tag-poland","16":"tag-polish","17":"tag-polska","18":"tag-polski","19":"tag-reprezentacja-polski","20":"tag-reprezentacja-ukrainy","21":"tag-reprezentacje","22":"tag-sport","23":"tag-sports","24":"tag-ukraina"},"share_on_mastodon":{"url":"https:\/\/pubeurope.com\/@pl\/115665800437064201","error":""},"_links":{"self":[{"href":"https:\/\/www.europesays.com\/pl\/wp-json\/wp\/v2\/posts\/133839","targetHints":{"allow":["GET"]}}],"collection":[{"href":"https:\/\/www.europesays.com\/pl\/wp-json\/wp\/v2\/posts"}],"about":[{"href":"https:\/\/www.europesays.com\/pl\/wp-json\/wp\/v2\/types\/post"}],"author":[{"embeddable":true,"href":"https:\/\/www.europesays.com\/pl\/wp-json\/wp\/v2\/users\/2"}],"replies":[{"embeddable":true,"href":"https:\/\/www.europesays.com\/pl\/wp-json\/wp\/v2\/comments?post=133839"}],"version-history":[{"count":0,"href":"https:\/\/www.europesays.com\/pl\/wp-json\/wp\/v2\/posts\/133839\/revisions"}],"wp:featuredmedia":[{"embeddable":true,"href":"https:\/\/www.europesays.com\/pl\/wp-json\/wp\/v2\/media\/133840"}],"wp:attachment":[{"href":"https:\/\/www.europesays.com\/pl\/wp-json\/wp\/v2\/media?parent=133839"}],"wp:term":[{"taxonomy":"category","embeddable":true,"href":"https:\/\/www.europesays.com\/pl\/wp-json\/wp\/v2\/categories?post=133839"},{"taxonomy":"post_tag","embeddable":true,"href":"https:\/\/www.europesays.com\/pl\/wp-json\/wp\/v2\/tags?post=133839"}],"curies":[{"name":"wp","href":"https:\/\/api.w.org\/{rel}","templated":true}]}}