{"id":133888,"date":"2025-12-05T08:06:10","date_gmt":"2025-12-05T08:06:10","guid":{"rendered":"https:\/\/www.europesays.com\/pl\/133888\/"},"modified":"2025-12-05T08:06:10","modified_gmt":"2025-12-05T08:06:10","slug":"nie-zyje-rafal-kolsut-znany-jako-dyzio-z-ziarna-otwarcie-mowil-o-niecheci-do-ksiezy","status":"publish","type":"post","link":"https:\/\/www.europesays.com\/pl\/133888\/","title":{"rendered":"Nie \u017cyje Rafa\u0142 Ko\u0142sut, znany jako Dyzio z &#8222;Ziarna&#8221;. Otwarcie m\u00f3wi\u0142 o niech\u0119ci do ksi\u0119\u017cy"},"content":{"rendered":"<p class=\"ods-c-paragraph \">Na profilu Centrum Komiks\u00f3w Disneya na Facebooku pojawi\u0142a si\u0119 informacja od przyjaciela zmar\u0142ego, Rafa\u0142a Sz\u0142apy.<\/p>\n<blockquote class=\"ods-o-quota\">\n<p class=\"ods-o-quota__paragraph\">Zmar\u0142 RAFA\u0141 KO\u0141SUT, wieloletni organizator Krakowskiego Festiwalu Komiksu, wyk\u0142adowca akademicki, scenarzysta komiksowy. aktor dubbingowy (m.in. Justin z &#8222;Czarodziej\u00f3w z Waverly Place&#8221;), a tak\u017ce po prostu fan komiks\u00f3w, w tym historyjek z disnejowskimi postaciami. Wielka strata dla polskiego \u015brodowiska komiksowego. A tak\u017ce jest to dla mnie osobista strata, bo z Rafa\u0142em rozmawia\u0142em regularnie od lat i nasze drogi cz\u0119sto przecina\u0142y si\u0119 w r\u00f3\u017cnych miejscach. Jeszcze ledwie kilkana\u015bcie dni temu podsy\u0142a\u0142em mu materia\u0142y do wystawy, kt\u00f3ra zawis\u0142a w Krakowie. Pami\u0119tajcie, \u017ce je\u015bli czujecie si\u0119 \u017ale, potrzebujecie wsparcia \u2014 m\u00f3wcie o tym. Nie jeste\u015bcie sami<\/p>\n<\/blockquote>\n<p class=\"ods-c-paragraph \">\u2014 mo\u017cna przeczyta\u0107.<\/p>\n<p class=\"ods-c-paragraph \">Kilka godzin wcze\u015bniej na profilu Ko\u0142suta na Facebooku pojawi\u0142 si\u0119 kr\u00f3tki wpis &#8222;Przepraszam&#8221;, a zdj\u0119cie w tle, jak i zdj\u0119cie profilowe zosta\u0142y zmienione na czarne.<\/p>\n<p class=\"ods-c-paragraph \">Informacj\u0119 o \u015bmierci przekazano r\u00f3wnie\u017c na profilu kana\u0142u &#8222;Widz\u0119 g\u0142osy&#8221; na Facebooku, zwi\u0105zanego z aktorami dubbingowymi.<\/p>\n<p>Dalszy ci\u0105g artyku\u0142u pod materia\u0142em wideo<\/p>\n<p> Jaka by\u0142a przyczyna \u015bmierci Rafa\u0142a Ko\u0142suta? <\/p>\n<p> Kiedy zmar\u0142 Rafa\u0142 Ko\u0142sut? <\/p>\n<p> Jakie by\u0142y g\u0142\u00f3wne osi\u0105gni\u0119cia Rafa\u0142a Ko\u0142suta? <\/p>\n<p> Co wp\u0142yn\u0119\u0142o na zmian\u0119 pogl\u0105d\u00f3w Rafa\u0142a Ko\u0142suta na Ko\u015bci\u00f3\u0142? <\/p>\n<p>  Audiencja u Jana Paw\u0142a II jako punkt zwrotny<\/p>\n<p class=\"ods-c-paragraph \">Za kluczowy moment w swoim \u017cyciu Ko\u0142sut uzna\u0142 audiencj\u0119 u <a href=\"https:\/\/plejada.pl\/polscy-celebryci\/te-gwiazdy-spotkaly-jana-pawla-ii-krzysztof-krawczyk-wreczyl-mu-prezent\/m3hr9s8\" id=\"ac5951dc-d6e0-4077-a535-565bab800900\" rel=\"nofollow noopener\" target=\"_blank\">Jana Paw\u0142a II<\/a> w 2004 r. W rozmowie w &#8222;Podcastexie&#8221; opisa\u0142 to wydarzenie jako do\u015bwiadczenie, kt\u00f3re zachwia\u0142o jego wiar\u0105 w instytucj\u0119 Ko\u015bcio\u0142a. &#8222;Papie\u017c zawsze by\u0142 kim\u015b wi\u0119kszym od cz\u0142owieka, a teraz wcale tak nie wygl\u0105da&#8221; \u2014 wspomina\u0142. Spotkanie z papie\u017cem pozostawi\u0142o w nim poczucie rozczarowania i sta\u0142o si\u0119 impulsem do zaostrzenia jego pogl\u0105d\u00f3w.<\/p>\n<p class=\"ods-c-paragraph \">Rafa\u0142 Ko\u0142sut rozpocz\u0105\u0142 swoj\u0105 przygod\u0119 z telewizj\u0105 w wieku siedmiu lat, wyst\u0119puj\u0105c w programie &#8222;Ziarno&#8221;. Jego obecno\u015b\u0107 na ekranie trwa\u0142a ponad dekad\u0119 i zako\u0144czy\u0142a si\u0119 w 2008 r., tu\u017c przed matur\u0105. W rozmowie w podca\u015bcie &#8222;Podcastex&#8221; Ko\u0142sut przyzna\u0142, \u017ce nigdy nie by\u0142 g\u0142\u0119boko wierz\u0105cy, a kontakt z niekt\u00f3rymi duchownymi przyspieszy\u0142 jego dystans wobec Ko\u015bcio\u0142a.<\/p>\n<p class=\"ods-c-paragraph \">Ko\u0142sut podkre\u015bla\u0142, \u017ce zderzenie wizerunku duchownych na ekranie z ich zachowaniem poza kamer\u0105 by\u0142o dla niego trudnym do\u015bwiadczeniem. W 2008 r. postanowi\u0142 odej\u015b\u0107 z programu, t\u0142umacz\u0105c, \u017ce nie chcia\u0142 by\u0107 kojarzony z jego &#8222;moralizatorsko-propagandowym przekazem wspieraj\u0105cym Ko\u015bci\u00f3\u0142 katolicki&#8221;.<\/p>\n<p class=\"ods-c-paragraph \">Je\u015bli czujesz, \u017ce potrzebujesz pomocy, odczuwasz l\u0119k i smutek, masz my\u015bli samob\u00f3jcze nie czekaj, zadzwo\u0144 pod jeden z numer\u00f3w pomocowych dost\u0119pnych bezp\u0142atnie i czynnych ca\u0142\u0105 dob\u0119, siedem dni w tygodniu:<\/p>\n<p class=\"ods-c-paragraph \">800 70 22 22 \u2014 Centrum Wsparcia dla Os\u00f3b Doros\u0142ych w Kryzysie Psychicznym<\/p>\n<p class=\"ods-c-paragraph \">800 12 12 12 \u2014 Wsparcie psychologiczne w sytuacji kryzysowej \u2014 infolinia dla dzieci, m\u0142odzie\u017cy i opiekun\u00f3w<\/p>\n<p class=\"ods-c-paragraph \">116 111 \u2014 Telefon Zaufania dla Dzieci i M\u0142odzie\u017cy<\/p>\n<p class=\"ods-c-paragraph \">112 \u2014 W razie bezpo\u015bredniego zagro\u017cenia \u017cycia lub zdrowia<\/p>\n<p class=\"ods-c-paragraph \">Dzi\u0119kujemy, \u017ce przeczyta\u0142a\u015b\/e\u015b nasz artyku\u0142 do ko\u0144ca. W serwisie Plejada.pl ka\u017cdego dnia piszemy o najwa\u017cniejszych wydarzeniach show-biznesowych. B\u0105d\u017a na bie\u017c\u0105co! <a rel=\"nofollow noopener\" href=\"https:\/\/profile.google.com\/cp\/Cg0vZy8xMWJ6X19wdHBx\" id=\"d5b8011d-6ed9-4a3d-9a79-be81e593a754\" target=\"_blank\">Obserwuj<\/a> Plejad\u0119 w Google. Odwied\u017a nas tak\u017ce na <a rel=\"nofollow noopener\" href=\"https:\/\/www.facebook.com\/plejadapl\" id=\"b2bd1797-4ba9-45bb-b81d-5c53c222a5a4\" target=\"_blank\">Facebooku<\/a>, <a rel=\"nofollow noopener\" href=\"https:\/\/www.instagram.com\/plejadapl\/\" id=\"3406c2c8-e02c-4473-bc9f-1fbddd76f741\" target=\"_blank\">Instagramie<\/a>, <a rel=\"nofollow noopener\" href=\"https:\/\/www.youtube.com\/c\/plejada\" id=\"60e584c8-974e-4e68-9aec-2e74788b88e9\" target=\"_blank\">YouTubie<\/a> oraz <a rel=\"nofollow noopener\" href=\"https:\/\/www.tiktok.com\/@plejada_pl\" id=\"f0b4b012-bfd7-49f1-a0fe-06f5546e0370\" target=\"_blank\">TikToku<\/a>.<\/p>\n<p class=\"ods-c-paragraph \">Chcesz podzieli\u0107 si\u0119 ciekawym newsem lub zaproponowa\u0107 temat? Skontaktuj si\u0119 z nami, pisz\u0105c maila na adres: <a rel=\"nofollow noopener\" href=\"https:\/\/plejada.pl\/newsy\/nie-zyje-rafal-kosut-znany-jako-dyzio-z-ziarna-otwarcie-mowil-o-niecheci-do-ksiezy\/mailto:plejada@redakcjaonet.pl\" id=\"3f14764e-a6e4-4090-a778-83fd72e7f44a\" target=\"_blank\">plejada@redakcjaon<\/a><a href=\"https:\/\/et.pl\" id=\"f683330d-ea7d-4678-ab63-f2bf267658aa\" rel=\"nofollow noopener\" target=\"_blank\">et.pl<\/a>.<\/p>\n<p><script async src=\"\/\/www.instagram.com\/embed.js\"><\/script><script async src=\"\/\/www.tiktok.com\/embed.js\"><\/script><\/p>\n","protected":false},"excerpt":{"rendered":"Na profilu Centrum Komiks\u00f3w Disneya na Facebooku pojawi\u0142a si\u0119 informacja od przyjaciela zmar\u0142ego, Rafa\u0142a Sz\u0142apy. Zmar\u0142 RAFA\u0141 KO\u0141SUT,&hellip;\n","protected":false},"author":2,"featured_media":133889,"comment_status":"","ping_status":"","sticky":false,"template":"","format":"standard","meta":{"footnotes":""},"categories":[5],"tags":[32,33,36,37,27,34,35,28,31,48,25,125,46,42,38,40,39,41,27889,27890,25199,47,511,29,30,26],"class_list":{"0":"post-133888","1":"post","2":"type-post","3":"status-publish","4":"format-standard","5":"has-post-thumbnail","7":"category-naglowki","8":"tag-breaking-news","9":"tag-breakingnews","10":"tag-featured-news","11":"tag-featurednews","12":"tag-headlines","13":"tag-latest-news","14":"tag-latestnews","15":"tag-naglowki","16":"tag-najwazniejsze-artykuly","17":"tag-nat_styl","18":"tag-news","19":"tag-newsy","20":"tag-omp","21":"tag-pl","22":"tag-poland","23":"tag-polish","24":"tag-polska","25":"tag-polski","26":"tag-rafal_kolsut","27":"tag-rafal_szlapa","28":"tag-rebrand_ai_tst1","29":"tag-screening_general","30":"tag-smierc","31":"tag-top-stories","32":"tag-topstories","33":"tag-wiadomosci"},"share_on_mastodon":{"url":"https:\/\/pubeurope.com\/@pl\/115665933777606429","error":""},"_links":{"self":[{"href":"https:\/\/www.europesays.com\/pl\/wp-json\/wp\/v2\/posts\/133888","targetHints":{"allow":["GET"]}}],"collection":[{"href":"https:\/\/www.europesays.com\/pl\/wp-json\/wp\/v2\/posts"}],"about":[{"href":"https:\/\/www.europesays.com\/pl\/wp-json\/wp\/v2\/types\/post"}],"author":[{"embeddable":true,"href":"https:\/\/www.europesays.com\/pl\/wp-json\/wp\/v2\/users\/2"}],"replies":[{"embeddable":true,"href":"https:\/\/www.europesays.com\/pl\/wp-json\/wp\/v2\/comments?post=133888"}],"version-history":[{"count":0,"href":"https:\/\/www.europesays.com\/pl\/wp-json\/wp\/v2\/posts\/133888\/revisions"}],"wp:featuredmedia":[{"embeddable":true,"href":"https:\/\/www.europesays.com\/pl\/wp-json\/wp\/v2\/media\/133889"}],"wp:attachment":[{"href":"https:\/\/www.europesays.com\/pl\/wp-json\/wp\/v2\/media?parent=133888"}],"wp:term":[{"taxonomy":"category","embeddable":true,"href":"https:\/\/www.europesays.com\/pl\/wp-json\/wp\/v2\/categories?post=133888"},{"taxonomy":"post_tag","embeddable":true,"href":"https:\/\/www.europesays.com\/pl\/wp-json\/wp\/v2\/tags?post=133888"}],"curies":[{"name":"wp","href":"https:\/\/api.w.org\/{rel}","templated":true}]}}