{"id":133925,"date":"2025-12-05T08:33:08","date_gmt":"2025-12-05T08:33:08","guid":{"rendered":"https:\/\/www.europesays.com\/pl\/133925\/"},"modified":"2025-12-05T08:33:08","modified_gmt":"2025-12-05T08:33:08","slug":"morawiecki-zwrocil-sie-do-tuska-ma-dla-niego-dwie-wiadomosci-nie-zamierzam-onet","status":"publish","type":"post","link":"https:\/\/www.europesays.com\/pl\/133925\/","title":{"rendered":"Morawiecki zwr\u00f3ci\u0142 si\u0119 do Tuska. Ma dla niego dwie wiadomo\u015bci. &quot;Nie zamierzam&quot; &#8211; Onet"},"content":{"rendered":"<ol>\n<li><a href=\"https:\/\/news.google.com\/rss\/articles\/CBMiyAFBVV95cUxPTHNTckpabXBXX0pfdUM1enJiNFd3MmE4cVk2bU1NNlJRVUJEMDBKcUJOYU00RHUzMlVBaXlqTXBkMENfd3lSOEZrdE1mX25qQ2VVM2lRLTVfWW9hOTEyUERhZnRmT0Fndnl0VGpiMll2elNpTTBlQ2Y5WWpkRFUxb0hsekRpUXpYSnBYangyQy1xV08xRFJQZVFLdXB2WGhhWk5ESXlZSEY0c3ducndfSTU2UmdjQkhhYllaOEpnbFFZUDM0ZE84MQ?oc=5\" target=\"_blank\" rel=\"nofollow noopener\">Morawiecki zwr\u00f3ci\u0142 si\u0119 do Tuska. Ma dla niego dwie wiadomo\u015bci. &#8222;Nie zamierzam&#8221;<\/a>&nbsp;&nbsp;Onet<\/li>\n<li><a href=\"https:\/\/news.google.com\/rss\/articles\/CBMiuwFBVV95cUxNbk5ZX2MxcXVUMk5hbGo5MG9NU2lrYlQ2ZnUyMlY0Y3BxTWZ2MmJKOWFEcGtFT1hrbkNTZTBBd0x3Zjd6Q0x4dGRINV9iOTEtRDJoTGtfSGdBay1XSFktS01sejBzRDc1M1FjM2haV25vamdicHFfQjNRYWg1SEJzYWlaTlF6SlFGOF9OMjlOb1pSbVRiSTVwLXdPbmZpQWFubDhSWjZEai0ySnpmWXZpOE8wS0NxMTE0akg4?oc=5\" target=\"_blank\" rel=\"nofollow noopener\">Mateusz Morawiecki zwr\u00f3ci\u0142 si\u0119 do premiera. &#8222;Mam dwie wiadomo\u015bci&#8221; [RELACJA NA \u017bYWO]<\/a>&nbsp;&nbsp;Onet Wiadomo\u015bci<\/li>\n<li><a href=\"https:\/\/news.google.com\/rss\/articles\/CBMinwFBVV95cUxQaEo2SDZmV2JTdTkwTG5neWk5LVJIQ0Y4MWN4R25wSHNqY2kwNVRHZk9ldUpfX1BnTVZzQXB1bmVLQzNzTTI3SmtQdHppb3lLV0pGcEk0RkRxRWhTc3k4clZ2bmZwWGo0N21VUVY0T2Fsa2tYcEc2a183OW9TQ3BUWDBRaDFwWTJ1QnpxZEdrc1Fjbk9HdFBVT2FzX2d1eVU?oc=5\" target=\"_blank\" rel=\"nofollow noopener\">Morawiecki zamie\u015bci\u0142 nagranie. &#8222;Dwie wiadomo\u015bci dla Tuska&#8221;<\/a>&nbsp;&nbsp;WP Wiadomo\u015bci<\/li>\n<li><a href=\"https:\/\/news.google.com\/rss\/articles\/CBMimgFBVV95cUxQZHB5V1NlVmFHS0ZIdnd4M0dBMDZZZDRDdUFvT1JnQjRNQXcxZV9ocFJBbk9yNDNJX01wejhVNC15bUhONk16WHo5QTY0MjAtYy1jcWtuTVozUzUxM3Ftdk1XQ2xFOTNlT09keTVKa21oQWNETFBjcngyaktSRFZDaGNaODFUcTZUUlU4V3NMTHBnSlZ6bjlSOU53?oc=5\" target=\"_blank\" rel=\"nofollow noopener\">Morawiecki z USA zwr\u00f3ci\u0142 si\u0119 do Tuska: Nie \u017caden Mateusz M.<\/a>&nbsp;&nbsp;wPolityce.pl<\/li>\n<li><a href=\"https:\/\/news.google.com\/rss\/articles\/CBMipAFBVV95cUxNNDBMZ2o3XzRzVFViWWVpZDlOTkU5aWxYV0F2amZzNzFCeVkwM29VNEt6elg5NVlnWG44VHcwOTE5b1JHYUVZRjNaRlkwTlhkeURyNGo5dnN2eVMtOEJfaHBkcTJ6UjA1TWlQSjdMOHQycktjZDRhWU9EX2xNb19EUk83OXhUWFF1aVVFeXhiS21LeU9RX2Y0Q2E5QTBFaDZsUmJOcg?oc=5\" target=\"_blank\" rel=\"nofollow noopener\">\u201eIntensywna seria spotka\u0144 z naszymi sojusznikami\u201d \u2014 Morawiecki leci do USA<\/a>&nbsp;&nbsp;300polityka<\/li>\n<\/ol>\n","protected":false},"excerpt":{"rendered":"Morawiecki zwr\u00f3ci\u0142 si\u0119 do Tuska. Ma dla niego dwie wiadomo\u015bci. &#8222;Nie zamierzam&#8221;&nbsp;&nbsp;Onet Mateusz Morawiecki zwr\u00f3ci\u0142 si\u0119 do premiera.&hellip;\n","protected":false},"author":2,"featured_media":133926,"comment_status":"","ping_status":"","sticky":false,"template":"","format":"standard","meta":{"footnotes":""},"categories":[12],"tags":[32,33,200,36,37,27,67,34,35,1656,28,31,53,25,52,68,51,55,42,38,40,39,41,47,29,30,789,65,50,26],"class_list":{"0":"post-133925","1":"post","2":"type-post","3":"status-publish","4":"format-standard","5":"has-post-thumbnail","7":"category-polska","8":"tag-breaking-news","9":"tag-breakingnews","10":"tag-donald_tusk_polityk","11":"tag-featured-news","12":"tag-featurednews","13":"tag-headlines","14":"tag-intextvideo_splayer","15":"tag-latest-news","16":"tag-latestnews","17":"tag-mateusz_morawiecki_polityk","18":"tag-naglowki","19":"tag-najwazniejsze-artykuly","20":"tag-new_header","21":"tag-news","22":"tag-onet3","23":"tag-onet3d","24":"tag-onet3d_2i","25":"tag-phx","26":"tag-pl","27":"tag-poland","28":"tag-polish","29":"tag-polska","30":"tag-polski","31":"tag-screening_general","32":"tag-top-stories","33":"tag-topstories","34":"tag-trybunal_stanu","35":"tag-update_me","36":"tag-v2021","37":"tag-wiadomosci"},"share_on_mastodon":{"url":"https:\/\/pubeurope.com\/@pl\/115666039844808596","error":""},"_links":{"self":[{"href":"https:\/\/www.europesays.com\/pl\/wp-json\/wp\/v2\/posts\/133925","targetHints":{"allow":["GET"]}}],"collection":[{"href":"https:\/\/www.europesays.com\/pl\/wp-json\/wp\/v2\/posts"}],"about":[{"href":"https:\/\/www.europesays.com\/pl\/wp-json\/wp\/v2\/types\/post"}],"author":[{"embeddable":true,"href":"https:\/\/www.europesays.com\/pl\/wp-json\/wp\/v2\/users\/2"}],"replies":[{"embeddable":true,"href":"https:\/\/www.europesays.com\/pl\/wp-json\/wp\/v2\/comments?post=133925"}],"version-history":[{"count":0,"href":"https:\/\/www.europesays.com\/pl\/wp-json\/wp\/v2\/posts\/133925\/revisions"}],"wp:featuredmedia":[{"embeddable":true,"href":"https:\/\/www.europesays.com\/pl\/wp-json\/wp\/v2\/media\/133926"}],"wp:attachment":[{"href":"https:\/\/www.europesays.com\/pl\/wp-json\/wp\/v2\/media?parent=133925"}],"wp:term":[{"taxonomy":"category","embeddable":true,"href":"https:\/\/www.europesays.com\/pl\/wp-json\/wp\/v2\/categories?post=133925"},{"taxonomy":"post_tag","embeddable":true,"href":"https:\/\/www.europesays.com\/pl\/wp-json\/wp\/v2\/tags?post=133925"}],"curies":[{"name":"wp","href":"https:\/\/api.w.org\/{rel}","templated":true}]}}