{"id":133951,"date":"2025-12-05T08:49:13","date_gmt":"2025-12-05T08:49:13","guid":{"rendered":"https:\/\/www.europesays.com\/pl\/133951\/"},"modified":"2025-12-05T08:49:13","modified_gmt":"2025-12-05T08:49:13","slug":"kacper-tomasiak-to-talent-na-miare-malysza-i-stocha-oto-jego-historia","status":"publish","type":"post","link":"https:\/\/www.europesays.com\/pl\/133951\/","title":{"rendered":"Kacper Tomasiak to talent na miar\u0119 Ma\u0142ysza i Stocha. Oto jego historia"},"content":{"rendered":"<p>W pi\u0105tek, 5 grudnia 2025 r., Kacper Tomasiak staje do kwalifikacji w Wi\u015ble, wracaj\u0105c tam, gdzie rozpocz\u0119\u0142a si\u0119 jego kariera sportowa. On sam swoje pierwsze skoki pami\u0119ta jak przez mg\u0142\u0119, z pomoc\u0105 przychodzi nam jego ojciec.<\/p>\n<p>\u2014 Mia\u0142 sze\u015b\u0107 lat, gdy pojechali\u015bmy na zawody w Wi\u015ble \u0141abajowie. To by\u0142 &#8222;Puchar G\u0142uszca&#8221;, konkurs organizowany z inicjatywy Nadle\u015bnictwa Wis\u0142a. Na tamtej male\u0144kiej skoczni mo\u017cna by\u0142o potrenowa\u0107, wi\u0119c wybrali\u015bmy si\u0119 dzie\u0144 wcze\u015bniej, zabieraj\u0105c elany, kt\u00f3re musia\u0142em dla niego przyci\u0105\u0107 do d\u0142ugo\u015bci metr czterdzie\u015bci, wtedy w sklepach tak kr\u00f3tkich nie by\u0142o. Kacper rywalizowa\u0142 po raz pierwszy w \u017cyciu, ale od razu by\u0142o wida\u0107, \u017ce potrafi si\u0119 odbi\u0107 na progu i odlecie\u0107 \u2014 wspomina Wojciech Tomasiak.<\/p>\n<p>Pocz\u0105tkuj\u0105cy zawodnik LKS Klimczok Bystra w pierwszym skoku na obiekcie K-12 uzyska\u0142 9 metr\u00f3w, a w drugim 6,5 m, zwyci\u0119\u017caj\u0105c w grupie ch\u0142opc\u00f3w z rocznika 2005, a wi\u0119c o dwa lata starszych.<\/p>\n<p>Na zdj\u0119ciach z zawod\u00f3w, kt\u00f3re odby\u0142y si\u0119 20 lutego 2013 r., wida\u0107 na podium wyr\u00f3\u017cniaj\u0105cego si\u0119 wzrostem Kacpra, kt\u00f3ry trzyma w r\u0119ku dyplom i maskotk\u0119, a obok oficjeli, kt\u00f3rzy wr\u0119czali nagrody: burmistrza Jana Poloczka, prezesa KS Wis\u0142a Ustronianka Zbigniewa Wuwera, nadle\u015bniczego Witolda Szozd\u0119, wiceprezesa PZN Andrzeja W\u0105sowicza oraz Jana Szturca, pierwszego trenera Adama Ma\u0142ysza.<\/p>\n<p>Tego dnia Kacper mia\u0142 na sobie niebiesk\u0105 kurtk\u0119 i czarne spodnie oraz buty do narciarstwa zjazdowego. \u2014 Buty skokowe dosta\u0142 dopiero, gdy podr\u00f3s\u0142, podobnie zreszt\u0105 jak kombinezon \u2014 trzeba by\u0142o ci\u0105\u0107, skraca\u0107, zszywa\u0107 r\u0119cznie, \u017ceby si\u0119 to na nim trzyma\u0142o \u2014 t\u0142umaczy ojciec zawodnika.<\/p>\n<p>Z dalszej cz\u0119\u015bci tekstu dowiesz si\u0119, czym Kacper Tomasiak wyr\u00f3\u017cnia\u0142 si\u0119 jako dziecko i co zadecydowa\u0142o, \u017ce jego sukcesy nie sko\u0144czy\u0142y si\u0119 w ni\u017cszych kategoriach wiekowych. O jego drodze do kadry A opowiadaj\u0105 m.in. ojciec, trenerzy i dyrektorka szko\u0142y.<\/p>\n<p class=\"Paragraph_desktopParagraph__Fd2e9\">Wojciech Tomasiak jako dziecko nie mia\u0142 ze skokami do czynienia, w rodzinnym Rytrze uprawia\u0142 narciarstwo biegowe. Jego \u017cona Kinga pochodzi z Nowego S\u0105cza, a to, \u017ce zamieszkali w okolicach Bielska-Bia\u0142ej, jest po cz\u0119\u015bci dzie\u0142em przypadku.<\/p>\n<p class=\"Paragraph_desktopParagraph__Fd2e9\">\u2014 Ko\u0144czy\u0142em AWF i rozgl\u0105da\u0142em si\u0119 za prac\u0105, gdy w Krakowie natkn\u0105\u0142em si\u0119 na pani\u0105 dyrektor Urszul\u0119 \u015aliw\u0119-Gluz\u0119, kt\u00f3ra w Szkole Mistrzostwa Sportowego Szczyrk w Buczkowicach mia\u0142a wakat. I tak oto trafi\u0142em w Beskidy \u2014 wyja\u015bnia Tomasiak, kt\u00f3ry w trakcie studi\u00f3w wybra\u0142 specjalizacj\u0119 z narciarstwa klasycznego pod kierunkiem prof. Szymona Krasickiego, promotora dysertacji doktorskiej Justyny Kowalczyk.<\/p>\n<p class=\"Paragraph_desktopParagraph__Fd2e9\">\u2014 Biegi, skoki i kombinacja norweska, o wszystkim po trochu trzeba by\u0142o co\u015b wiedzie\u0107 \u2014 opowiada. \u2014 A jak ju\u017c pracowa\u0142em w szkole, to zrezygnowa\u0142 prowadz\u0105cy kombinacj\u0119 Stasiu Ustupski i us\u0142ysza\u0142em od pani dyrektor: &#8222;S\u0142uchaj Wojtek, masz papiery z narciarstwa klasycznego, mo\u017ce by\u015b to przej\u0105\u0142?&#8221;. Pomaga\u0142 mi trener od skok\u00f3w Zbyszek Byrdy, ja bardziej mia\u0142em si\u0119 zajmowa\u0107 sfer\u0105 biegow\u0105. Stopniowo si\u0119 jednak rozwija\u0142em, wskaz\u00f3wki dawa\u0142 mi \u015bwi\u0119tej pami\u0119ci trener Tadeusz Pawlusiak. Uczestniczy\u0142em w wielu kursach i warsztatach, sporym wydarzeniem w naszej szkole by\u0142a wizyta trenera kadry Hannu Lepist\u00f6. Nie zapomn\u0119 te\u017c rad trenera Tadeusza Ko\u0142dera, kt\u00f3ry powtarza\u0142, \u017ce skoki z biomechanicznego punktu widzenia to bardzo prosty technicznie sport: wystarczy si\u0119 u\u0142o\u017cy\u0107, wsta\u0107, odbi\u0107 si\u0119, polecie\u0107, wyl\u0105dowa\u0107. \u0141atwe, prawda? Gorzej, jak to wszystko trzeba wykona\u0107 przy pr\u0119dko\u015bci dochodz\u0105cej na progu do 100 km na godz., a nast\u0119pnie zachowa\u0107 orientacj\u0119 w locie.<\/p>\n<p class=\"Paragraph_desktopParagraph__Fd2e9\">Tomasiak wiedzia\u0142 ju\u017c, jak uczy\u0107 skok\u00f3w, ale pierworodnego syna wola\u0142 odda\u0107 pod opiek\u0119 innego trenera; mia\u0142 prze\u015bwiadczenie, \u017ce uk\u0142ad dziecko \u2014 rodzic w szkoleniu rzadko si\u0119 sprawdza.<\/p>\n<p class=\"Paragraph_desktopParagraph__Fd2e9\">Kacper rozpocz\u0105\u0142 wi\u0119c treningi w pobliskim klubie. Mia\u0142 szcz\u0119\u015bcie, trafi\u0142 do LKS Klimczok Bystra, mekki dla ch\u0142opc\u00f3w i dziewczynek z pasj\u0105.<\/p>\n<p>Wszystko mu \u0142atwo przychodzi\u0142o<\/p>\n<p class=\"Paragraph_desktopParagraph__Fd2e9\">W Bystrej, na obiektach HS-19 i HS-31, skoki trenuje ponad 50 dzieci. Prezes klubu Pawe\u0142 Niemczyk zwraca uwag\u0119, \u017ce ka\u017cde z nich zaczyna szkolenie u Jaros\u0142awa Koniora, wiceprezesa PZN, w minionych 15 latach cenionego dyrektora SMS Szczyrk, fachowca o ustalonej w Beskidach renomie. To spod jego r\u0119ki wyszli medali\u015bci mistrzostw \u015bwiata junior\u00f3w, a wi\u0119c Jakub Wolny, ostatni polski mistrz w tej kategorii wiekowej z 2014 r., a nast\u0119pnie Jan Habdas, br\u0105zowy medalista indywidualnie sprzed dw\u00f3ch lat i srebrny w dru\u017cynie, kt\u00f3r\u0105 stanowili tak\u017ce Klemens Joniak, Marcin Wr\u00f3bel i Kacper Tomasiak.<\/p>\n<p><img decoding=\"async\" src=\"https:\/\/www.europesays.com\/pl\/wp-content\/uploads\/2025\/12\/kacper-tomasiak.jpg\" alt=\"Kacper Tomasiak\" width=\"944\" height=\"629\" loading=\"lazy\" class=\"\" \/>Kacper Tomasiak (Foto: Jarek Praszkiewicz \/ PAP (zdj\u0119cia) &#8211; PS.Onet.pl)<\/p>\n<p class=\"Paragraph_desktopParagraph__Fd2e9\">Konior przyznaje, \u017ce Kacper od pocz\u0105tku wyr\u00f3\u017cnia\u0142 si\u0119 na tle r\u00f3wie\u015bnik\u00f3w.<\/p>\n<p class=\"Paragraph_desktopParagraph__Fd2e9\">\u2014 Od razu by\u0142o wida\u0107, \u017ce to jest ch\u0142opak, kt\u00f3ry ma du\u017ce mo\u017cliwo\u015bci. Zazwyczaj wygrywa\u0142 zawody, albo by\u0142 w samej czo\u0142\u00f3wce. Pami\u0119tam taki sezon, gdy z o\u015bmiu zawod\u00f3w Lotos Cup zwyci\u0119\u017cy\u0142 w sze\u015bciu. Zdarzy\u0142o mu si\u0119 nawet wygra\u0107 jedn\u0105 edycj\u0119 kombinacji norweskiej, bo po skokach mia\u0142 tak du\u017c\u0105 przewag\u0119, \u017ce wystarczy\u0142 mu spokojny bieg \u2014 m\u00f3wi.<\/p>\n<p class=\"Paragraph_desktopParagraph__Fd2e9\">Sk\u0105d si\u0119 bra\u0142a ta dominacja? \u2014 dopytuj\u0119.<\/p>\n<p class=\"Paragraph_desktopParagraph__Fd2e9\">\u2014 By\u0142 zawodnikiem bardzo odwa\u017cnym, nie ba\u0142 si\u0119, jak to kolokwialnie m\u00f3wimy w naszym \u015brodowisku, odbi\u0107 do przodu. Niekt\u00f3re dzieciaki skacz\u0105 wiele lat i nie potrafi\u0105 tego zrobi\u0107, a on nie mia\u0142 z tym \u017cadnego problemu. Wszystko mu \u0142atwo przychodzi\u0142o. Jak si\u0119 mu co\u015b powiedzia\u0142o, to bardzo szybko \u0142apa\u0142 i wdra\u017ca\u0142 w swoje skakanie. Do tego mia\u0142 bardzo dobr\u0105 motoryk\u0119 oraz sprawno\u015b\u0107 i koordynacj\u0119 ruchow\u0105. Harmonijne przeskakiwa\u0142 kolejne szczeble z jednej kategorii wiekowej do drugiej, ze skoczni mniejszych na wi\u0119ksze, z wi\u0119kszych na jeszcze wi\u0119ksze \u2014 t\u0142umaczy Konior.<\/p>\n<p class=\"Paragraph_desktopParagraph__Fd2e9\">Tomasiak wyr\u00f3\u017cnia\u0142 si\u0119, ale przecie\u017c nie zawsze wygrywa\u0142, byli ch\u0142opcy, kt\u00f3rzy wtedy nie odstawali, a jednak si\u0119 po drodze pogubili. Dlaczego z Kacprem by\u0142o inaczej?<\/p>\n<p class=\"Paragraph_desktopParagraph__Fd2e9\">\u2014 Z\u0142o\u017cy\u0142o si\u0119 na to wiele czynnik\u00f3w. Od pocz\u0105tku osi\u0105ga\u0142 dobre wyniki, a to zawodnika nap\u0119dza, czu\u0142, \u017ce robi post\u0119py. Opr\u00f3cz tego, omija\u0142y go choroby i powa\u017cne kontuzje. Kolejny element to silna psychika, a swoje zrobi\u0142o te\u017c w\u0142a\u015bciwe podej\u015bcie rodzic\u00f3w i opieka ze strony klubu \u2014 wylicza trener klubu z Bystrej. I dodaje, \u017ce mocne odbicie na progu, z kt\u00f3rego dzi\u015b s\u0142ynie 18-latek, te\u017c ma niebagatelne znaczenie, bo obecne przepisy preferuj\u0105 zawodnik\u00f3w potrafi\u0105cych si\u0119 dynamicznie wybija\u0107 w powietrze.<\/p>\n<p class=\"Paragraph_desktopParagraph__Fd2e9\">\u2014 Wieloletni prezes Klimczoka, \u015bwi\u0119tej pami\u0119ci dr Zbigniew Banet, zawsze mi powtarza\u0142: &#8222;Wojtek popatrz, jak\u0105 on ma iskierk\u0119. I ten dryg, i to odbicie&#8221;. A trener S\u0142awek Hankus, pod opiek\u0119 kt\u00f3rego Kacper trafi\u0142 w SMS Szczyrk, wielokrotnie podkre\u015bla\u0142, \u017ce kwintesencj\u0105 skok\u00f3w jest wygenerowanie mocy na progu. I Kacper ma to co\u015b, co mu na to pozwala \u2014 wyja\u015bnia Wojciech Tomasiak.<\/p>\n<p><img decoding=\"async\" src=\"https:\/\/www.europesays.com\/pl\/wp-content\/uploads\/2025\/12\/1764924551_243_kacper-tomasiak.jpg\" alt=\"Kacper Tomasiak\" width=\"944\" height=\"629\" loading=\"lazy\" class=\"\" \/>Kacper Tomasiak (Foto: newspix.pl)<\/p>\n<p class=\"Paragraph_desktopParagraph__Fd2e9\">To wszystko nie mia\u0142oby jednak znaczenia, gdyby nie pasja do skok\u00f3w. Kacper, jako ma\u0142y ch\u0142opiec, &#8222;za\u0142apa\u0142 si\u0119&#8221; na ko\u0144c\u00f3wk\u0119 kariery Adama Ma\u0142ysza i pocz\u0105tek sukces\u00f3w Kamila Stocha.<\/p>\n<p class=\"Paragraph_desktopParagraph__Fd2e9\">\u2014 Ma\u0142yszomania mia\u0142a na niego du\u017cy wp\u0142yw \u2014 przyznaje jego ojciec. \u2014 Ogl\u0105dali\u015bmy w telewizji skoki, a potem on chodzi\u0142 po domu i na\u015bladowa\u0142 Adama, wybijaj\u0105c si\u0119 ze schod\u00f3w i l\u0105duj\u0105c telemarkiem. I tak bez przerwy, w k\u00f3\u0142ko ten telemark. To nie by\u0142o takie g\u0142upie, bo pewnie w ten spos\u00f3b tworzy\u0142 si\u0119 u niego automat ruchowy. Bywa\u0142o zabawnie, bo chcia\u0142 l\u0105dowa\u0107 telemarkiem ju\u017c wtedy, gdy jeszcze zak\u0142ada\u0142 do nart buty zjazdowe.<\/p>\n<p class=\"Paragraph_desktopParagraph__Fd2e9\">Tomasiakowie od najwcze\u015bniejszych lat wdra\u017caj\u0105 swoje pociechy w aktywny tryb \u017cycia. Kacper zaczyna\u0142 od narty biegowych i zjazdowych, do tego dochodzi\u0142o p\u0142ywanie, gry na placu zabaw, \u0107wiczenia gimnastyczne i akrobatyczne. Tak samo by\u0142o z ka\u017cdym kolejnym dzieckiem.<\/p>\n<p class=\"Paragraph_desktopParagraph__Fd2e9\">Po Kacprze, kt\u00f3ry urodzi\u0142 si\u0119 w styczniu 2007 r., dwa lata p\u00f3\u017aniej przyszed\u0142 na \u015bwiat Konrad, nast\u0119pnie w 2013 r. Emilia, w 2017 Filip, a najm\u0142odszy Jasiek ma dzi\u015b trzy lata.<\/p>\n<p class=\"Paragraph_desktopParagraph__Fd2e9\">\u2014 Wychowywanie pi\u0105tki dzieci to nie\u0142atwa sprawa. Jestem pe\u0142en podziwu dla tej rodziny, bo naprawd\u0119 bardzo dobrze sobie radz\u0105. Mo\u017cna ich stawia\u0107 za wz\u00f3r \u2014 podkre\u015bla prezes Niemczyk.<\/p>\n<p class=\"Paragraph_desktopParagraph__Fd2e9\">\u2014 Za jaki\u015b czas zapewne dojdzie do tego, \u017ce w zawodach dru\u017cynowych wystartuje czterech Tomasiak\u00f3w \u2014 snuje przypuszczenia trener Konior, pod kt\u00f3rego skrzyd\u0142a po Kacprze do\u0142\u0105czy\u0142 Konrad, a ostatnio 8-letni Filip.<\/p>\n<p class=\"Paragraph_desktopParagraph__Fd2e9\">Konrad w opinii do\u015bwiadczonego szkoleniowca jest nie mniej utalentowany od starszego brata. Za to charaktery maj\u0105 zupe\u0142nie inne, m\u00f3wi si\u0119, \u017ce s\u0105 jak ogie\u0144 i woda.<\/p>\n<p class=\"Paragraph_desktopParagraph__Fd2e9\">\u2014 Kacpra pami\u0119tam jako ucznia skoncentrowanego i bardzo spokojnego, wr\u0119cz introwertyka, dzi\u015b dostrzegam, \u017ce przez ostatnie lata nieco bardziej si\u0119 otworzy\u0142. Zachowuje &#8222;zimn\u0105 g\u0142ow\u0119&#8221;, co z pewno\u015bci\u0105 pomaga mu w sporcie. Konrad znacznie si\u0119 od niego r\u00f3\u017cni, ale przecie\u017c ka\u017cdy z nas jest inny i potrzebuje czego\u015b innego do motywowania si\u0119 \u2014 m\u00f3wi Iwona M\u0119cner, nowa dyrektor SMS Szczyrk.<\/p>\n<p class=\"Paragraph_desktopParagraph__Fd2e9\">\u2014 Gdyby\u015bmy ustawili grup\u0119 zawodnik\u00f3w, to Kacper zapewne stan\u0105\u0142by na jej ko\u0144cu. Jest skromny i lubiany przez koleg\u00f3w, bo si\u0119 nie wywy\u017csza. Emanuje spokojem, odwrotnie jak Konrad, kt\u00f3ry jest bardzo przebojowy, ale to te\u017c w sporcie jest dobre \u2014 przekonuje Konior.<\/p>\n<p class=\"Paragraph_desktopParagraph__Fd2e9\">\u2014 Kacper jest bardzo opanowany, ale to nie oznacza, \u017ce on nic nie czuje. Zawody prze\u017cywa jak ka\u017cdy, tylko inaczej okazuje emocje. W domu, gdzie panuje swobodna atmosfera, potrafi w trakcie zabawy wybuchn\u0105\u0107 rado\u015bci\u0105. Czasem potrzebuje wyrzucenia z siebie emocji, tyle \u017ce czyni to w stonowany spos\u00f3b \u2014 wyjdzie na zewn\u0105trz, poczyta ksi\u0105\u017ck\u0119 albo pogra w szachy \u2014 ujawnia ojciec skoczka.<\/p>\n<p class=\"Paragraph_desktopParagraph__Fd2e9\">Panowania nad emocjami, tak jak radzenia sobie z szeregiem innych spraw, Tomasiaki ucz\u0105 si\u0119 w domu. Mama, z wykszta\u0142cenia pedagog, przywi\u0105zuje do tego du\u017c\u0105 wag\u0119.<\/p>\n<p class=\"Paragraph_desktopParagraph__Fd2e9\">\u2014 Z dzie\u0107mi cz\u0119sto rozmawiamy, w zasadzie o wszystkim. To podstawa, by kszta\u0142towa\u0107 ich \u015bwiadomo\u015b\u0107. Teraz wszystko si\u0119 dobrze uk\u0142ada, ale przecie\u017c ka\u017cdy kiedy\u015b musi si\u0119 zmierzy\u0107 z kryzysem i chcemy, by byli na to przygotowani \u2014 wyja\u015bnia ojciec.<\/p>\n<p><img decoding=\"async\" src=\"https:\/\/www.europesays.com\/pl\/wp-content\/uploads\/2025\/12\/kacper-tomasiak-i-thomas-morgenstern.jpg\" alt=\"Kacper Tomasiak i Thomas Morgenstern\" width=\"944\" height=\"630\" loading=\"lazy\" class=\"\" \/>Kacper Tomasiak i Thomas Morgenstern (Foto: Krzysztof Por\u0119bski \/ newspix.pl)Pierwszy na li\u015bcie student\u00f3w<\/p>\n<p class=\"Paragraph_desktopParagraph__Fd2e9\">O wychowywaniu dzieci poprzez nauk\u0119 i sport rodzice my\u015bl\u0105 kompleksowo, tyle \u017ce zaczyna by\u0107 z tym coraz wi\u0119kszy k\u0142opot.<\/p>\n<p class=\"Paragraph_desktopParagraph__Fd2e9\">\u2014 Troch\u0119 bolejemy nad tym, \u017ce po\u015bwi\u0119camy zbyt ma\u0142o czasu na treningi Filipa. Jemu jeszcze trzeba wynie\u015b\u0107 narty na g\u00f3r\u0119, a nie zawsze kt\u00f3re\u015b z nas mo\u017ce z nim pojecha\u0107. Teraz, gdy skocznie w Bystrej s\u0105 w remoncie, szukamy innych miejsc. Wybranie si\u0119 do Wis\u0142y to dla nas, wliczaj\u0105c przedzieranie si\u0119 przez korki, wyprawa na cztery godziny. Cieszymy si\u0119, gdy Kacper wraca z zawod\u00f3w, bo wtedy nas troch\u0119 odci\u0105\u017ca. Prosz\u0119 go, by pojecha\u0142 z bratem na trening, a on nawet ch\u0119tnie to robi, bo wiadomo, \u017ce jak m\u0142ody ch\u0142opak zdob\u0119dzie prawo jazdy, to korzysta z ka\u017cdej okazji, by usi\u0105\u015b\u0107 za kierownic\u0105. Konrad te\u017c si\u0119 czasem w\u0142\u0105czy, bo trzeba si\u0119 przecie\u017c jeszcze Emilk\u0105 i Ja\u015bkiem zaj\u0105\u0107. Na szcz\u0119\u015bcie w Klimczoku panuje rodzinna atmosfera, wspieramy si\u0119, jak mo\u017cemy. Gdy tylko jest taka mo\u017cliwo\u015b\u0107, to \u017cona podpowiada: dzi\u015b to ty zabierz dzieci busem i pono\u015b im narty, bo trzeba odrobi\u0107 t\u0119 pomoc, jak\u0105 dostajemy od innych rodzic\u00f3w \u2014 m\u00f3wi Wojciech Tomasiak.<\/p>\n<p class=\"Paragraph_desktopParagraph__Fd2e9\">Teraz Kacper b\u0119dzie si\u0119 pojawia\u0142 w domu jeszcze rzadziej. Przed wylotem na cykl zawod\u00f3w Pucharu \u015awiata do Skandynawii zd\u0105\u017cy\u0142 si\u0119 pokaza\u0107 wyk\u0142adowcom Akademii Kultury Fizycznej w Krakowie, w kt\u00f3rej w pa\u017adzierniku rozpocz\u0105\u0142 pi\u0119cioletnie studia magisterskie na kierunku wychowanie fizyczne. Rodzice mocno go dopingowali, powtarzaj\u0105c, \u017ce skoro ma dar do nauki, to nale\u017cy go rozwija\u0107 na r\u00f3wni z talentem do sportu. Matur\u0119 zdawa\u0142 ju\u017c jako 18-latek, gdy\u017c do szko\u0142y podstawowej poszed\u0142 rok wcze\u015bniej ni\u017c inne dzieci z jego rocznika.<\/p>\n<p class=\"Paragraph_desktopParagraph__Fd2e9\">\u2014 Dostrzegli\u015bmy z \u017con\u0105, \u017ce syn rozwija si\u0119 ponad wiek. Czy to nauka czytania, czy zabawy j\u0119zykowe, wszystko mu \u0142atwo przychodzi\u0142o. Uznali\u015bmy, \u017ce sobie poradzi i tak te\u017c si\u0119 sta\u0142o \u2014 t\u0142umaczy Tomasiak.<\/p>\n<p class=\"Paragraph_desktopParagraph__Fd2e9\">\u2014 Co tu du\u017co m\u00f3wi\u0107, by\u0142 bardzo dobrym uczniem. Cz\u0119sto opuszcza\u0142 lekcje ze wzgl\u0119du na wyjazdy sportowe, ale zawsze wszystko sumiennie nadrabia\u0142. Bardzo dobrze radzi\u0142 sobie z matematyk\u0105, ale te\u017c z innymi przedmiotami, w tym z nauk\u0105 j\u0119zyk\u00f3w, zar\u00f3wno z angielskim, jak i z niemieckim, kt\u00f3rego mia\u0142am przyjemno\u015b\u0107 go uczy\u0107 przez sze\u015b\u0107 lat. Z udzielaniem wywiad\u00f3w zagranicznym dziennikarzom nie powinien mie\u0107 problem\u00f3w \u2014 podkre\u015bla Iwona M\u0119cner. Na dow\u00f3d swoich s\u0142\u00f3w pani dyrektor podaje \u015bredni\u0105 ocen Kacpra, kt\u00f3ra przekroczy\u0142a 5. By\u0142 wyr\u00f3\u017cniany nagrodami ministra edukacji i premiera Rady Ministr\u00f3w, a znakomicie zdana matura pozwoli\u0142a mu zaj\u0105\u0107 pierwsze miejsce w gronie uczni\u00f3w przyj\u0119tych przez krakowsk\u0105 uczelni\u0119.<\/p>\n<p><img decoding=\"async\" src=\"https:\/\/www.europesays.com\/pl\/wp-content\/uploads\/2025\/12\/kacper-tomasiak-podczas-konkursu-ps-w-falun.jpeg\" alt=\"Kacper Tomasiak podczas konkursu P\u015a w Falun\" width=\"944\" height=\"629\" loading=\"lazy\" class=\"\" \/>Kacper Tomasiak podczas konkursu P\u015a w Falun (Foto: Fredrik Sandberg\/TT News Agency \/ AFP)Chwile strachu i szybki progres<\/p>\n<p class=\"Paragraph_desktopParagraph__Fd2e9\">Wiosenna matura zbieg\u0142a si\u0119 z pocz\u0105tkiem letnich przygotowa\u0144 do nowego sezonu. Trenerom zadr\u017ca\u0142y serca, gdy po jednym ze skok\u00f3w treningowych na Wielkiej Krokwi Kacper upad\u0142 na zeskok.<\/p>\n<p class=\"Paragraph_desktopParagraph__Fd2e9\">\u2014 Testowali nowe kombinezony, troch\u0119 zawia\u0142o i obr\u00f3ci\u0142o go w powietrzu. Mia\u0142 porysowan\u0105 twarz, st\u0142uczone kolano, istnia\u0142o podejrzenie naderwania wi\u0119zade\u0142 \u2014 opowiada ojciec. \u2014 By\u0142o troch\u0119 strachu, ale fantastycznie zachowa\u0142 si\u0119 Wojciech Top\u00f3r, trener kadry B, kt\u00f3ry podobnie jak jego asystent Robert Mateja ma du\u017cy wk\u0142ad w szkolenie Kacpra. B\u0142yskawicznie zorganizowa\u0142 pomoc i badania rezonansem. Zbli\u017ca\u0142y si\u0119 mistrzostwa Polski, ale Wojtek nie wywiera\u0142 \u017cadnej presji, zdecydowa\u0142, \u017ce rehabilitacja absolutnie nie powinna by\u0107 przyspieszana i Kacper wr\u00f3ci na skocznie dopiero wtedy, gdy si\u0119 w pe\u0142ni wyleczy. Jestem mu za to bardzo wdzi\u0119czny \u2014 podkre\u015bla Tomasiak.<\/p>\n<p class=\"Paragraph_desktopParagraph__Fd2e9\">Po upadku w psychice 18-latka nie zosta\u0142 \u015blad. Ba, lato by\u0142o wr\u0119cz znakomite, \u015bwietnie spisywa\u0142 si\u0119 w kolejnych konkursach Pucharu Kontynentalnego i wygra\u0142 klasyfikacj\u0119 generaln\u0105. To zaowocowa\u0142o powo\u0142aniem przez Macieja Maciusiaka do kadry A na zawody Grand Prix w Klingenthal, gdzie w debiucie zaj\u0105\u0142 \u00f3sme miejsce.<\/p>\n<p class=\"Paragraph_desktopParagraph__Fd2e9\">Te osi\u0105gni\u0119cia mia\u0142y, poza aspektem sportowym, tak\u017ce wymiar komercyjny. Premie FIS s\u0105 niewysokie, ale sukces nie uszed\u0142 uwadze specjalist\u00f3w od marketingu. Kacper a\u017c do tego czasu by\u0142 postaci\u0105 ma\u0142o rozpoznawaln\u0105 w \u015bwiecie biznesu, powierzchnia reklamowa na jego kasku wci\u0105\u017c by\u0142a niezagospodarowana.<\/p>\n<p class=\"Paragraph_desktopParagraph__Fd2e9\">\u2014 Jego wyniki w lecie bardzo nam pomog\u0142y, wtedy pojawi\u0142 si\u0119 odzew z kilku firm. Spo\u015br\u00f3d ofert wybrali\u015bmy naszym zdaniem najlepsz\u0105, kieruj\u0105c si\u0119 i tym, \u017ce znajdzie si\u0119 w gronie znanych sportowc\u00f3w \u2014 przyznaje Niemczyk, kt\u00f3ry z racji swojego biznesowego do\u015bwiadczenia pomaga Tomasiakom w sprawach prawnych i sponsoringowych. Na kasku pojawi\u0142o si\u0119 logo pochodz\u0105cej z Krakowa marki Oshee, co oznacza, \u017ce skoczek znalaz\u0142 si\u0119 w\u015br\u00f3d takich postaci, jak tenisistka Iga \u015awi\u0105tek, lekkoatletki Natalia Kaczmarek i Ewa Swoboda, czy siatkarze Bartosz Kurek i Mateusz Bieniek.<\/p>\n<p><img decoding=\"async\" src=\"https:\/\/www.europesays.com\/pl\/wp-content\/uploads\/2025\/12\/kacper-tomasiak-podczas-zawodow-pucharu-swiata-w-kuusamoruce.jpeg\" alt=\"Kacper Tomasiak podczas zawod\u00f3w Pucharu \u015awiata w Kuusamo\/Ruce\" width=\"944\" height=\"629\" loading=\"lazy\" class=\"\" \/>Kacper Tomasiak podczas zawod\u00f3w Pucharu \u015awiata w Kuusamo\/Ruce (Foto: Tadeusz Mieczy\u0144ski \/ EXPA Pictures)<\/p>\n<p class=\"Paragraph_desktopParagraph__Fd2e9\">Wszystkie elementy uk\u0142adanki wskoczy\u0142y na swoje miejsce i Kacper m\u00f3g\u0142 rozpocz\u0105\u0107 sezon w Pucharze \u015awiata ze spokojn\u0105 g\u0142ow\u0105. Pytany o cele, jakie sobie stawia, na pierwszym miejscu wymienia\u0142 medal mistrzostw \u015bwiata junior\u00f3w. Tyle \u017ce wtedy jeszcze nie wiedzia\u0142, i\u017c na horyzoncie pojawi si\u0119 zadanie o niebo ambitniejsze \u2014 igrzyska olimpijskie w Cortinie d\u2019Ampezzo. Po pucharowych wyst\u0119pach w Lillehammer, Falun i Kuusamo okaza\u0142o si\u0119 bowiem, \u017ce to on, wraz z Kamilem Stochem, jest najwy\u017cej klasyfikowanym skoczkiem z Polski.<\/p>\n<p class=\"Paragraph_desktopParagraph__Fd2e9\">Prezes PZN Adam Ma\u0142ysz bardzo surowo oceni\u0142 pocz\u0105tek sezonu w wykonaniu starszych zawodnik\u00f3w kadry. Wiceprezes zwi\u0105zku ma podobne zdanie, lecz nieco \u0142agodzi ton wypowiedzi.<\/p>\n<p class=\"Paragraph_desktopParagraph__Fd2e9\">\u2014 Mo\u017ce to i lepiej, \u017ce s\u0105 w s\u0142abszej formie, bo nie chcia\u0142bym, by teraz b\u0142yszczeli, a w lutym mia\u0142o przyj\u015b\u0107 za\u0142amanie \u2014 m\u00f3wi Konior. \u2014 Kluczem jest postawa Olka Zniszczo\u0142a, bo od jego postawy i punkt\u00f3w w rankingu olimpijskim zale\u017cy, czy na igrzyska wy\u015blemy czterech, czy tylko trzech skoczk\u00f3w. Je\u015bli tylko trzech, to trener Maciusiak b\u0119dzie mia\u0142 powa\u017cny dylemat, kogo zabra\u0107 do W\u0142och. Je\u015bli na przyk\u0142ad mia\u0142by wybiera\u0107 pomi\u0119dzy Kamilem Stochem i Kacprem Tomasiakiem, to mu nie zazdroszcz\u0119. Najlepiej, gdyby obaj byli w wysokiej formie i stanowili polsk\u0105 ekip\u0119 w rywalizacji duet\u00f3w, kt\u00f3ra na igrzyskach zast\u0105pi konkurs dru\u017cynowy.<\/p>\n<p>Do pos\u0105gu jeszcze troch\u0119 brakuje<\/p>\n<p class=\"Paragraph_desktopParagraph__Fd2e9\">S\u0142awomir Hankus, trener, kt\u00f3ry zajmowa\u0142 si\u0119 szkoleniem Kacpra w SMS Szczyrk, pokusi\u0142 si\u0119 w mediach o stwierdzenie, \u017ce jego dawny podopieczny ju\u017c teraz bardzo przypomina Kamila Stocha. Z kolei Jaros\u0142aw Konior uwa\u017ca, \u017ce troch\u0119 za wcze\u015bnie na takie por\u00f3wnania.<\/p>\n<p class=\"Paragraph_desktopParagraph__Fd2e9\">\u2014 Kamil w czasach swojej najwi\u0119kszej \u015bwietno\u015bci by\u0142 nienaganny technicznie, wygl\u0105da\u0142 w powietrzu niczym pos\u0105g. Kacper wci\u0105\u017c jest w locie niestabilny, niesymetryczny, troszk\u0119 go kr\u0119ci na boki, w pewnym momencie g\u0142ow\u0119 ma wysuni\u0119t\u0105 bardziej ni\u017c narty. Natomiast bardzo \u0142adnie l\u0105duje, wykonuje klasyczny telemark. Wszystko jednak przed nim, wci\u0105\u017c ma rezerwy. Je\u015bli si\u0119 poprawi u niego kilka rzeczy, to stanie si\u0119 zawodnikiem na miar\u0119 Ma\u0142ysza i Stocha \u2014 przewiduje trener klubu z Bystrej.<\/p>\n<p class=\"Paragraph_desktopParagraph__Fd2e9\">W kadrze panuje nadzieja, \u017ce rozpoczynaj\u0105ce si\u0119 zawody w Wi\u015ble Malince b\u0119d\u0105 tymi, od kt\u00f3rych dyspozycja polskich zawodnik\u00f3w p\u00f3jdzie w g\u00f3r\u0119. Wszyscy oni \u015bwietnie znaj\u0105 obiekt im. Adama Ma\u0142ysza, Kacpra nie wy\u0142\u0105czaj\u0105c.<\/p>\n<p class=\"Paragraph_desktopParagraph__Fd2e9\">\u2014 Wprawdzie w Pucharze \u015awiata b\u0119dzie na tej skoczni debiutowa\u0142, ale nie s\u0105dz\u0119, by stanowi\u0142o to dla niego problem \u2014 m\u00f3wi ojciec 18-latka. \u2014 Kacper potrafi si\u0119 szybko adaptowa\u0107. Na obiektach w Skandynawii startowa\u0142 po raz pierwszy w \u017cyciu, a mimo to od razu zdobywa\u0142 punkty do klasyfikacji Pucharu \u015awiata. Tym bardziej w Wi\u015ble, w kt\u00f3rej wielokrotnie skaka\u0142, powinno by\u0107 dobrze. Wszyscy w to wierzymy i jedziemy mu kibicowa\u0107. Oby tylko umia\u0142 si\u0119 odci\u0105\u0107 od medialnego zamieszania, kt\u00f3re go czeka. Do tej pory potrafi\u0142 si\u0119 w tym odnale\u017a\u0107, wyje\u017cd\u017ca\u0142 do g\u00f3ry i robi\u0142 swoje. Mam nadziej\u0119, \u017ce nadal tak b\u0119dzie.<\/p>\n","protected":false},"excerpt":{"rendered":"W pi\u0105tek, 5 grudnia 2025 r., Kacper Tomasiak staje do kwalifikacji w Wi\u015ble, wracaj\u0105c tam, gdzie rozpocz\u0119\u0142a si\u0119&hellip;\n","protected":false},"author":2,"featured_media":133952,"comment_status":"","ping_status":"","sticky":false,"template":"","format":"standard","meta":{"footnotes":""},"categories":[24],"tags":[4603,67,15023,3515,42,38,40,39,41,136,128,27896,47,1874,127,135,126,130],"class_list":{"0":"post-133951","1":"post","2":"type-post","3":"status-publish","4":"format-standard","5":"has-post-thumbnail","7":"category-sport","8":"tag-adam_malysz","9":"tag-intextvideo_splayer","10":"tag-kacper_tomasiak","11":"tag-kamil_stoch","12":"tag-pl","13":"tag-poland","14":"tag-polish","15":"tag-polska","16":"tag-polski","17":"tag-ps_detal_new","18":"tag-psv2","19":"tag-puchar_swiata_w_skokach","20":"tag-screening_general","21":"tag-skoki_narciarskie","22":"tag-sport","23":"tag-sport_sport","24":"tag-sports","25":"tag-wiadomosci_sportowe"},"share_on_mastodon":{"url":"https:\/\/pubeurope.com\/@pl\/115666103210060487","error":""},"_links":{"self":[{"href":"https:\/\/www.europesays.com\/pl\/wp-json\/wp\/v2\/posts\/133951","targetHints":{"allow":["GET"]}}],"collection":[{"href":"https:\/\/www.europesays.com\/pl\/wp-json\/wp\/v2\/posts"}],"about":[{"href":"https:\/\/www.europesays.com\/pl\/wp-json\/wp\/v2\/types\/post"}],"author":[{"embeddable":true,"href":"https:\/\/www.europesays.com\/pl\/wp-json\/wp\/v2\/users\/2"}],"replies":[{"embeddable":true,"href":"https:\/\/www.europesays.com\/pl\/wp-json\/wp\/v2\/comments?post=133951"}],"version-history":[{"count":0,"href":"https:\/\/www.europesays.com\/pl\/wp-json\/wp\/v2\/posts\/133951\/revisions"}],"wp:featuredmedia":[{"embeddable":true,"href":"https:\/\/www.europesays.com\/pl\/wp-json\/wp\/v2\/media\/133952"}],"wp:attachment":[{"href":"https:\/\/www.europesays.com\/pl\/wp-json\/wp\/v2\/media?parent=133951"}],"wp:term":[{"taxonomy":"category","embeddable":true,"href":"https:\/\/www.europesays.com\/pl\/wp-json\/wp\/v2\/categories?post=133951"},{"taxonomy":"post_tag","embeddable":true,"href":"https:\/\/www.europesays.com\/pl\/wp-json\/wp\/v2\/tags?post=133951"}],"curies":[{"name":"wp","href":"https:\/\/api.w.org\/{rel}","templated":true}]}}