{"id":134003,"date":"2025-12-05T09:17:11","date_gmt":"2025-12-05T09:17:11","guid":{"rendered":"https:\/\/www.europesays.com\/pl\/134003\/"},"modified":"2025-12-05T09:17:11","modified_gmt":"2025-12-05T09:17:11","slug":"rosjanie-dopuszczeni-tak-zareagowal-5-krotny-mistrz-olimpijski","status":"publish","type":"post","link":"https:\/\/www.europesays.com\/pl\/134003\/","title":{"rendered":"Rosjanie dopuszczeni. Tak zareagowa\u0142 5-krotny mistrz olimpijski"},"content":{"rendered":"\n<p class=\"contentpart contentpart--default contentpart--text\" data-position=\"0\">Kilka dni temu Trybuna\u0142 Arbitra\u017cowy ds. Sportu (CAS) przychyli\u0142 si\u0119 do odwo\u0142a\u0144 i pozwoli\u0142 sportowcom z Rosji i Bia\u0142orusi startowa\u0107 jako Indywidualni Neutralni Zawodnicy w kwalifikacjach do zimowych igrzysk olimpijskich. Tym samym po raz pierwszy po rozpocz\u0119ciu wojny w Ukrainie reprezentant\u00f3w tych kraj\u00f3w zobaczymy w zawodach <a href=\"https:\/\/sportowefakty.wp.pl\/zimowe\/fis\" rel=\"nofollow noopener\" target=\"_blank\">FIS<\/a>, kt\u00f3ra od pocz\u0105tku by\u0142a przeciwna temu rozwi\u0105zaniu.<\/p>\n<p class=\"contentpart contentpart--default contentpart--text\" data-position=\"1\">G\u0142o\u015bno przed powrotem Rosjan zawsze ostrzega\u0142 <a href=\"https:\/\/sportowefakty.wp.pl\/biegi-narciarskie\/johannes-hoesflot-klaebo\" rel=\"nofollow noopener\" target=\"_blank\">Johannes Hoesflot Klaebo<\/a>\u00a0&#8211; jeden z najwybitniejszych biegaczy narciarskich, 5-krotny mistrz olimpijski. &#8211;\u00a0<a href=\"https:\/\/sportowefakty.wp.pl\/zimowe\/1215924\/ogromna-porazka-putina-triumfuje-po-decyzji-fis-ws-rosji\" rel=\"nofollow noopener\" target=\"blank\">Zawsze s\u0105dzi\u0142em, \u017ce Rosjan nie nale\u017cy dopuszcza\u0107 do zawod\u00f3w, dop\u00f3ki trwaj\u0105 dzia\u0142ania wojenne na Ukrainie. Je\u015bli dzia\u0142ania zbrojne si\u0119 zako\u0144cz\u0105, b\u0119dzie to ju\u017c inna sprawa<\/a> &#8211; m\u00f3wi\u0142 jeszcze w pa\u017adzierniku.<\/p>\n<p> <img role=\"presentation\" src=\"https:\/\/std.wpcdn.pl\/images\/adv\/placeholder_wp.svg\" loading=\"lazy\" alt=\"\" decoding=\"async\"\/>  <\/p>\n<p class=\"contentpart contentpart--default contentpart--text\" data-position=\"2\">ZOBACZ WIDEO: &#8222;Spr\u00f3bujcie go powstrzyma\u0107&#8221;. Z pi\u0142k\u0105 wyczynia cuda<\/p>\n<p class=\"contentpart contentpart--default contentpart--text\" data-position=\"4\">Tymczasem po spe\u0142nieniu pewnych warunk\u00f3w &#8211; m.in. brak powi\u0105za\u0144 z wojskiem i s\u0142u\u017cbami czy brak poparcia dla wojny w Ukrainie &#8211; Rosjanie i Bia\u0142orusini ponownie b\u0119d\u0105 mogli rywalizowa\u0107 na biegowych trasach.<\/p>\n<p class=\"contentpart contentpart--default contentpart--text\" data-position=\"5\">Jak na decyzj\u0119 CAS zareagowa\u0142 Klaebo? &#8211;\u00a0To co\u015b, z czym po prostu musimy si\u0119 pogodzi\u0107. Nie ma co wi\u0119cej m\u00f3wi\u0107 &#8211; stwierdzi\u0142, cytowany przez norweski Dagbladet. Z kolei na pytanie, jak to jest rywalizowa\u0107 z Rosjanami odpowiedzia\u0142:\u00a0B\u0119dzie w porz\u0105dku. Zobaczymy, kto przyjedzie. Tego nie kontrolujemy.<\/p>\n<p class=\"contentpart contentpart--default contentpart--text\" data-position=\"6\">W ten weekend Puchar \u015awiata w biegach narciarskich odbywa si\u0119 w Trondheim i raczej \u017caden z rosyjskich i bia\u0142oruskich zawodnik\u00f3w nie zd\u0105\u017cy zarejestrowa\u0107 si\u0119 do zawod\u00f3w. Ich debiut wydaje si\u0119 mo\u017cliwy w szwajcarskim Davos (12-14 grudnia).<\/p>\n","protected":false},"excerpt":{"rendered":"Kilka dni temu Trybuna\u0142 Arbitra\u017cowy ds. Sportu (CAS) przychyli\u0142 si\u0119 do odwo\u0142a\u0144 i pozwoli\u0142 sportowcom z Rosji i&hellip;\n","protected":false},"author":2,"featured_media":134004,"comment_status":"","ping_status":"","sticky":false,"template":"","format":"standard","meta":{"footnotes":""},"categories":[24],"tags":[699,10598,1571,10599,3155,42,38,40,39,41,87,127,126,447,2385],"class_list":{"0":"post-134003","1":"post","2":"type-post","3":"status-publish","4":"format-standard","5":"has-post-thumbnail","7":"category-sport","8":"tag-bialorus","9":"tag-biegi-narciarskie","10":"tag-fis","11":"tag-johannes-hoesflot-klaebo","12":"tag-norwegia","13":"tag-pl","14":"tag-poland","15":"tag-polish","16":"tag-polska","17":"tag-polski","18":"tag-rosja","19":"tag-sport","20":"tag-sports","21":"tag-sporty-zimowe","22":"tag-zimowe-igrzyska-olimpijskie-2026"},"share_on_mastodon":{"url":"https:\/\/pubeurope.com\/@pl\/115666213190582352","error":""},"_links":{"self":[{"href":"https:\/\/www.europesays.com\/pl\/wp-json\/wp\/v2\/posts\/134003","targetHints":{"allow":["GET"]}}],"collection":[{"href":"https:\/\/www.europesays.com\/pl\/wp-json\/wp\/v2\/posts"}],"about":[{"href":"https:\/\/www.europesays.com\/pl\/wp-json\/wp\/v2\/types\/post"}],"author":[{"embeddable":true,"href":"https:\/\/www.europesays.com\/pl\/wp-json\/wp\/v2\/users\/2"}],"replies":[{"embeddable":true,"href":"https:\/\/www.europesays.com\/pl\/wp-json\/wp\/v2\/comments?post=134003"}],"version-history":[{"count":0,"href":"https:\/\/www.europesays.com\/pl\/wp-json\/wp\/v2\/posts\/134003\/revisions"}],"wp:featuredmedia":[{"embeddable":true,"href":"https:\/\/www.europesays.com\/pl\/wp-json\/wp\/v2\/media\/134004"}],"wp:attachment":[{"href":"https:\/\/www.europesays.com\/pl\/wp-json\/wp\/v2\/media?parent=134003"}],"wp:term":[{"taxonomy":"category","embeddable":true,"href":"https:\/\/www.europesays.com\/pl\/wp-json\/wp\/v2\/categories?post=134003"},{"taxonomy":"post_tag","embeddable":true,"href":"https:\/\/www.europesays.com\/pl\/wp-json\/wp\/v2\/tags?post=134003"}],"curies":[{"name":"wp","href":"https:\/\/api.w.org\/{rel}","templated":true}]}}