{"id":134171,"date":"2025-12-05T10:55:09","date_gmt":"2025-12-05T10:55:09","guid":{"rendered":"https:\/\/www.europesays.com\/pl\/134171\/"},"modified":"2025-12-05T10:55:09","modified_gmt":"2025-12-05T10:55:09","slug":"sts-puchar-polski-trzy-ekipy-spoza-ekstraklasy-w-najlepszej-osemce-to-juz-tradycja-sport-tvp-pl","status":"publish","type":"post","link":"https:\/\/www.europesays.com\/pl\/134171\/","title":{"rendered":"STS Puchar Polski. Trzy ekipy spoza Ekstraklasy w najlepszej \u00f3semce. To ju\u017c tradycja! &#8211; sport.tvp.pl"},"content":{"rendered":"<ol>\n<li><a href=\"https:\/\/news.google.com\/rss\/articles\/CBMisgFBVV95cUxPTGpyTURnaHUwMDJjMldUNUVIeHdxY290dldmdHVtaTF5Ykh3STJEOHhYZ09vWFVSUkN0bUtHOXBWVjhEYjYybUU3VGlvTElKN2JJc2NTQVJCS3lHVFdSOXcwY2lLamdVOWdDM3RwV0hPRVdYSGI1cFpNVENBNzkxdVZNMkg1UGJqZmoxeGJxYTU4dFpUVUVCWTF0SkpoXzU0VE5taFl1TmxKNVlFV3Ixc1l30gG3AUFVX3lxTE9vTGU0LU1sdWNfQzlEUVhTU2dFOUlOZjM3UE1FVDBiOXMzODM1dXhRSHUtcnJ1MThVeVIybTlZMmNrNFE5cFB6S0ZmbjRtaVFvcEg4dm4td1Z6N3o4TWlQMkstaWxrVDRvcWxCRXEyYkNJeFFjRlBuNXFPOTVBYk1CZ3JNZVNtZS0wOUhCVnM4dWJjSHhJVUZJZnNfRHFLc0otU0E4My16bUpwWnM5Nkp5am5veURNNA?oc=5\" target=\"_blank\" rel=\"nofollow noopener\">STS Puchar Polski. Trzy ekipy spoza Ekstraklasy w najlepszej \u00f3semce. To ju\u017c tradycja!<\/a>&nbsp;&nbsp;sport.tvp.pl<\/li>\n<li><a href=\"https:\/\/news.google.com\/rss\/articles\/CBMi2wFBVV95cUxQOUhRNFVmS1lFUkFfcHhrX2ZNUFU0ZnV6LU9CNmpyNkJTRGpkbFlCUURjdENEUTE4TjhsWXhtUFltckduTUhsVElXMDFiSmJSNmt6RVQ0WDVPdFhZQ2VyWWQ1TmpUUzhGRDA3UHp4cHo1bTlZN2VOU3FWbmxtZFdkSzljY0FGTUxybVNEQnFnLWFNdUFWNThJVGx4dXl4T21GLTFVcDZMcWUwN191R21DYmw1eXByQkRXcVYwc0JseE8ydER3MUJ5eUt6dmlqd3N5WE1HNmJJX1huYk0?oc=5\" target=\"_blank\" rel=\"nofollow noopener\">Trzy wielkie sensacje w \u0107wier\u0107finale Pucharu Polski! Nikt na nich nie stawia\u0142<\/a>&nbsp;&nbsp;Przegl\u0105d Sportowy Onet<\/li>\n<li><a href=\"https:\/\/news.google.com\/rss\/articles\/CBMiwAFBVV95cUxNZTRXbDVvcnY5ak1aSEVBXzVVRTN0cEx3M0Z5T3NuVmNHRm5pQ1RKWTdIY2IzSVZkY2FWUkZ4SFRMbER1WUd2RjFSOGhSRXRZcFlWT3hVTnJFSl9KNXpDMC1iTXc3UlQ4UHZyZ2o2M1hLcVZEaGhGSWUtel95elJzZXdvWGpxV2c5ZGgyQ25nQnduQWVLMkMwODZNSi14RzB2ZmE0akVOVUlVektCVFVIb0R0V0RvV2E3NDhxZ3ZJaDQ?oc=5\" target=\"_blank\" rel=\"nofollow noopener\">[WIDEO] Dwie bramki bramkarza! Magazyn I Ligi Futsalu \u2013 10. kolejka (2025\/26)<\/a>&nbsp;&nbsp;\u0141\u0105czy nas pi\u0142ka<\/li>\n<li><a href=\"https:\/\/news.google.com\/rss\/articles\/CBMiwgFBVV95cUxOeEVYYkRIUlRKNC1rNEZtQlpqb1NPRDBTdW9nY2dxUE15QTJ0aC1rMTlGeWtRUVV5TTRJejFnWHNJOTBKTjJVUExhNl9rNW4yaGVIRjljYWxXd1dfcS11RjhYaURBTy12TGh4MDE1RDIwb28xUzJoU0FFOTRTZlkwQVBwaWVHNEJ4SnhSXzBpMEJ2cVpuUG1YdDVScldpenVHU2ZQbEZ3amVKTmhKZlozeEw3ZTVVRUt2X1U2V0RjUEU0dw?oc=5\" target=\"_blank\" rel=\"nofollow noopener\">Obsada s\u0119dziowska 18. kolejki PKO BP Ekstraklasy (2025\/2026)<\/a>&nbsp;&nbsp;PZPN<\/li>\n<li><a href=\"https:\/\/news.google.com\/rss\/articles\/CBMitwFBVV95cUxPYjd2cTZERzYxWnc1Y2ZLRnBhSjRtN3U2SnBic0U2QldMLUJwNHNlWjhleER0cFRhRXdCVjVFaDRSRXhNNi1QWWNoQVRXaHJXM2RvbDVJZ3J4WEM0dDZLYWc5eGlpOFpEcnJIZFNfRW85TnJiUFRUS2FtYlRvWVJScTlLVl9Ic1lmYXVYMWE3MkFGazVNRzlneWhYbFdjVk92aVNIWDZFbV9aTldYT3l3LXcxUl84cTA?oc=5\" target=\"_blank\" rel=\"nofollow noopener\">STS Puchar Polski. Zobacz komplet dru\u017cyn w \u0107wier\u0107finale<\/a>&nbsp;&nbsp;SportoweFakty<\/li>\n<\/ol>\n","protected":false},"excerpt":{"rendered":"STS Puchar Polski. Trzy ekipy spoza Ekstraklasy w najlepszej \u00f3semce. To ju\u017c tradycja!&nbsp;&nbsp;sport.tvp.pl Trzy wielkie sensacje w \u0107wier\u0107finale&hellip;\n","protected":false},"author":2,"featured_media":134172,"comment_status":"","ping_status":"","sticky":false,"template":"","format":"standard","meta":{"footnotes":""},"categories":[24],"tags":[17882,17883,42,38,40,39,41,127,334,126,4637,2194,17878],"class_list":{"0":"post-134171","1":"post","2":"type-post","3":"status-publish","4":"format-standard","5":"has-post-thumbnail","7":"category-sport","8":"tag-avia-swidnik","9":"tag-chojniczanka-chojnice","10":"tag-pl","11":"tag-poland","12":"tag-polish","13":"tag-polska","14":"tag-polski","15":"tag-sport","16":"tag-sport-tvp-pl","17":"tag-sports","18":"tag-sts-puchar-polski","19":"tag-wisla-krakw","20":"tag-zawisza-bydgoszcz"},"share_on_mastodon":{"url":"https:\/\/pubeurope.com\/@pl\/115666598186341742","error":""},"_links":{"self":[{"href":"https:\/\/www.europesays.com\/pl\/wp-json\/wp\/v2\/posts\/134171","targetHints":{"allow":["GET"]}}],"collection":[{"href":"https:\/\/www.europesays.com\/pl\/wp-json\/wp\/v2\/posts"}],"about":[{"href":"https:\/\/www.europesays.com\/pl\/wp-json\/wp\/v2\/types\/post"}],"author":[{"embeddable":true,"href":"https:\/\/www.europesays.com\/pl\/wp-json\/wp\/v2\/users\/2"}],"replies":[{"embeddable":true,"href":"https:\/\/www.europesays.com\/pl\/wp-json\/wp\/v2\/comments?post=134171"}],"version-history":[{"count":0,"href":"https:\/\/www.europesays.com\/pl\/wp-json\/wp\/v2\/posts\/134171\/revisions"}],"wp:featuredmedia":[{"embeddable":true,"href":"https:\/\/www.europesays.com\/pl\/wp-json\/wp\/v2\/media\/134172"}],"wp:attachment":[{"href":"https:\/\/www.europesays.com\/pl\/wp-json\/wp\/v2\/media?parent=134171"}],"wp:term":[{"taxonomy":"category","embeddable":true,"href":"https:\/\/www.europesays.com\/pl\/wp-json\/wp\/v2\/categories?post=134171"},{"taxonomy":"post_tag","embeddable":true,"href":"https:\/\/www.europesays.com\/pl\/wp-json\/wp\/v2\/tags?post=134171"}],"curies":[{"name":"wp","href":"https:\/\/api.w.org\/{rel}","templated":true}]}}