{"id":134734,"date":"2025-12-05T16:59:09","date_gmt":"2025-12-05T16:59:09","guid":{"rendered":"https:\/\/www.europesays.com\/pl\/134734\/"},"modified":"2025-12-05T16:59:09","modified_gmt":"2025-12-05T16:59:09","slug":"jest-ustawiona-do-konca-zycia-ma-miliony-na-koncie","status":"publish","type":"post","link":"https:\/\/www.europesays.com\/pl\/134734\/","title":{"rendered":"Jest &#8222;ustawiona&#8221; do ko\u0144ca \u017cycia. Ma miliony na koncie"},"content":{"rendered":"\n<p class=\"contentpart contentpart--default contentpart--text\" data-position=\"0\">Na pocz\u0105tku 2023 roku <a href=\"https:\/\/sportowefakty.wp.pl\/tenis\/magdalena-linette\" rel=\"nofollow noopener\" target=\"_blank\">Magda Linette<\/a>\u00a0sensacyjnie dotar\u0142a do p\u00f3\u0142fina\u0142u Australian Open. Polka prezentowa\u0142a si\u0119 wybornie i liczyli\u015bmy, \u017ce co rusz b\u0119dzie wdziera\u0107 si\u0119 do najwa\u017cniejszych rund turniej\u00f3w wielkoszlemowych.<\/p>\n<p class=\"contentpart contentpart--default contentpart--text\" data-position=\"1\">Niestety Linette ju\u017c wi\u0119cej nie powt\u00f3rzy\u0142a tego sukcesu. Szybko odpada\u0142a z AO, Ronald Garros, Wimbledonie czy US Open.<\/p>\n<p> <img role=\"presentation\" src=\"https:\/\/std.wpcdn.pl\/images\/adv\/placeholder_wp.svg\" loading=\"lazy\" alt=\"\" decoding=\"async\"\/>  <\/p>\n<p class=\"contentpart contentpart--default contentpart--text\" data-position=\"2\">Du\u017ce zarobki<\/p>\n<p class=\"contentpart contentpart--default contentpart--text\" data-position=\"3\">Ten sezon tak\u017ce nie nale\u017ca\u0142 do najlepszych. Wprawdzie w Miami pokona\u0142a faworyzowan\u0105 <a href=\"https:\/\/sportowefakty.wp.pl\/tenis\/cori-gauff\" rel=\"nofollow noopener\" target=\"_blank\">Coco Gauff<\/a>\u00a0i dzi\u0119ki temu awansowa\u0142a do \u0107wier\u0107fina\u0142u (odpad\u0142a tam z Jasmine Paolini), ale to tak naprawd\u0119 jej najwi\u0119kszy sukces. W wielkoszlemowych turniejach odpada\u0142a ju\u017c w pierwszym meczu.<\/p>\n<p class=\"contentpart contentpart--default contentpart--text\" data-position=\"4\">ZOBACZ WIDEO: Krychowiak w swoim stylu. Sala od razu wybuch\u0142a \u015bmiechem<\/p>\n<p class=\"contentpart contentpart--default contentpart--text\" data-position=\"6\">Mimo to tylko w tym roku zarobi\u0142a na kortach tenisowych 1,1 mln dolar\u00f3w (oko\u0142o 4,1 mln z\u0142), a w ca\u0142ej karierze uda\u0142o jej si\u0119 wygra\u0107 a\u017c osiem mln dolar\u00f3w, co w przeliczeniu na z\u0142ot\u00f3wki daje blisko 30 mln z\u0142.<\/p>\n<p> <img role=\"presentation\" src=\"https:\/\/std.wpcdn.pl\/images\/adv\/placeholder_wp.svg\" loading=\"lazy\" alt=\"\" decoding=\"async\"\/>  <\/p>\n<p class=\"contentpart contentpart--default contentpart--text\" data-position=\"7\">&#8211; Jeste\u015bmy poznaniakami i wiemy, ile kosztuje sukces. To nie jest jak  wygrana w Totolotku. To s\u0105 lata pracy. Magda doskonale o tym wie. Zdaje  sobie spraw\u0119, \u017ce musi mie\u0107 rezerw\u0119 i pieni\u0105dze od\u0142o\u017cone na wypadek  kontuzji i tego, co b\u0119dzie po karierze sportowej &#8211; powiedzia\u0142 ojciec  Magdy Linette w rozmowie z serwisem wpoznaniu.pl.<\/p>\n<p class=\"contentpart contentpart--default contentpart--text\" data-position=\"8\">&#8211;\u00a0Mam ten luksus, \u017ce kiedy ju\u017c tego potrzebuj\u0119, to jad\u0119 na takie wypasione  wakacje. To tak naprawd\u0119 jedyna rzecz poza zakupami, na kt\u00f3r\u0105 mog\u0119  sobie pozwoli\u0107. Du\u017co rzeczy mnie omija, bo cz\u0119sto mnie nie ma albo ju\u017c  musz\u0119 wyje\u017cd\u017ca\u0107 na turniej. Dlatego, kiedy mog\u0119, to chc\u0119 sobie zrobi\u0107  taki prezent w postaci wakacji, \u017ceby odpocz\u0105\u0107, nagrodzi\u0107 si\u0119 za ci\u0119\u017ck\u0105  prac\u0119 i po\u015bwi\u0119cenie &#8211; m\u00f3wi\u0142a jaki\u015b czas temu tenisistka w rozmowie z  tenisklub.pl.<\/p>\n<p class=\"contentpart contentpart--default contentpart--text\" data-position=\"9\">Aktualnie Magda Linette zajmuje 55. miejsce w rankingu WTA.<\/p>\n","protected":false},"excerpt":{"rendered":"Na pocz\u0105tku 2023 roku Magda Linette\u00a0sensacyjnie dotar\u0142a do p\u00f3\u0142fina\u0142u Australian Open. Polka prezentowa\u0142a si\u0119 wybornie i liczyli\u015bmy, \u017ce&hellip;\n","protected":false},"author":2,"featured_media":134735,"comment_status":"","ping_status":"","sticky":false,"template":"","format":"standard","meta":{"footnotes":""},"categories":[24],"tags":[3873,42,38,40,39,41,127,268,126,156],"class_list":{"0":"post-134734","1":"post","2":"type-post","3":"status-publish","4":"format-standard","5":"has-post-thumbnail","7":"category-sport","8":"tag-magda-linette","9":"tag-pl","10":"tag-poland","11":"tag-polish","12":"tag-polska","13":"tag-polski","14":"tag-sport","15":"tag-sportowybar","16":"tag-sports","17":"tag-tenis"},"share_on_mastodon":{"url":"https:\/\/pubeurope.com\/@pl\/115668030168600530","error":""},"_links":{"self":[{"href":"https:\/\/www.europesays.com\/pl\/wp-json\/wp\/v2\/posts\/134734","targetHints":{"allow":["GET"]}}],"collection":[{"href":"https:\/\/www.europesays.com\/pl\/wp-json\/wp\/v2\/posts"}],"about":[{"href":"https:\/\/www.europesays.com\/pl\/wp-json\/wp\/v2\/types\/post"}],"author":[{"embeddable":true,"href":"https:\/\/www.europesays.com\/pl\/wp-json\/wp\/v2\/users\/2"}],"replies":[{"embeddable":true,"href":"https:\/\/www.europesays.com\/pl\/wp-json\/wp\/v2\/comments?post=134734"}],"version-history":[{"count":0,"href":"https:\/\/www.europesays.com\/pl\/wp-json\/wp\/v2\/posts\/134734\/revisions"}],"wp:featuredmedia":[{"embeddable":true,"href":"https:\/\/www.europesays.com\/pl\/wp-json\/wp\/v2\/media\/134735"}],"wp:attachment":[{"href":"https:\/\/www.europesays.com\/pl\/wp-json\/wp\/v2\/media?parent=134734"}],"wp:term":[{"taxonomy":"category","embeddable":true,"href":"https:\/\/www.europesays.com\/pl\/wp-json\/wp\/v2\/categories?post=134734"},{"taxonomy":"post_tag","embeddable":true,"href":"https:\/\/www.europesays.com\/pl\/wp-json\/wp\/v2\/tags?post=134734"}],"curies":[{"name":"wp","href":"https:\/\/api.w.org\/{rel}","templated":true}]}}