{"id":134742,"date":"2025-12-05T17:06:07","date_gmt":"2025-12-05T17:06:07","guid":{"rendered":"https:\/\/www.europesays.com\/pl\/134742\/"},"modified":"2025-12-05T17:06:07","modified_gmt":"2025-12-05T17:06:07","slug":"losowanie-grup-mistrzostw-swiata-2026-podzial-na-koszyki-oto-grupy-tekst-aktualizowany-przeglad-sportowy-onet","status":"publish","type":"post","link":"https:\/\/www.europesays.com\/pl\/134742\/","title":{"rendered":"Losowanie grup mistrzostw \u015bwiata 2026. Podzia\u0142 na koszyki. Oto Grupy [TEKST AKTUALIZOWANY] &#8211; Przegl\u0105d Sportowy Onet"},"content":{"rendered":"<ol>\n<li><a href=\"https:\/\/news.google.com\/rss\/articles\/CBMi6AFBVV95cUxNLXFWMzYteUFGZkdRZXRpN2ZQalRteFJOQUd2RUQ4OENJSVlWUmpTb204NHVtc2FGNlUxQUtfTTdSR3FKZWRFTzA0dEVLV3BJZjQ2Yk9hZnA4YUk2djdPXzBPSDJqYVZ5ODBTY0lydi1HRVVseGtXNVctYTV2TUtzZzg5RkQtaE9ZdkJsTFczS1JPY3dlWnN5RHFQVmg5WjJFckFLcjlRYjEtT1pRYlp1aGNWZ2JXVktvT0ZvanhPaHBlRGE3dTRZZWJCUWdKbUZIa1pISjktZ2kzdVdNcy1SdEhHTnF0TXRw?oc=5\" target=\"_blank\" rel=\"nofollow noopener\">Losowanie grup mistrzostw \u015bwiata 2026. Podzia\u0142 na koszyki. Oto Grupy [TEKST AKTUALIZOWANY]<\/a>&nbsp;&nbsp;Przegl\u0105d Sportowy Onet<\/li>\n<li><a href=\"https:\/\/news.google.com\/rss\/articles\/CBMi2gFBVV95cUxQU2NDaERUUnZDZUdYbTFiSW11Qnc4by1oTF9YSVZISHpRT09ramt6TEJmM1IxWW9pb3YwRXZjbzAtc0VublJvRk9wQTlKbjIzdU96VHdUMU1MNU00ZlVGTC1CRnJxTS1KcVlGTUhydkdpaTIxcFlBQnlPN3gzcWtqbEl4YW4yWk9kZnlHbmNEQlBlaHRYUERfUjRUTFpNRjgyUm9QeE9pU19ISEVubW5TTGRhal9qTHhEdVNFcjhzSFBnUjhuMXloRE9NcGd1SlU3aTZoZm9MWnk2QQ?oc=5\" target=\"_blank\" rel=\"nofollow noopener\">Zbigniew Boniek przem\u00f3wi\u0142 przed losowaniem M\u015a. Jednoznacznie o Polsce<\/a>&nbsp;&nbsp;Przegl\u0105d Sportowy Onet<\/li>\n<li><a href=\"https:\/\/news.google.com\/rss\/articles\/CBMilAFBVV95cUxPejd2ZzV2T0RmN3dXRm5raXFGbk1iSkNuem80MGx2VWlMZG4xZ2w0eGdOZGFBMVNxbGoyUzZKZGM1Yk9SbkZxTlJ6WmNsLWlHNDN1R01NMkEyR3dPMS04RVRHWVUwZzlnUjVYSnlLLWhpUlhpOFRPbzBmMkF3RzFyUjNmeDRnelFSTkRqVm1qTjRCc09j?oc=5\" target=\"_blank\" rel=\"nofollow noopener\">Na kogo mo\u017ce trafi\u0107 Polska? Losowanie grup M\u015a 2026 &#8211; relacja na \u017cywo [LIVE]<\/a>&nbsp;&nbsp;weszlo.com<\/li>\n<li><a href=\"https:\/\/news.google.com\/rss\/articles\/CBMivwFBVV95cUxNZGhZRDlJUFg1TTlKNngwbmpmdlQ5OEZqdGE2RXlaaWRfOXNsb21JT3lmaUtpU1ZXTVJmdGtKQlpad3p0Q3g1WnctOEl0S3JTRV9pUGQ5b3pMS1JCeHluaS1xeWh2MTFWSnJZdmRXYkg3WnN3ZVN1ODZqVjZjRjZHelZoSnlkNHBjYXB1YjZmdmR3cUdDQXFKeEJhV0Z6bExMbU5WYU5XQWJFV3p4eUF2eTZ0VlRQLUdOUzJlbnF3cw?oc=5\" target=\"_blank\" rel=\"nofollow noopener\">Tu\u017c przed losowaniem nadesz\u0142y oficjalne wie\u015bci. Polska bez awansu na M\u015a. Kulesza i Urban na miejscu<\/a>&nbsp;&nbsp;Sport w INTERIA.PL<\/li>\n<li><a href=\"https:\/\/news.google.com\/rss\/articles\/CBMiqgFBVV95cUxQZEllQW80R3pibXdDck01REM1X2dtR29SSjJ3ckRMVEY3d04yQWlIenZQS29icjd1elA1MDU3cnYtWXBtZ3hCR09ZWjRia0wwSkpyYlB2ZVpMQWU0dW1SYjZ6VkpPVzVGTFlFRDNXLUFycEdieVdEMTdoNGF1WldzbGE0aUhYSm1GWmJhbmRWSUYxT2VlZmxOb1FtSEpQQ1A3WWp0NTVSV3czQQ?oc=5\" target=\"_blank\" rel=\"nofollow noopener\">Pot\u0119ga marzy o wylosowaniu Polski w grupie. &#8222;Tak, dajcie nam Polsk\u0119&#8221;<\/a>&nbsp;&nbsp;Sport.pl<\/li>\n<\/ol>\n","protected":false},"excerpt":{"rendered":"Losowanie grup mistrzostw \u015bwiata 2026. Podzia\u0142 na koszyki. Oto Grupy [TEKST AKTUALIZOWANY]&nbsp;&nbsp;Przegl\u0105d Sportowy Onet Zbigniew Boniek przem\u00f3wi\u0142 przed&hellip;\n","protected":false},"author":2,"featured_media":134743,"comment_status":"","ping_status":"","sticky":false,"template":"","format":"standard","meta":{"footnotes":""},"categories":[24],"tags":[67,7409,13084,11781,948,42,38,40,39,41,136,128,355,47,127,135,126,4582,130],"class_list":{"0":"post-134742","1":"post","2":"type-post","3":"status-publish","4":"format-standard","5":"has-post-thumbnail","7":"category-sport","8":"tag-intextvideo_splayer","9":"tag-mistrzostwa_swiata_2026","10":"tag-ms_2026","11":"tag-mundial_2026","12":"tag-pilka_nozna","13":"tag-pl","14":"tag-poland","15":"tag-polish","16":"tag-polska","17":"tag-polski","18":"tag-ps_detal_new","19":"tag-psv2","20":"tag-reprezentacja_polski","21":"tag-screening_general","22":"tag-sport","23":"tag-sport_sport","24":"tag-sports","25":"tag-stany_zjednoczone","26":"tag-wiadomosci_sportowe"},"share_on_mastodon":{"url":"https:\/\/pubeurope.com\/@pl\/115668057083024487","error":""},"_links":{"self":[{"href":"https:\/\/www.europesays.com\/pl\/wp-json\/wp\/v2\/posts\/134742","targetHints":{"allow":["GET"]}}],"collection":[{"href":"https:\/\/www.europesays.com\/pl\/wp-json\/wp\/v2\/posts"}],"about":[{"href":"https:\/\/www.europesays.com\/pl\/wp-json\/wp\/v2\/types\/post"}],"author":[{"embeddable":true,"href":"https:\/\/www.europesays.com\/pl\/wp-json\/wp\/v2\/users\/2"}],"replies":[{"embeddable":true,"href":"https:\/\/www.europesays.com\/pl\/wp-json\/wp\/v2\/comments?post=134742"}],"version-history":[{"count":0,"href":"https:\/\/www.europesays.com\/pl\/wp-json\/wp\/v2\/posts\/134742\/revisions"}],"wp:featuredmedia":[{"embeddable":true,"href":"https:\/\/www.europesays.com\/pl\/wp-json\/wp\/v2\/media\/134743"}],"wp:attachment":[{"href":"https:\/\/www.europesays.com\/pl\/wp-json\/wp\/v2\/media?parent=134742"}],"wp:term":[{"taxonomy":"category","embeddable":true,"href":"https:\/\/www.europesays.com\/pl\/wp-json\/wp\/v2\/categories?post=134742"},{"taxonomy":"post_tag","embeddable":true,"href":"https:\/\/www.europesays.com\/pl\/wp-json\/wp\/v2\/tags?post=134742"}],"curies":[{"name":"wp","href":"https:\/\/api.w.org\/{rel}","templated":true}]}}