{"id":134761,"date":"2025-12-05T17:21:13","date_gmt":"2025-12-05T17:21:13","guid":{"rendered":"https:\/\/www.europesays.com\/pl\/134761\/"},"modified":"2025-12-05T17:21:13","modified_gmt":"2025-12-05T17:21:13","slug":"malgorzata-rozenek-majdan-rozplywa-sie-nad-synem-zasluzyles-na-to-2","status":"publish","type":"post","link":"https:\/\/www.europesays.com\/pl\/134761\/","title":{"rendered":"Ma\u0142gorzata Rozenek-Majdan rozp\u0142ywa si\u0119 nad synem. &#8222;Zas\u0142u\u017cy\u0142e\u015b na to&#8221;"},"content":{"rendered":"<p class=\"ods-c-paragraph \"><a href=\"https:\/\/plejada.pl\/malgorzata-rozenek-majdan-dziennikarka\" id=\"af151c94-8b5d-492d-96ed-6a2126af59d3\" rel=\"nofollow noopener\" target=\"_blank\">Ma\u0142gorzata Rozenek-Majdan<\/a> jest jedn\u0105 z najpopularniejszych i najbardziej aktywnych gwiazd w polskim show-biznesie. Swoj\u0105 karier\u0119 medialn\u0105 rozpocz\u0119\u0142a w 2007 r., a pi\u0119\u0107 lat p\u00f3\u017aniej zwi\u0105za\u0142a si\u0119 ze stacj\u0105 TVN, gdzie prowadzi\u0142a lifestylowe programy. W tym roku prezenterka postanowi\u0142a wypr\u00f3bowa\u0107 swoich si\u0142 w innym formacie \u2014 prowadzi podcast &#8222;Z bliska&#8221;, w kt\u00f3rym rozmawia ze znanmy osobami.<\/p>\n<p class=\"ods-c-paragraph \">Opr\u00f3cz dynamicznej kariery i gigantycznej rozpoznawalno\u015bci Ma\u0142gorzata Rozenek-Majdan mo\u017ce pochwali\u0107 si\u0119 r\u00f3wnie\u017c szcz\u0119\u015bliw\u0105 rodzin\u0105. Po dw\u00f3ch nieudanych ma\u0142\u017ce\u0144stwach z \u0141ukaszem Bukaczewskim i Jackiem Rozenkiem, z kt\u00f3rym ma dw\u00f3ch syn\u00f3w, Stanis\u0142awa i Tadeusza, w 2013 r. prezenterka odnalaz\u0142a szcz\u0119\u015bcie u boku by\u0142ego bramkarza reprezentacji Polski Rados\u0142awa Majdana. W 2020 r. na \u015bwiat przyszed\u0142 ich syn Henryk.<\/p>\n<p class=\"ods-c-paragraph \">Ma\u0142gorzata Rozenek-Majdan nie ukrywa, \u017ce synowie to ca\u0142y jej \u015bwiat, zw\u0142aszcza \u017ce ka\u017cdy z ch\u0142opc\u00f3w by\u0142 niezwykle wyczekany. Wszyscy trzej przyszli na \u015bwiat dzi\u0119ki procedurze in vitro, o czym prezenterka od lat g\u0142o\u015bno m\u00f3wi i dzia\u0142a na rzecz refundacji tej metody zap\u0142odnienia.<\/p>\n<p>Dalszy ci\u0105g artyku\u0142u pod materia\u0142em wideo<\/p>\n<p> Jakie osi\u0105gni\u0119cie syna Ma\u0142gorzaty Rozenek-Majdan zyska\u0142o szczeg\u00f3lne uznanie? <\/p>\n<p> Ile syn\u00f3w ma Ma\u0142gorzata Rozenek-Majdan? <\/p>\n<p> Kiedy Ma\u0142gorzata Rozenek-Majdan rozpocz\u0119\u0142a swoj\u0105 karier\u0119 medialn\u0105? <\/p>\n<p> Kogo Ma\u0142gorzata Rozenek-Majdan po\u015blubi\u0142a w 2013 roku? <\/p>\n<p>  Ma\u0142gorzata Rozenek-Majdan zapozowa\u0142a z synami. Ma powody do dumy   <\/p>\n<p class=\"ods-c-paragraph \">Ma\u0142gorzata Rozenek-Majdan bardzo cz\u0119sto chwali si\u0119 swoimi pociechami i sp\u0119dzonymi z rodzin\u0105 chwilami na Instagramie. Prezenterka ch\u0119tnie m\u00f3wi tak\u017ce o osi\u0105gni\u0119ciach swoich syn\u00f3w \u2014 najstarszy, 19-letni Stanis\u0142aw <a href=\"https:\/\/www.onet.pl\/styl-zycia\/plejada\/syn-malgorzaty-rozenek-przeprowadza-sie-do-paryza-osiagnal-wielki-sukces\/blrwwbr,0898b825\" id=\"d43c96be-9402-4e05-afb2-b9df482242dd\" rel=\"nofollow noopener\" target=\"_blank\">przebywa obecnie w Pary\u017cu<\/a>, gdzie studiuje na jednym z francuskich uniwersytet\u00f3w. W \u015blady starszego brata idzie poniek\u0105d 15-letni Tadeusz, kt\u00f3ry uczy si\u0119 jednej z prywatnych szk\u00f3\u0142 francuskich w Warszawie i w\u0142a\u015bnie odebra\u0142 dipl\u00f4me national du brevet, czyli dyplom uko\u0144czenia szko\u0142y \u015bredniej I stopnia.<\/p>\n<p class=\"ods-c-paragraph \">Na instagramowym profilu Ma\u0142gorzaty Rozenek-Majdan pojawi\u0142y si\u0119 dwa zdj\u0119cia z rozdania dyplom\u00f3w. Na jednym z nich Tadeusz pozuje z dyplomem, a na drugim do\u0142\u0105czy\u0142a do niego mama i pi\u0119cioletni brat Henryk.<\/p>\n<blockquote class=\"ods-o-quota\">\n<p class=\"ods-o-quota__paragraph\">Dzi\u015b \u015bwi\u0119towali\u015bmy wa\u017cny moment Tadeusza. Rozdanie dyplom\u00f3w dipl\u00f4me national du brevet. By\u0142o du\u017co rado\u015bci, wzruszenia i tej spokojnej dumy, kt\u00f3r\u0105 czuje si\u0119 jako rodzic, widz\u0105c, jak dziecko ro\u015bnie, dojrzewa i staje si\u0119 sob\u0105. Gratulacje, synu \u2014 zas\u0142u\u017cy\u0142e\u015b na to. I ogromne gratulacje dla wszystkich jego kole\u017canek i koleg\u00f3w \u2014 pi\u0119kny dzie\u0144 i pi\u0119kny sukces ca\u0142ej grupy<\/p>\n<\/blockquote>\n<p class=\"ods-c-paragraph \">\u2014 czytamy.<\/p>\n<p><img decoding=\"async\" src=\"https:\/\/www.europesays.com\/pl\/wp-content\/uploads\/2025\/12\/szEk9lBaHR0cHM6Ly9vY2RuLmV1L3B1bHNjbXMvTURBXy9hNjkwNjk2ZTJkZDQyYmFiOTRlNWM1MDYwNWE1ZDI0NS5wbmeSlQPMx.jpeg\" height=\"712\" width=\"748\" alt=\"Ma\u0142gorzata Rozenek-Majdan na Instagramie\" loading=\"lazy\" class=\"ods-c-image__img ods-c-image__img--viewport-width\"\/><\/p>\n<p>Ma\u0142gorzata Rozenek-Majdan na Instagramiehttps:\/\/www.instagram.com\/m_rozenek\/?hl=pl<\/p>\n<p> <img decoding=\"async\" src=\"https:\/\/www.europesays.com\/pl\/wp-content\/uploads\/2025\/12\/6Ihk9lBaHR0cHM6Ly9vY2RuLmV1L3B1bHNjbXMvTURBXy85ZDMwZDRiZmM4ZTA3MDYzMTJmYTZlYTA1Mjk0MTVjYi5wbmeSlQPMx.jpeg\" height=\"529\" width=\"940\" alt=\"Ma\u0142gorzata Rozenek-Majdan na Instagramie\" loading=\"lazy\" class=\"ods-c-image__img ods-c-image__img--viewport-width\"\/><\/p>\n<p>Ma\u0142gorzata Rozenek-Majdan na Instagramiehttps:\/\/www.instagram.com\/m_rozenek\/?hl=pl<\/p>\n<p class=\"ods-c-paragraph \">Nie oby\u0142o si\u0119 bez gratulacji, kt\u00f3re opr\u00f3cz od fan\u00f3w i obserwator\u00f3w, sp\u0142yn\u0119\u0142y r\u00f3wnie\u017c od wielu gwiazd. W oczy od razu rzuca si\u0119 komentarz r\u00f3wnie wzruszonego co \u017cona <a href=\"https:\/\/plejada.pl\/radoslaw-majdan\" id=\"bc52052a-d4c2-4fdd-992a-62620b179c87\" rel=\"nofollow noopener\" target=\"_blank\">Rados\u0142awa Majdana<\/a>.<\/p>\n<blockquote class=\"ods-o-quota\">\n<p class=\"ods-o-quota__paragraph\">A jeszcze niedawno nasz Tadzio by\u0142 jak Henio. Kiedy to zlecia\u0142o\u2026<\/p>\n<\/blockquote>\n<p class=\"ods-c-paragraph \">\u2014 napisa\u0142.<\/p>\n<p class=\"ods-c-paragraph \">Pod postem pojawi\u0142y si\u0119 r\u00f3wnie\u017c gratulacje od Anity Werner, Anny Korcz, Agaty M\u0142ynarskiej i Roberta Karasia.<\/p>\n<p class=\"ods-c-paragraph \">Dzi\u0119kujemy, \u017ce przeczyta\u0142a\u015b\/e\u015b nasz artyku\u0142 do ko\u0144ca. W serwisie Plejada.pl ka\u017cdego dnia piszemy o najwa\u017cniejszych wydarzeniach show-biznesowych. B\u0105d\u017a na bie\u017c\u0105co! <a rel=\"nofollow noopener\" href=\"https:\/\/profile.google.com\/cp\/Cg0vZy8xMWJ6X19wdHBx\" id=\"988b5ff9-293c-4345-8b33-be6c22edc5b1\" target=\"_blank\">Obserwuj<\/a> Plejad\u0119 w Google. Odwied\u017a nas tak\u017ce na <a rel=\"nofollow noopener\" href=\"https:\/\/www.facebook.com\/plejadapl\" id=\"77a19294-9657-4b03-bac7-8841b6abbc1a\" target=\"_blank\">Facebooku<\/a>, <a rel=\"nofollow noopener\" href=\"https:\/\/www.instagram.com\/plejadapl\/\" id=\"b94991ba-8b43-41c4-9dd2-ce9d3a5c8855\" target=\"_blank\">Instagramie<\/a>, <a rel=\"nofollow noopener\" href=\"https:\/\/www.youtube.com\/c\/plejada\" id=\"b07ecbf1-a3c3-43f4-8235-d1041ed122ff\" target=\"_blank\">YouTubie<\/a> oraz <a rel=\"nofollow noopener\" href=\"https:\/\/www.tiktok.com\/@plejada_pl\" id=\"59082856-1718-48c0-b7cf-ca5496b84f69\" target=\"_blank\">TikToku<\/a>.<\/p>\n<p class=\"ods-c-paragraph \">Chcesz podzieli\u0107 si\u0119 ciekawym newsem lub zaproponowa\u0107 temat? Skontaktuj si\u0119 z nami, pisz\u0105c maila na adres: <a rel=\"nofollow noopener\" href=\"https:\/\/plejada.pl\/newsy\/malgorzata-rozenek-majdan-rozplywa-sie-nad-synem-zasluzyles-na-to\/mailto:plejada@redakcjaonet.pl\" id=\"68263331-1936-4034-a2ff-043c3f35c502\" target=\"_blank\">plejada@redakcjaon<\/a><a href=\"https:\/\/et.pl\" id=\"acf9855d-67de-4528-8336-1b9a3e5e6c08\" rel=\"nofollow noopener\" target=\"_blank\">et.pl<\/a>.<\/p>\n<p><script async src=\"\/\/www.instagram.com\/embed.js\"><\/script><script async src=\"\/\/www.tiktok.com\/embed.js\"><\/script><\/p>\n","protected":false},"excerpt":{"rendered":"Ma\u0142gorzata Rozenek-Majdan jest jedn\u0105 z najpopularniejszych i najbardziej aktywnych gwiazd w polskim show-biznesie. Swoj\u0105 karier\u0119 medialn\u0105 rozpocz\u0119\u0142a w&hellip;\n","protected":false},"author":2,"featured_media":134762,"comment_status":"","ping_status":"","sticky":false,"template":"","format":"standard","meta":{"footnotes":""},"categories":[22],"tags":[2501,122,5221,48,125,46,42,38,40,39,41,7515,25199,123,47],"class_list":{"0":"post-134761","1":"post","2":"type-post","3":"status-publish","4":"format-standard","5":"has-post-thumbnail","7":"category-rozrywka","8":"tag-dzieci_gwiazd","9":"tag-entertainment","10":"tag-malgorzata_rozenek_majdan","11":"tag-nat_styl","12":"tag-newsy","13":"tag-omp","14":"tag-pl","15":"tag-poland","16":"tag-polish","17":"tag-polska","18":"tag-polski","19":"tag-radoslaw_majdan","20":"tag-rebrand_ai_tst1","21":"tag-rozrywka","22":"tag-screening_general"},"share_on_mastodon":{"url":"https:\/\/pubeurope.com\/@pl\/115668116063590017","error":""},"_links":{"self":[{"href":"https:\/\/www.europesays.com\/pl\/wp-json\/wp\/v2\/posts\/134761","targetHints":{"allow":["GET"]}}],"collection":[{"href":"https:\/\/www.europesays.com\/pl\/wp-json\/wp\/v2\/posts"}],"about":[{"href":"https:\/\/www.europesays.com\/pl\/wp-json\/wp\/v2\/types\/post"}],"author":[{"embeddable":true,"href":"https:\/\/www.europesays.com\/pl\/wp-json\/wp\/v2\/users\/2"}],"replies":[{"embeddable":true,"href":"https:\/\/www.europesays.com\/pl\/wp-json\/wp\/v2\/comments?post=134761"}],"version-history":[{"count":0,"href":"https:\/\/www.europesays.com\/pl\/wp-json\/wp\/v2\/posts\/134761\/revisions"}],"wp:featuredmedia":[{"embeddable":true,"href":"https:\/\/www.europesays.com\/pl\/wp-json\/wp\/v2\/media\/134762"}],"wp:attachment":[{"href":"https:\/\/www.europesays.com\/pl\/wp-json\/wp\/v2\/media?parent=134761"}],"wp:term":[{"taxonomy":"category","embeddable":true,"href":"https:\/\/www.europesays.com\/pl\/wp-json\/wp\/v2\/categories?post=134761"},{"taxonomy":"post_tag","embeddable":true,"href":"https:\/\/www.europesays.com\/pl\/wp-json\/wp\/v2\/tags?post=134761"}],"curies":[{"name":"wp","href":"https:\/\/api.w.org\/{rel}","templated":true}]}}