{"id":134771,"date":"2025-12-05T17:42:13","date_gmt":"2025-12-05T17:42:13","guid":{"rendered":"https:\/\/www.europesays.com\/pl\/134771\/"},"modified":"2025-12-05T17:42:13","modified_gmt":"2025-12-05T17:42:13","slug":"ojciec-meghan-markle-trafil-do-szpitala-konieczna-byla-amputacja","status":"publish","type":"post","link":"https:\/\/www.europesays.com\/pl\/134771\/","title":{"rendered":"Ojciec Meghan Markle trafi\u0142 do szpitala. Konieczna by\u0142a amputacja"},"content":{"rendered":"<p class=\"ods-c-paragraph \">W tym tygodniu media poda\u0142y wie\u015bci dotycz\u0105ce stanu zdrowia ojca Meghan Markle, kt\u00f3ry trafi\u0142 do szpitala. Jej brat, Thomas Markle Jr., ujawni\u0142 w rozmowie z &#8222;Daily Mail&#8221;, \u017ce zosta\u0142 pilnie przewieziony do plac\u00f3wki medycznej.<\/p>\n<blockquote class=\"ods-o-quota\">\n<p class=\"ods-o-quota__paragraph\">Zabrano nas karetk\u0105 na sygnale do wi\u0119kszego szpitala w centrum miasta. Lekarze stwierdzili, \u017ce \u017cycie mojego taty jest w bezpo\u015brednim niebezpiecze\u0144stwie<\/p>\n<\/blockquote>\n<p class=\"ods-c-paragraph \">&#8222;Stopy mojego taty zacz\u0119\u0142y zmienia\u0107 kolor, najpierw by\u0142y sine, a potem czarne. To dzia\u0142o si\u0119 bardzo szybko. Zabra\u0142em go do lokalnego szpitala, gdzie wykonano badania i powiedziano, \u017ce konieczna jest amputacja nogi&#8221; \u2014 przekaza\u0142.<\/p>\n<p>Dalszy ci\u0105g artyku\u0142u pod materia\u0142em wideo<\/p>\n<p> Jakie problemy zdrowotne ma Thomas Markle? <\/p>\n<p> Co si\u0119 sta\u0142o z nog\u0105 Thomasa Markla? <\/p>\n<p> Gdzie obecnie przebywa ojciec Meghan Markle? <\/p>\n<p> Kiedy Thomas Markle Jr. ujawnili informacje o stanie zdrowia ojca? <\/p>\n<p>  Ojciec Meghan Markle trafi\u0142 do szpitala. Konieczna by\u0142a amputacja <\/p>\n<p class=\"ods-c-paragraph \">Obecnie ojciec Meghan przebywa na oddziale intensywnej terapii, a jego \u017cycie jest zagro\u017cone. Przed nim kolejny zabieg, maj\u0105cy na celu usuni\u0119cie skrzepu krwi w lewej nodze.<\/p>\n<blockquote class=\"ods-o-quota\">\n<p class=\"ods-o-quota__paragraph\">M\u00f3j tata b\u0119dzie musia\u0142 d\u0142ugo zosta\u0107 w szpitalu. Czeka go wyczerpuj\u0105ca rehabilitacja<\/p>\n<\/blockquote>\n<p class=\"ods-c-paragraph \">\u2014 dodaje brat Markle. Przypomnijmy, \u017ce Thomas Markle zmaga\u0142 si\u0119 z wieloma powa\u017cnymi problemami zdrowotnymi. W 2018 r. przeszed\u0142 dwa zawa\u0142y serca, a cztery lata p\u00f3\u017aniej \u2014 udar m\u00f3zgu.<\/p>\n<p class=\"ods-c-paragraph \">Obecnie \u017cona ksi\u0119cia Harry&#8217;ego nie utrzymuje kontaktu z ojcem. W tygodniu, gdy wyszed\u0142 \u015bwi\u0105teczny odcinek programu Meghan, w kt\u00f3rym opowiada\u0142a o relacjach z bliskimi, pojawi\u0142y si\u0119 kolejne informacje na temat pogorszenia jego stanu zdrowotnego.<\/p>\n<p class=\"ods-c-paragraph \">&#8222;Prosz\u0119 Meg, by w tygodniu, w kt\u00f3rym wypu\u015bci\u0142a program o sile mi\u0142o\u015bci i rodziny, skontaktowa\u0142a si\u0119 z naszym tat\u0105. On potrzebuje jej bardziej ni\u017c kiedykolwiek&#8221; \u2014 zaapelowa\u0142 Thomas Markle Jr.<\/p>\n<p><img decoding=\"async\" src=\"https:\/\/www.europesays.com\/pl\/wp-content\/uploads\/2025\/10\/2rzk9lBaHR0cHM6Ly9vY2RuLmV1L3B1bHNjbXMvTURBXy9mYWMzMDM5MDNmMTUwM2Y0ZGYzZGU1YjNlMmFmMmNkMy5qcGeRlQLNB.jpeg\" height=\"627\" width=\"940\" alt=\"Meghan Markle i ksi\u0105\u017c\u0119 Harry\" loading=\"lazy\" class=\"ods-c-image__img ods-c-image__img--viewport-width\"\/><\/p>\n<p>Meghan Markle i ksi\u0105\u017c\u0119 HarryPete Hancock \/ Shutterstock<\/p>\n<p class=\"ods-c-paragraph \">Dzi\u0119kujemy, \u017ce przeczyta\u0142a\u015b\/e\u015b nasz artyku\u0142 do ko\u0144ca. W serwisie Plejada.pl ka\u017cdego dnia piszemy o najwa\u017cniejszych wydarzeniach show-biznesowych. B\u0105d\u017a na bie\u017c\u0105co! <a rel=\"nofollow noopener\" href=\"https:\/\/profile.google.com\/cp\/Cg0vZy8xMWJ6X19wdHBx\" id=\"04649817-d2d0-4b4a-bcac-4ebfc2039ce1\" target=\"_blank\">Obserwuj<\/a> Plejad\u0119 w Google. Odwied\u017a nas tak\u017ce na <a rel=\"nofollow noopener\" href=\"https:\/\/www.facebook.com\/plejadapl\" id=\"e53951e9-e695-430c-9aaa-91e4e868432c\" target=\"_blank\">Facebooku<\/a>, <a rel=\"nofollow noopener\" href=\"https:\/\/www.instagram.com\/plejadapl\/\" id=\"67eaf023-3a6c-4461-99ea-6f5c5ad42a4d\" target=\"_blank\">Instagramie<\/a>, <a rel=\"nofollow noopener\" href=\"https:\/\/www.youtube.com\/c\/plejada\" id=\"f0234cd8-2c8a-483f-a48d-b548109e3cf4\" target=\"_blank\">YouTubie<\/a> oraz <a rel=\"nofollow noopener\" href=\"https:\/\/www.tiktok.com\/@plejada_pl\" id=\"b0a3da15-73c2-4582-ba6f-8235143daf49\" target=\"_blank\">TikToku<\/a>.<\/p>\n<p class=\"ods-c-paragraph \">Chcesz podzieli\u0107 si\u0119 ciekawym newsem lub zaproponowa\u0107 temat? Skontaktuj si\u0119 z nami, pisz\u0105c maila na adres: <a rel=\"nofollow noopener\" href=\"https:\/\/plejada.pl\/newsy\/ojciec-meghan-markle-trafil-do-szpitala-konieczna-byla-amputacja\/mailto:plejada@redakcjaonet.pl\" id=\"9e0121d9-b0ef-4418-b2b4-218f9d242609\" target=\"_blank\">plejada@redakcjaon<\/a><a rel=\"nofollow noopener\" href=\"https:\/\/et.pl\/\" id=\"22e61927-0bf1-48a4-8045-bf968d59c2ca\" target=\"_blank\">et.pl<\/a>.<\/p>\n<p><script async src=\"\/\/www.instagram.com\/embed.js\"><\/script><script async src=\"\/\/www.tiktok.com\/embed.js\"><\/script><\/p>\n","protected":false},"excerpt":{"rendered":"W tym tygodniu media poda\u0142y wie\u015bci dotycz\u0105ce stanu zdrowia ojca Meghan Markle, kt\u00f3ry trafi\u0142 do szpitala. Jej brat,&hellip;\n","protected":false},"author":2,"featured_media":134772,"comment_status":"","ping_status":"","sticky":false,"template":"","format":"standard","meta":{"footnotes":""},"categories":[22],"tags":[122,3277,48,125,46,42,38,40,39,41,25865,1276,123,47],"class_list":{"0":"post-134771","1":"post","2":"type-post","3":"status-publish","4":"format-standard","5":"has-post-thumbnail","7":"category-rozrywka","8":"tag-entertainment","9":"tag-ksiezna_meghan","10":"tag-nat_styl","11":"tag-newsy","12":"tag-omp","13":"tag-pl","14":"tag-poland","15":"tag-polish","16":"tag-polska","17":"tag-polski","18":"tag-rebrand_ai_tst0","19":"tag-rodziny_i_rody_krolewskie","20":"tag-rozrywka","21":"tag-screening_general"},"share_on_mastodon":{"url":"https:\/\/pubeurope.com\/@pl\/115668198788851078","error":""},"_links":{"self":[{"href":"https:\/\/www.europesays.com\/pl\/wp-json\/wp\/v2\/posts\/134771","targetHints":{"allow":["GET"]}}],"collection":[{"href":"https:\/\/www.europesays.com\/pl\/wp-json\/wp\/v2\/posts"}],"about":[{"href":"https:\/\/www.europesays.com\/pl\/wp-json\/wp\/v2\/types\/post"}],"author":[{"embeddable":true,"href":"https:\/\/www.europesays.com\/pl\/wp-json\/wp\/v2\/users\/2"}],"replies":[{"embeddable":true,"href":"https:\/\/www.europesays.com\/pl\/wp-json\/wp\/v2\/comments?post=134771"}],"version-history":[{"count":0,"href":"https:\/\/www.europesays.com\/pl\/wp-json\/wp\/v2\/posts\/134771\/revisions"}],"wp:featuredmedia":[{"embeddable":true,"href":"https:\/\/www.europesays.com\/pl\/wp-json\/wp\/v2\/media\/134772"}],"wp:attachment":[{"href":"https:\/\/www.europesays.com\/pl\/wp-json\/wp\/v2\/media?parent=134771"}],"wp:term":[{"taxonomy":"category","embeddable":true,"href":"https:\/\/www.europesays.com\/pl\/wp-json\/wp\/v2\/categories?post=134771"},{"taxonomy":"post_tag","embeddable":true,"href":"https:\/\/www.europesays.com\/pl\/wp-json\/wp\/v2\/tags?post=134771"}],"curies":[{"name":"wp","href":"https:\/\/api.w.org\/{rel}","templated":true}]}}