{"id":134797,"date":"2025-12-05T18:08:09","date_gmt":"2025-12-05T18:08:09","guid":{"rendered":"https:\/\/www.europesays.com\/pl\/134797\/"},"modified":"2025-12-05T18:08:09","modified_gmt":"2025-12-05T18:08:09","slug":"spiecie-miedzy-czarzastym-a-politykami-razem-wskoczyles-w-pis-owskie-buty","status":"publish","type":"post","link":"https:\/\/www.europesays.com\/pl\/134797\/","title":{"rendered":"Spi\u0119cie mi\u0119dzy Czarzastym a politykami Razem. &#8222;Wskoczy\u0142e\u015b w PiS-owskie buty!&#8221;"},"content":{"rendered":"<ul class=\"UnorderedList_container__nmfSl\">\n<li class=\"UnorderedList_listElement__Py7xi\" data-id=\"ai-summary-link\">Du\u017co czytania, a ma\u0142o czasu? Sprawd\u017a\u00a0skr\u00f3t\u00a0artyku\u0142u<\/li>\n<\/ul>\n<p class=\"Paragraph_desktopParagraph__U31Gm\">W Sejmie trwa\u0142y dzi\u015b g\u0142osowania nad poprawkami do ustawy bud\u017cetowej. Nagle na sali rozleg\u0142y si\u0119 g\u0142osy oburzenia Marceliny Zawiszy i Adriana Zandberga, kt\u00f3rzy domagali si\u0119 zadania pytania do poprawek. Marsza\u0142ek Sejmu W\u0142odzimierz Czarzasty stwierdzi\u0142 jednak, \u017ce nie ma takiej mo\u017cliwo\u015bci.<\/p>\n<p class=\"Paragraph_desktopParagraph__U31Gm\">\u2014 Szybko wskoczy\u0142e\u015b w PiS-owskie buty, W\u0142odek \u2014 powiedzia\u0142 w pewnym momencie Zandberg, kt\u00f3ry razem z Zawisz\u0105 podeszli do m\u00f3wnicy.<\/p>\n<p class=\"VideoPlayerText_videoPlayerText__iDwyz\">Dalszy ci\u0105g materia\u0142u pod wideo<\/p>\n<p class=\"Paragraph_desktopParagraph__U31Gm\">Dalsze apele pos\u0142\u00f3w zosta\u0142y zignorowane przez marsza\u0142ka, kt\u00f3ry kontynuowa\u0142 g\u0142osowanie w sprawie poprawek.<\/p>\n<ul class=\"OchatFollowUps_wrapper__1ry7X\">\n<li class=\"OchatFollowUps_item__Dhyly OchatFollowUps_itemDesktop__R6aBv\">Co wywo\u0142a\u0142o spi\u0119cie w Sejmie?<\/li>\n<li class=\"OchatFollowUps_item__Dhyly OchatFollowUps_itemDesktop__R6aBv\">Kto domaga\u0142 si\u0119 zadania pyta\u0144?<\/li>\n<li class=\"OchatFollowUps_item__Dhyly OchatFollowUps_itemDesktop__R6aBv\">Jakie poprawki omawiano w Sejmie?<\/li>\n<li class=\"OchatFollowUps_item__Dhyly OchatFollowUps_itemDesktop__R6aBv\">Jakie komentarze z\u0142o\u017cyli cz\u0142onkowie Razem po incydencie?<\/li>\n<\/ul>\n<p>Komentarze po spi\u0119ciu w Sejmie. &#8222;Demokraci od siedmiu bole\u015bci&#8221; <\/p>\n<p class=\"Paragraph_desktopParagraph__U31Gm\">Po incydencie w Sejmie cz\u0142onkowie Razem zabrali g\u0142os w serwisie X.<\/p>\n<p class=\"Paragraph_desktopParagraph__U31Gm\">&#8222;Rz\u0105d na ostatniej prostej zabiera pracownikom s\u0105d\u00f3w pieni\u0105dze przeznaczone na ich wynagrodzenia. Marsza\u0142ek Czarzasty nie pozwala na zadawanie pyta\u0144 w sprawie poszczeg\u00f3lnych poprawek&#8221; \u2014 napisa\u0142 Adrian Zandberg.<\/p>\n<p class=\"Paragraph_desktopParagraph__U31Gm\">&#8222;Poprawki ratuj\u0105ce badania podstawowe, infrastruktur\u0119 bada\u0144 naukowych, instytuty PAN, stypendia doktoranckie \u2014 odrzucone. Rz\u0105d przepchn\u0105\u0142 jeden z najbardziej antyrozwojowych bud\u017cet\u00f3w w XXI w.&#8221; \u2014 doda\u0142 lider Razem w innym wpisie.<\/p>\n<p class=\"Paragraph_desktopParagraph__U31Gm\">W podobnym tonie wypowiedzia\u0142a si\u0119 Marcelina Zawisza.<\/p>\n<p class=\"Paragraph_desktopParagraph__U31Gm\">&#8222;Nie ma pyta\u0144. Jak to marsza\u0142ek Witek nie pozwala\u0142a zabra\u0107 g\u0142osu, to by\u0142 zamordyzm i koniec demokracji. Jak robi to \u00bbdemokratyczna\u00ab wi\u0119kszo\u015b\u0107 to, jak wida\u0107, mo\u017cna. Demokraci od siedmiu bole\u015bci&#8221; \u2014 oceni\u0142a polityczka.<\/p>\n<p class=\"Paragraph_desktopParagraph__U31Gm\">Przypomnijmy, \u017ce<a href=\"https:\/\/www.onet.pl\/informacje\/onetwiadomosci\/ekspert-ocenia-rozlam-w-lewicy-rozwod-jest-szansa-na-nowe-otwarcie\/fpe2ksp,79cfc278\" id=\"c8cec298-1334-4619-99fe-7198404fd85e\" rel=\"nofollow noopener\" target=\"_blank\"> partia Razem opu\u015bci\u0142a klub parlamentarny Lewicy pod koniec pa\u017adziernika 2024 r.<\/a>, tworz\u0105c w\u0142asne ko\u0142o poselskie i staj\u0105c si\u0119 jednocze\u015bnie ugrupowaniem opozycyjnym.<\/p>\n","protected":false},"excerpt":{"rendered":"Du\u017co czytania, a ma\u0142o czasu? Sprawd\u017a\u00a0skr\u00f3t\u00a0artyku\u0142u W Sejmie trwa\u0142y dzi\u015b g\u0142osowania nad poprawkami do ustawy bud\u017cetowej. Nagle na&hellip;\n","protected":false},"author":2,"featured_media":134798,"comment_status":"","ping_status":"","sticky":false,"template":"","format":"standard","meta":{"footnotes":""},"categories":[5],"tags":[1659,32,33,36,37,27,67,34,35,4463,27980,28,31,53,25,52,68,51,7212,55,42,38,40,39,41,47,5930,29,30,65,50,26,5700],"class_list":{"0":"post-134797","1":"post","2":"type-post","3":"status-publish","4":"format-standard","5":"has-post-thumbnail","7":"category-naglowki","8":"tag-adrian_zandberg","9":"tag-breaking-news","10":"tag-breakingnews","11":"tag-featured-news","12":"tag-featurednews","13":"tag-headlines","14":"tag-intextvideo_splayer","15":"tag-latest-news","16":"tag-latestnews","17":"tag-lewica","18":"tag-marcelina_zawisza","19":"tag-naglowki","20":"tag-najwazniejsze-artykuly","21":"tag-new_header","22":"tag-news","23":"tag-onet3","24":"tag-onet3d","25":"tag-onet3d_2i","26":"tag-partia_razem","27":"tag-phx","28":"tag-pl","29":"tag-poland","30":"tag-polish","31":"tag-polska","32":"tag-polski","33":"tag-screening_general","34":"tag-sejm_rp_posel_poslanka_poslowie","35":"tag-top-stories","36":"tag-topstories","37":"tag-update_me","38":"tag-v2021","39":"tag-wiadomosci","40":"tag-wlodzimierz_czarzasty_polityk"},"share_on_mastodon":{"url":"","error":"Validation failed: Text character limit of 500 exceeded"},"_links":{"self":[{"href":"https:\/\/www.europesays.com\/pl\/wp-json\/wp\/v2\/posts\/134797","targetHints":{"allow":["GET"]}}],"collection":[{"href":"https:\/\/www.europesays.com\/pl\/wp-json\/wp\/v2\/posts"}],"about":[{"href":"https:\/\/www.europesays.com\/pl\/wp-json\/wp\/v2\/types\/post"}],"author":[{"embeddable":true,"href":"https:\/\/www.europesays.com\/pl\/wp-json\/wp\/v2\/users\/2"}],"replies":[{"embeddable":true,"href":"https:\/\/www.europesays.com\/pl\/wp-json\/wp\/v2\/comments?post=134797"}],"version-history":[{"count":0,"href":"https:\/\/www.europesays.com\/pl\/wp-json\/wp\/v2\/posts\/134797\/revisions"}],"wp:featuredmedia":[{"embeddable":true,"href":"https:\/\/www.europesays.com\/pl\/wp-json\/wp\/v2\/media\/134798"}],"wp:attachment":[{"href":"https:\/\/www.europesays.com\/pl\/wp-json\/wp\/v2\/media?parent=134797"}],"wp:term":[{"taxonomy":"category","embeddable":true,"href":"https:\/\/www.europesays.com\/pl\/wp-json\/wp\/v2\/categories?post=134797"},{"taxonomy":"post_tag","embeddable":true,"href":"https:\/\/www.europesays.com\/pl\/wp-json\/wp\/v2\/tags?post=134797"}],"curies":[{"name":"wp","href":"https:\/\/api.w.org\/{rel}","templated":true}]}}