{"id":134999,"date":"2025-12-05T20:28:08","date_gmt":"2025-12-05T20:28:08","guid":{"rendered":"https:\/\/www.europesays.com\/pl\/134999\/"},"modified":"2025-12-05T20:28:08","modified_gmt":"2025-12-05T20:28:08","slug":"donald-tusk-grzmi-po-decyzji-poslow-beda-bardzo-zalowali-zapis-relacji-na-zywo-onet-wiadomosci","status":"publish","type":"post","link":"https:\/\/www.europesays.com\/pl\/134999\/","title":{"rendered":"Donald Tusk grzmi po decyzji pos\u0142\u00f3w. &quot;B\u0119d\u0105 bardzo \u017ca\u0142owali&quot; [ZAPIS RELACJI NA \u017bYWO] &#8211; Onet Wiadomo\u015bci"},"content":{"rendered":"<ol>\n<li><a href=\"https:\/\/news.google.com\/rss\/articles\/CBMiugFBVV95cUxQMEY4NHUtbkllank1QjF5UWpYX2pObXNWZHE3YnlQT0NGcnNRY0pfTUZSNmhEQnduQng3NEdGNDJ4alp2Tm5WekJ2M0k5VUhic3FGcldOSjIyM1p2aEdvUU1OYjRDc2pzaU9iVjYzWHh2elcyUDB0cHF1emhqNDU0UEVLMGpxNWYzUU1uODM2RVlGRXZ1di1tRktMMFZZbTQ5cEJlZWZHMDBoc1U1VkdPZUZRWjMzOTUxX1E?oc=5\" target=\"_blank\" rel=\"nofollow noopener\">Donald Tusk grzmi po decyzji pos\u0142\u00f3w. &#8222;B\u0119d\u0105 bardzo \u017ca\u0142owali&#8221; [ZAPIS RELACJI NA \u017bYWO]<\/a>&nbsp;&nbsp;Onet Wiadomo\u015bci<\/li>\n<li><a href=\"https:\/\/news.google.com\/rss\/articles\/CBMi2AFBVV95cUxNRlFDQTdZMXByQzZQMFlpSFpETTVPTzAwRmlxU0N4R3IwRkgtSUdQdjdQYTNnUGVsMjU3SzA1S29jb3NCZFFMSHBhcnVlRTNxUldQdVY5M3BFZUVvNTVWTHpTWmlpVHNNdDVfY25tX0IwNUFNdmo3T2JENHdJWi1PR3pCNEgyUlBrRFFweVR3MEdGc05OdnNuV1BwZG1xcXVBUVJYb29IM0VseVlQT19PSDI4NnVjVW4xbndJSGVZcUNKaTRJQlNtcXhmR3lNRnVlb05YdV9ESVg?oc=5\" target=\"_blank\" rel=\"nofollow noopener\">&#8222;B\u0119d\u0105 bardzo \u017ca\u0142owali tej decyzji&#8221;. Tusk przestrzega<\/a>&nbsp;&nbsp;TVN24<\/li>\n<li><a href=\"https:\/\/news.google.com\/rss\/articles\/CBMiyAFBVV95cUxPaDMtdGFVZE5TeFVYUFFVN0h4NUF4dDBHbm10bjREZ1JjUldYRExyV3pQVHpsQWpjQ2dPalpTZjEtSkhKM0kyd2N3RzcxMGdsejFRZVk3Vnl3R09NQm9maF80YWpHdmpZYkZ6WjRLZkhGTk5uYktNOWlPZUZqTnJtWFUyZWhlOEVvY1dnTFVUZ0JVMjlKc0xlTG9BY1NVOUt4LS1PNkZ3WF9YNEFnRjJaTTFXdkFqSjlNSGt3Wm9pVXdveDQ1cERBQg?oc=5\" target=\"_blank\" rel=\"nofollow noopener\">Tusk ostro po wecie Nawrockiego: To kryptoafera z rosyjskimi s\u0142u\u017cbami w tle<\/a>&nbsp;&nbsp;Money.pl<\/li>\n<li><a href=\"https:\/\/news.google.com\/rss\/articles\/CBMitgFBVV95cUxNSDhCWUVRTkVIY0tSNXZybGszNXVBRkZ2bnZHR2EwVTgzUHZwQzE5cktUTFFzLV9ZSkFLUWFPWE1hOXZIRUotY1N1QURfSUtKeUZINmp0OHdZMGNXRHFsRWdJMHByc3JrU0RpVmNQYzE5Uy1RT3ZCa2tqZnNGOHNKdGhpSHJKUWtuUXRkSnZ0VWtYdWdNbllpbF9JWDBaVDBQNkIwcWlYanF3LXVfUWFmWVV2UkRHdw?oc=5\" target=\"_blank\" rel=\"nofollow noopener\">Premier: Koalicja Obywatelska to co\u015b wi\u0119cej ni\u017c partia polityczna<\/a>&nbsp;&nbsp;wnp.pl<\/li>\n<li><a href=\"https:\/\/news.google.com\/rss\/articles\/CBMinwFBVV95cUxPRDcwNFFBMHh5SHBNYkI2Qk9VMnE0RjB1UXdHbnF6ZnVPSEpPWXZKOGFOOG9USUZnekRTSWRDOHVkZkl0dy1KU3ZQcjZtazYyZEFkeVVjX0dRemljZFEwYWhDN0Z2RVdkMjJ5SjRXcHZQbWlIR3lzZTVsYlZFamEwQncwdWZrYktaNlgyVGRRUU1xZlJkWFkxZS04cV9wc2c?oc=5\" target=\"_blank\" rel=\"nofollow noopener\">Tusk zaskoczy\u0142 \u017cyczeniami dla Kaczy\u0144skiego. Na sali wybuch\u0142 \u015bmiech<\/a>&nbsp;&nbsp;Fakt<\/li>\n<\/ol>\n","protected":false},"excerpt":{"rendered":"Donald Tusk grzmi po decyzji pos\u0142\u00f3w. &#8222;B\u0119d\u0105 bardzo \u017ca\u0142owali&#8221; [ZAPIS RELACJI NA \u017bYWO]&nbsp;&nbsp;Onet Wiadomo\u015bci &#8222;B\u0119d\u0105 bardzo \u017ca\u0142owali tej&hellip;\n","protected":false},"author":2,"featured_media":135000,"comment_status":"","ping_status":"","sticky":false,"template":"","format":"standard","meta":{"footnotes":""},"categories":[5],"tags":[32,33,212,36,37,27,422,43,49,15327,34,35,28,31,48,25,46,42,38,40,39,41,47,5485,29,30,26],"class_list":{"0":"post-134999","1":"post","2":"type-post","3":"status-publish","4":"format-standard","5":"has-post-thumbnail","7":"category-naglowki","8":"tag-breaking-news","9":"tag-breakingnews","10":"tag-donald_tusk","11":"tag-featured-news","12":"tag-featurednews","13":"tag-headlines","14":"tag-jaroslaw_kaczynski","15":"tag-karol_nawrocki","16":"tag-kraj","17":"tag-kryptowaluta","18":"tag-latest-news","19":"tag-latestnews","20":"tag-naglowki","21":"tag-najwazniejsze-artykuly","22":"tag-nat_styl","23":"tag-news","24":"tag-omp","25":"tag-pl","26":"tag-poland","27":"tag-polish","28":"tag-polska","29":"tag-polski","30":"tag-screening_general","31":"tag-sejm_rp","32":"tag-top-stories","33":"tag-topstories","34":"tag-wiadomosci"},"share_on_mastodon":{"url":"https:\/\/pubeurope.com\/@pl\/115668851516240694","error":""},"_links":{"self":[{"href":"https:\/\/www.europesays.com\/pl\/wp-json\/wp\/v2\/posts\/134999","targetHints":{"allow":["GET"]}}],"collection":[{"href":"https:\/\/www.europesays.com\/pl\/wp-json\/wp\/v2\/posts"}],"about":[{"href":"https:\/\/www.europesays.com\/pl\/wp-json\/wp\/v2\/types\/post"}],"author":[{"embeddable":true,"href":"https:\/\/www.europesays.com\/pl\/wp-json\/wp\/v2\/users\/2"}],"replies":[{"embeddable":true,"href":"https:\/\/www.europesays.com\/pl\/wp-json\/wp\/v2\/comments?post=134999"}],"version-history":[{"count":0,"href":"https:\/\/www.europesays.com\/pl\/wp-json\/wp\/v2\/posts\/134999\/revisions"}],"wp:featuredmedia":[{"embeddable":true,"href":"https:\/\/www.europesays.com\/pl\/wp-json\/wp\/v2\/media\/135000"}],"wp:attachment":[{"href":"https:\/\/www.europesays.com\/pl\/wp-json\/wp\/v2\/media?parent=134999"}],"wp:term":[{"taxonomy":"category","embeddable":true,"href":"https:\/\/www.europesays.com\/pl\/wp-json\/wp\/v2\/categories?post=134999"},{"taxonomy":"post_tag","embeddable":true,"href":"https:\/\/www.europesays.com\/pl\/wp-json\/wp\/v2\/tags?post=134999"}],"curies":[{"name":"wp","href":"https:\/\/api.w.org\/{rel}","templated":true}]}}