{"id":135106,"date":"2025-12-05T21:37:12","date_gmt":"2025-12-05T21:37:12","guid":{"rendered":"https:\/\/www.europesays.com\/pl\/135106\/"},"modified":"2025-12-05T21:37:12","modified_gmt":"2025-12-05T21:37:12","slug":"sejm-zdecydowal-w-sprawie-budzetu-na-2026-r-jest-stabilna-koalicja","status":"publish","type":"post","link":"https:\/\/www.europesays.com\/pl\/135106\/","title":{"rendered":"Sejm zdecydowa\u0142 w sprawie bud\u017cetu na 2026 r. &#8222;Jest stabilna koalicja&#8221;"},"content":{"rendered":"<p class=\"ods-c-paragraph \">Za przyj\u0119ciem projektu ustawy bud\u017cetowej na 2026 r. g\u0142osowa\u0142o 233 pos\u0142\u00f3w, przeciw by\u0142o 197, a nie wstrzyma\u0142 si\u0119 \u017caden pose\u0142.<\/p>\n<p>Dalszy ci\u0105g artyku\u0142u pod materia\u0142em wideo<\/p>\n<p> Jaka kwota zosta\u0142a zaplanowana na wydatki pa\u0144stwa w bud\u017cecie na 2026 r.? <\/p>\n<p> Ile os\u00f3b g\u0142osowa\u0142o za przyj\u0119ciem bud\u017cetu? <\/p>\n<p> Kto g\u0142osowa\u0142 przeciw bud\u017cetowi na 2026 r.? <\/p>\n<p> Jakie s\u0105 planowane wydatki na obron\u0119 narodow\u0105 w bud\u017cecie? <\/p>\n<p class=\"ods-c-paragraph \">Za bud\u017cetem g\u0142osowali wszyscy obecni na sali pos\u0142owie KO, PSL i Polski 2050. Za byli te\u017c prawie wszyscy pos\u0142owie Lewicy, opr\u00f3cz \u0141ukasza Litewki, kt\u00f3ry zag\u0142osowa\u0142 przeciw. Przeciw byli r\u00f3wnie\u017c wszyscy obecni na sali pos\u0142owie PiS, Konfederacji, Republikan\u00f3w, Razem i Konfederacji Korony Polskiej.<\/p>\n<p class=\"ods-c-paragraph \">Do przyj\u0119cia bud\u017cetu odni\u00f3s\u0142 si\u0119 premier Donald Tusk w serwisie X. &#8222;Jest dobry bud\u017cet, jest stabilna koalicja, jest bezpiecze\u0144stwo!&#8221;<\/p>\n<p>    Sejm uchwali\u0142 bud\u017cet na 2026 r.<\/p>\n<p class=\"ods-c-paragraph \">Zgodnie z uchwalonym projektem, wydatki pa\u0144stwa wynios\u0105 918,9 mld z\u0142, a deficyt bud\u017cetowy ukszta\u0142tuje si\u0119 na poziomie 271,7 mld z\u0142. Dochody bud\u017cetu pa\u0144stwa zaplanowano na poziomie 647,2 mld z\u0142. Wp\u0142ywy z VAT maj\u0105 wynie\u015b\u0107 341,5 mld z\u0142; 103,3 mld z\u0142 bud\u017cet ma uzyska\u0107 z akcyzy, 80,4 mld z\u0142 z podatku dochodowego od os\u00f3b prawnych (CIT) oraz 32 mld z\u0142 z podatku dochodowego od os\u00f3b fizycznych (PIT). Zgodnie z projektem relacja pa\u0144stwowego d\u0142ugu publicznego do PKB ukszta\u0142tuje si\u0119 na poziomie 53,8 proc., pozostaj\u0105c poni\u017cej progu ostro\u017cno\u015bciowego 55 proc., okre\u015blonego w ustawie o finansach publicznych.<\/p>\n<p class=\"ods-c-paragraph \">W bud\u017cecie zaplanowano rekordowe wydatki na obron\u0119 narodow\u0105, przekraczaj\u0105ce 200 mld z\u0142, co odpowiada 4,81 proc. PKB. \u015arodki te maj\u0105 by\u0107 przeznaczone na modernizacj\u0119 armii i wsparcie systemu bezpiecze\u0144stwa. Na ochron\u0119 zdrowia ma trafi\u0107 247,8 mld z\u0142, co stanowi 6,81 proc. PKB, a priorytetem dla rz\u0105du maj\u0105 by\u0107 inwestycje w infrastruktur\u0119 medyczn\u0105 i kadry. Nak\u0142ady na drogi i kolej wynios\u0105 53,9 mld z\u0142, w tym 20,1 mld z\u0142 z bud\u017cetu pa\u0144stwa.<\/p>\n","protected":false},"excerpt":{"rendered":"Za przyj\u0119ciem projektu ustawy bud\u017cetowej na 2026 r. g\u0142osowa\u0142o 233 pos\u0142\u00f3w, przeciw by\u0142o 197, a nie wstrzyma\u0142 si\u0119&hellip;\n","protected":false},"author":2,"featured_media":135107,"comment_status":"","ping_status":"","sticky":false,"template":"","format":"standard","meta":{"footnotes":""},"categories":[12],"tags":[32,33,21175,212,36,37,27,49,34,35,28,31,48,25,46,42,38,40,6571,39,41,47,5485,29,30,26],"class_list":{"0":"post-135106","1":"post","2":"type-post","3":"status-publish","4":"format-standard","5":"has-post-thumbnail","7":"category-polska","8":"tag-breaking-news","9":"tag-breakingnews","10":"tag-budzet_panstwa","11":"tag-donald_tusk","12":"tag-featured-news","13":"tag-featurednews","14":"tag-headlines","15":"tag-kraj","16":"tag-latest-news","17":"tag-latestnews","18":"tag-naglowki","19":"tag-najwazniejsze-artykuly","20":"tag-nat_styl","21":"tag-news","22":"tag-omp","23":"tag-pl","24":"tag-poland","25":"tag-polish","26":"tag-polityka_politycy","27":"tag-polska","28":"tag-polski","29":"tag-screening_general","30":"tag-sejm_rp","31":"tag-top-stories","32":"tag-topstories","33":"tag-wiadomosci"},"share_on_mastodon":{"url":"https:\/\/pubeurope.com\/@pl\/115669122793363844","error":""},"_links":{"self":[{"href":"https:\/\/www.europesays.com\/pl\/wp-json\/wp\/v2\/posts\/135106","targetHints":{"allow":["GET"]}}],"collection":[{"href":"https:\/\/www.europesays.com\/pl\/wp-json\/wp\/v2\/posts"}],"about":[{"href":"https:\/\/www.europesays.com\/pl\/wp-json\/wp\/v2\/types\/post"}],"author":[{"embeddable":true,"href":"https:\/\/www.europesays.com\/pl\/wp-json\/wp\/v2\/users\/2"}],"replies":[{"embeddable":true,"href":"https:\/\/www.europesays.com\/pl\/wp-json\/wp\/v2\/comments?post=135106"}],"version-history":[{"count":0,"href":"https:\/\/www.europesays.com\/pl\/wp-json\/wp\/v2\/posts\/135106\/revisions"}],"wp:featuredmedia":[{"embeddable":true,"href":"https:\/\/www.europesays.com\/pl\/wp-json\/wp\/v2\/media\/135107"}],"wp:attachment":[{"href":"https:\/\/www.europesays.com\/pl\/wp-json\/wp\/v2\/media?parent=135106"}],"wp:term":[{"taxonomy":"category","embeddable":true,"href":"https:\/\/www.europesays.com\/pl\/wp-json\/wp\/v2\/categories?post=135106"},{"taxonomy":"post_tag","embeddable":true,"href":"https:\/\/www.europesays.com\/pl\/wp-json\/wp\/v2\/tags?post=135106"}],"curies":[{"name":"wp","href":"https:\/\/api.w.org\/{rel}","templated":true}]}}