{"id":135112,"date":"2025-12-05T21:42:11","date_gmt":"2025-12-05T21:42:11","guid":{"rendered":"https:\/\/www.europesays.com\/pl\/135112\/"},"modified":"2025-12-05T21:42:11","modified_gmt":"2025-12-05T21:42:11","slug":"produkcja-w-jelczu-rosnie-kontrakt-dla-grecji-blisko","status":"publish","type":"post","link":"https:\/\/www.europesays.com\/pl\/135112\/","title":{"rendered":"produkcja w Jelczu ro\u015bnie, kontrakt dla Grecji blisko"},"content":{"rendered":"<p>   <a href=\"https:\/\/defence24.pl\/strona-autora\/jakub-borowski\" target=\"_self\" class=\"article-author__wrap\" rel=\"nofollow noopener\"><img loading=\"lazy\" decoding=\"async\" src=\"https:\/\/www.europesays.com\/pl\/wp-content\/uploads\/2025\/09\/gjyhzjvpytrnwl3zjmlkdg7o1lkowrttcuzrywlm.bw9t.png\" alt=\"Jakub Borowski\"  width=\"100\" height=\"100\" author=\"Jakub Borowski\" caption=\"\" class=\"img article-author__avatar img-avatar\"\/><br \/>\n          Jakub Borowski<br \/>\n        <\/a>  <\/p>\n<p>Jelcz co kwarta\u0142 zwi\u0119ksza produkcj\u0119, Grecja jest zainteresowana zakupem tysi\u0105ca samochod\u00f3w w ramach programu SAFE \u2013 zapotrzebowanie na r\u00f3\u017cne pojazdy tej firmy wyniesie w ci\u0105gu kilku lat 10 tys., sp\u00f3\u0142ka b\u0119dzie w stanie sprosta\u0107 zam\u00f3wieniom \u2013 uwa\u017ca PGZ. Wed\u0142ug Grupy dzi\u0119ki umowie z BAE Systems Dezamet b\u0119dzie produkowa\u0107 amunicj\u0119 najwy\u017cszej jako\u015bci.<\/p>\n<p>  <img decoding=\"async\" src=\"https:\/\/www.europesays.com\/pl\/wp-content\/uploads\/2025\/12\/0xGzfjalXOlG4Vw8l9S0hdc7CjxMBcg88xiuzpIG.qf6e.jpg\" alt=\"Zestaw transportowy Jak nale\u017c\u0105cy do 18 \u0141om\u017cy\u0144skiego Pu\u0142ku Logistycznego przewo\u017c\u0105cy w\u00f3z zabezpieczenia technicznego WZT-2.\"  width=\"800\" height=\"450\" author=\"szer. Anna Jankowska \/ 18 \u0141om\u017cy\u0144ski Pu\u0142k Logistyczny\" fetchpriority=\"high\" class=\"img image-with-caption__image\"\/><br \/>\n        Zestaw transportowy Jak nale\u017c\u0105cy do 18 \u0141om\u017cy\u0144skiego Pu\u0142ku Logistycznego przewo\u017c\u0105cy w\u00f3z zabezpieczenia technicznego WZT-2.<br \/>\n       <br \/>Autor. szer. Anna Jankowska \/ 18 \u0141om\u017cy\u0144ski Pu\u0142k Logistyczny<\/p>\n<p class=\"paragraph-module\">Informacj\u0119 na temat obecnych i planowanych zdolno\u015bci sp\u00f3\u0142ek przedstawiciele Ministerstwa Aktyw\u00f3w Pa\u0144stwowych i PGZ przedstawili Parlamentarnemu Zespo\u0142owi ds. rozwoju Huty Stalowa Wola i Dezamet Nowa D\u0119ba. Cz\u0119\u015b\u0107 produkcji Jelcza odbywa si\u0119 w nale\u017c\u0105cych do HSW zak\u0142adach Autosan.<\/p>\n<p class=\"paragraph-module\">Jak m\u00f3wi\u0142 Miros\u0142aw Michalski z PGZ, przewodnicz\u0105cy rady nadzorczej sp\u00f3\u0142ki Jelcz, z planowanych blisko <a href=\"https:\/\/defence24.pl\/przemysl\/pierwsze-jelcze-z-autosanu-gotowe\" rel=\"nofollow noopener\" target=\"_blank\">300 pojazd\u00f3w w Autosanie<\/a> uda\u0142o si\u0119 wyprodukowa\u0107 ponad 200 \u201emimo trudnego rozbiegu\u201d i jest to znacz\u0105ce zasilenie dla Jelcza. \u201eNa przysz\u0142y rok te oczekiwania s\u0105 zdecydowanie wi\u0119ksze \u2013 m\u00f3wimy o setkach samochod\u00f3w, nie o 200 na p\u00f3\u0142 roku\u201d \u2013 doda\u0142. Za realne uzna\u0142 osi\u0105gni\u0119cie poziomu 500-1000 samochod\u00f3w produkowanych rocznie w Sanoku. W sp\u00f3\u0142ce Autosan maj\u0105 powstawa\u0107 g\u0142\u00f3wnie pojazdy dwuosiowe. Zapotrzebowanie na r\u00f3\u017cne modele i warianty z Jelcza oceni\u0142 og\u00f3lnie na 10 tysi\u0119cy pojazd\u00f3w. Dolno\u015bl\u0105sk\u0105 firm\u0119, opr\u00f3cz Autosanu, maj\u0105 wspiera\u0107 Rafako i <a href=\"https:\/\/defence24.pl\/przemysl\/prezes-wielton-defence-umowa-z-jelczem-ma-charakter-strategiczny-wywiad\" rel=\"nofollow noopener\" target=\"_blank\">Wielton, gdzie powsta\u0142y pierwsze pojazdy<\/a>.<\/p>\n<p>    Unijna po\u017cyczka i zagraniczny kontrakt  <\/p>\n<p class=\"paragraph-module\">Poinformowa\u0142, \u017ce \u201eJelcze s\u0105 przedmiotem rozwa\u017canego, ale ju\u017c zaawansowanego zam\u00f3wienia zagranicznego\u201d \u2013 1000 samochod\u00f3w chce kupi\u0107 Grecja. Potencjalny kontrakt ma by\u0107 dofinansowany z <a href=\"https:\/\/defence24.pl\/polityka-obronna\/na-co-pojda-pieniadze-z-safe-rzad-ma-pomysl\" rel=\"nofollow noopener\" target=\"_blank\">programu SAFE<\/a>. Wed\u0142ug Michalskiego Jelcz odbudowuje i zwi\u0119ksza potencja\u0142 produkcyjny, a zdolno\u015bci rosn\u0105 o kilkadziesi\u0105t procent co kwarta\u0142. Michalski zwr\u00f3ci\u0142 uwag\u0119, \u017ce firma przygotowuje si\u0119 do uruchomienia trzeciej zmiany. \u201eMaj\u0105 na to finansowanie, to nie jest kwestia palcem na wodzie pisana, tylko bardzo konkretne zam\u00f3wienie. Je\u015bli uda si\u0119 je dopi\u0105\u0107 i zrealizowa\u0107 od strony produkcyjnej, to by\u0142by du\u017cy sukces\u201d \u2013 powiedzia\u0142.<\/p>\n<p>    Dezamet. Dofinansowanie, op\u00f3\u017anienie, korzy\u015bci  <\/p>\n<p class=\"paragraph-module\">O realizacji umowy z BAE Systems na przekazanie technologii produkcji przez Dezamet amunicji 155 mm m\u00f3wi\u0142 Przemys\u0142aw Olton z PGZ. Przyzna\u0142, \u017ce za\u0142o\u017cenia nieco si\u0119 zmieni\u0142y w por\u00f3wnaniu z pierwotnymi planami, a ca\u0142e konsorcjum zaanga\u017cowane w produkcj\u0119 amunicji wielkokalibrowej podj\u0119\u0142o decyzj\u0119 o wsp\u00f3\u0142pracy z BAE Systems. Zapewni\u0142, \u017ce \u201ewsp\u00f3\u0142praca z t\u0105 firm\u0105 daje jedn\u0105 z najnowszych technologii na \u015bwiecie\u201d, a zarazem suwerenno\u015b\u0107 produkcji. \u201eM\u00f3wimy o d\u0142ugoterminowej wsp\u00f3\u0142pracy. Wi\u0105\u017cemy si\u0119 na 40 lat\u201d \u2013 zaznaczy\u0142. Wed\u0142ug Oltona rozmowy s\u0105 na finiszu, a umowa ma zosta\u0107 podpisana na dniach.<\/p>\n<p class=\"paragraph-module\">Jeden z projekt\u00f3w Dezametu \u2013 rozbudowa zdolno\u015bci produkcyjnych amunicji 155 mm \u2013 to nast\u0119pstwo ustawy z listopada \u201924 o finansowaniu dzia\u0142a\u0144 zmierzaj\u0105cych do zwi\u0119kszenia zdolno\u015bci do produkcji amunicji zawartej mi\u0119dzy MAP i PGZ. Z ponad 1,3 mld z\u0142 przewidzianych z Funduszu Inwestycji Kapita\u0142owych wyp\u0142acono dotychczas 737 mln z\u0142.<\/p>\n<p class=\"paragraph-module\">\u201eW zwi\u0105zku z rozpocz\u0119ciem wsp\u00f3\u0142pracy z BAE Systems pojawiaj\u0105 si\u0119 op\u00f3\u017anienia, ale wierzymy, \u017ce taki partner zapewni nam przyspieszenie ju\u017c w trakcie realizacji inwestycji, a przede wszystkim zapewni najwy\u017cszej jako\u015bci produkt. Wierzymy, \u017ce benefity b\u0119d\u0105 wi\u0119ksze ni\u017c przesuni\u0119cia pierwszej fazy. Nie mam w\u0105tpliwo\u015bci, \u017ce Dezamet po tym projekcie b\u0119dzie inn\u0105 firm\u0105 ni\u017c dot\u0105d\u201d \u2013 m\u00f3wi\u0142 Olton, nawi\u0105zuj\u0105c do op\u00f3\u017anienia spowodowanego konieczno\u015bci\u0105 uzyskania akceptacji MAP dla wyboru BAE Systems jako partnera.<\/p>\n<p class=\"paragraph-module\">Z now\u0105 inwestycj\u0105 wi\u0105\u017ce si\u0119 plan zatrudnienia 100 nowych pracownik\u00f3w \u2013 w przysz\u0142ym roku ma zosta\u0107 przyj\u0119tych 30 os\u00f3b, w 2027 r. kolejnych 50, w 2028 ma by\u0107 20 nowych stanowisk.<\/p>\n<p class=\"paragraph-module\">Zatrudnienie ro\u015bnie tak\u017ce w HSW: w po\u0142owie 2023 r. sp\u00f3\u0142ka zatrudnia\u0142a ok. 1000 os\u00f3b, 1 grudnia br. by\u0142o o blisko 300 pracownik\u00f3w wi\u0119cej. W Stalowej Woli z 550 os\u00f3b z 2023 r. zatrudnienie wzros\u0142o do 620 os\u00f3b. Oddzia\u0142 HSW Autosan od grudnia 2022 r. zwi\u0119kszy\u0142 zatrudnienie z niespe\u0142na 400 do 562 os\u00f3b obecnie.<\/p>\n","protected":false},"excerpt":{"rendered":"Jakub Borowski Jelcz co kwarta\u0142 zwi\u0119ksza produkcj\u0119, Grecja jest zainteresowana zakupem tysi\u0105ca samochod\u00f3w w ramach programu SAFE \u2013&hellip;\n","protected":false},"author":2,"featured_media":135113,"comment_status":"","ping_status":"","sticky":false,"template":"","format":"standard","meta":{"footnotes":""},"categories":[16],"tags":[28013,15128,113,112,28014,15604,27973,5521,42,38,40,39,41,13353,380,423,28015],"class_list":{"0":"post-135112","1":"post","2":"type-post","3":"status-publish","4":"format-standard","5":"has-post-thumbnail","7":"category-biznes","8":"tag-autosan","9":"tag-bae-systems","10":"tag-biznes","11":"tag-business","12":"tag-hsw","13":"tag-jelcz","14":"tag-map","15":"tag-pgz","16":"tag-pl","17":"tag-poland","18":"tag-polish","19":"tag-polska","20":"tag-polski","21":"tag-przemysl-zbrojeniowy","22":"tag-rzad","23":"tag-sejm","24":"tag-zm-dezamet"},"share_on_mastodon":{"url":"https:\/\/pubeurope.com\/@pl\/115669142659928953","error":""},"_links":{"self":[{"href":"https:\/\/www.europesays.com\/pl\/wp-json\/wp\/v2\/posts\/135112","targetHints":{"allow":["GET"]}}],"collection":[{"href":"https:\/\/www.europesays.com\/pl\/wp-json\/wp\/v2\/posts"}],"about":[{"href":"https:\/\/www.europesays.com\/pl\/wp-json\/wp\/v2\/types\/post"}],"author":[{"embeddable":true,"href":"https:\/\/www.europesays.com\/pl\/wp-json\/wp\/v2\/users\/2"}],"replies":[{"embeddable":true,"href":"https:\/\/www.europesays.com\/pl\/wp-json\/wp\/v2\/comments?post=135112"}],"version-history":[{"count":0,"href":"https:\/\/www.europesays.com\/pl\/wp-json\/wp\/v2\/posts\/135112\/revisions"}],"wp:featuredmedia":[{"embeddable":true,"href":"https:\/\/www.europesays.com\/pl\/wp-json\/wp\/v2\/media\/135113"}],"wp:attachment":[{"href":"https:\/\/www.europesays.com\/pl\/wp-json\/wp\/v2\/media?parent=135112"}],"wp:term":[{"taxonomy":"category","embeddable":true,"href":"https:\/\/www.europesays.com\/pl\/wp-json\/wp\/v2\/categories?post=135112"},{"taxonomy":"post_tag","embeddable":true,"href":"https:\/\/www.europesays.com\/pl\/wp-json\/wp\/v2\/tags?post=135112"}],"curies":[{"name":"wp","href":"https:\/\/api.w.org\/{rel}","templated":true}]}}