{"id":135195,"date":"2025-12-05T22:53:14","date_gmt":"2025-12-05T22:53:14","guid":{"rendered":"https:\/\/www.europesays.com\/pl\/135195\/"},"modified":"2025-12-05T22:53:14","modified_gmt":"2025-12-05T22:53:14","slug":"netflix-przejmuje-warner-bros-pracownicy-tvn-dostali-list-2","status":"publish","type":"post","link":"https:\/\/www.europesays.com\/pl\/135195\/","title":{"rendered":"Netflix przejmuje Warner Bros. Pracownicy TVN dostali list"},"content":{"rendered":"<ul class=\"UnorderedList_container__nmfSl\">\n<li class=\"UnorderedList_listElement__Py7xi\" data-id=\"ai-summary-link\">Du\u017co czytania, a ma\u0142o czasu? Sprawd\u017a\u00a0skr\u00f3t\u00a0artyku\u0142u<\/li>\n<\/ul>\n<p class=\"Paragraph_desktopParagraph__U31Gm\">W ramach transakcji <a href=\"https:\/\/wiadomosci.onet.pl\/swiat\/netflix-kupi-warner-bros-w-tle-gigantyczne-pieniadze\/23jbcf6\" id=\"af295319-86be-4ab2-98cd-ef6e9bfbd983\" rel=\"nofollow noopener\" target=\"_blank\">Netflix przejmie m.in. HBO i HBO Max, a tak\u017ce studia filmowe i telewizyjne.<\/a> Nie obejmie ona sektora telewizyjnego grupy, czyli m.in. TVN i TVN24.<\/p>\n<p class=\"Paragraph_desktopParagraph__U31Gm\">Sprzeda\u017c ma zosta\u0107 sfinalizowana w ci\u0105gu 12-18 miesi\u0119cy. Wcze\u015bniej Warner Bros. Discovery wydzieli sw\u00f3j globalny dzia\u0142 sieci telewizji, Discovery Global, do osobnej sp\u00f3\u0142ki notowanej na gie\u0142dzie, co ma si\u0119 zako\u0144czy\u0107 w trzecim kwartale 2026 r. W tej sp\u00f3\u0142ce znajd\u0105 si\u0119 m.in. takie stacje jak CNN, TBS, TNT oraz polski TVN.<\/p>\n<p class=\"VideoPlayerText_videoPlayerText__iDwyz\">Dalszy ci\u0105g materia\u0142u pod wideo<\/p>\n<ul class=\"OchatFollowUps_wrapper__1ry7X\">\n<li class=\"OchatFollowUps_item__Dhyly OchatFollowUps_itemDesktop__R6aBv\">Jakie cz\u0119\u015bci Warner Bros. przejmuje Netflix?<\/li>\n<li class=\"OchatFollowUps_item__Dhyly OchatFollowUps_itemDesktop__R6aBv\">Co stanie si\u0119 z TVN po przej\u0119ciu?<\/li>\n<li class=\"OchatFollowUps_item__Dhyly OchatFollowUps_itemDesktop__R6aBv\">Jak d\u0142ugo potrwa finalizacja transakcji?<\/li>\n<li class=\"OchatFollowUps_item__Dhyly OchatFollowUps_itemDesktop__R6aBv\">Co to jest Biuro Integracji?<\/li>\n<\/ul>\n<p>List do pracownik\u00f3w TVN. Opowiada o zmianach <\/p>\n<p class=\"Paragraph_desktopParagraph__U31Gm\">Portal Wirtualne Media opublikowa\u0142 tre\u015b\u0107 listu, jaki pracownicy TVN otrzymali od dyrektora generalnego i prezesa Warner Bros. Discovery.<\/p>\n<p class=\"Paragraph_desktopParagraph__U31Gm\">&#8222;Do\u0142\u0105czenie Warner Bros do Netfliksa oraz Discovery Global jako samodzielna firma stanowi najsilniejsz\u0105 d\u0142ugoterminow\u0105 perspektyw\u0119 dla obu grup biznes\u00f3w. Proponowane po\u0142\u0105czenie Warner Bros i Netfliksa ma wiele zalet: wi\u0119kszy wyb\u00f3r i warto\u015b\u0107 dla konsument\u00f3w, silniejszy przemys\u0142 rozrywkowy, wi\u0119ksze mo\u017cliwo\u015bci dla kreatywnych tw\u00f3rc\u00f3w oraz d\u0142ugoterminowe tworzenie warto\u015bci dla akcjonariuszy&#8221; \u2014 napisa\u0142 David Zaslav.<\/p>\n<p class=\"Paragraph_desktopParagraph__U31Gm\">Prezes firmy przekaza\u0142, \u017ce rozumie niepokoje wynikaj\u0105ce ze zmian.<\/p>\n<p class=\"Paragraph_desktopParagraph__U31Gm\">&#8222;Wiem, \u017ce to og\u0142oszenie rodzi wiele pyta\u0144 o to, co dalej. Dla niekt\u00f3rych przynosi jasno\u015b\u0107 co do kierunku. Dla innych rodzi to pytania, co to oznacza dla ich zespo\u0142\u00f3w i pracy. Wszystkie te reakcje s\u0105 zrozumia\u0142e. Transakcja tego typu naturalnie rodzi niepewno\u015b\u0107 i nie wszystkie odpowiedzi b\u0119d\u0105 dost\u0119pne od razu. Niekt\u00f3re z nich zostan\u0105 wyja\u015bnione w najbli\u017cszych dniach i tygodniach. Inne zale\u017c\u0105 od proces\u00f3w regulacyjnych i prac, kt\u00f3re nie mog\u0105 rozpocz\u0105\u0107 si\u0119 przed separacj\u0105 lub zamkni\u0119ciem transakcji&#8221; \u2014 doda\u0142.<\/p>\n<p class=\"Paragraph_desktopParagraph__U31Gm\">Zaslav podkre\u015bli\u0142, \u017ce pracownicy poznaj\u0105 szczeg\u00f3\u0142y w trakcie rozm\u00f3w ze swoimi szefami.<\/p>\n<p class=\"Paragraph_desktopParagraph__U31Gm\">&#8222;Liderzy jednostek biznesowych przeprowadz\u0105 w najbli\u017cszych dniach dyskusje specyficzne dla swoich obszar\u00f3w, aby\u015b m\u00f3g\u0142 us\u0142ysze\u0107 bezpo\u015brednio swojego lidera. Mened\u017cerowie spotkaj\u0105 si\u0119 r\u00f3wnie\u017c na pocz\u0105tku przysz\u0142ego tygodnia, aby mie\u0107 kontekst i wsparcie potrzebne do prowadzenia zespo\u0142\u00f3w na wczesnych etapach tej transformacji&#8221; \u2014 wyja\u015bni\u0142.<\/p>\n<p>Powstanie specjalne Biuro Integracji <\/p>\n<p class=\"Paragraph_desktopParagraph__U31Gm\">Prezes WBD wskaza\u0142 tak\u017ce na powstanie nowej jednostki w firmie, kt\u00f3ra ma u\u0142atwi\u0107 integracj\u0119 sp\u00f3\u0142ek.<\/p>\n<p class=\"Paragraph_desktopParagraph__U31Gm\">&#8222;Droga do rozdzielenia WBD na Warner Bros i Discovery Global ulegnie zmianie. Przekierujemy prace zwi\u0105zane z wcze\u015bniejszym modelem operacyjnym dw\u00f3ch sp\u00f3\u0142ek i skupimy si\u0119 zamiast tego na krokach niezb\u0119dnych do realizacji tej transakcji. W najbli\u017cszych dniach utworzymy Biuro Integracji, kt\u00f3re b\u0119dzie koordynowa\u0107 ca\u0142e planowanie z Netfliksem, zgodnie z wymogami regulacyjnymi. Do czasu zamkni\u0119cia transakcji WBD i Netflix pozostaj\u0105 odr\u0119bnymi firmami&#8221; \u2014 czytamy w li\u015bcie zamieszczonym na Wirtualnych Mediach.<\/p>\n<p class=\"Paragraph_desktopParagraph__U31Gm\">David Zaslav podkre\u015bli\u0142, \u017ce z biegiem czasu pojawi si\u0119 wi\u0119cej informacji, kt\u00f3re b\u0119d\u0105 przekazywane na odpowiednich platformach. Do tego czasu &#8222;prosi o dalsze skupianie si\u0119 na pracy potrzebnej do zako\u0144czenia 2025 r., wspierania rocznych zada\u0144 oraz korzystania z okazji do odpoczynku i regeneracji podczas \u015bwi\u0105t&#8221;.<\/p>\n<p class=\"Paragraph_desktopParagraph__U31Gm\">&#8222;I cho\u0107 nie potrafi\u0119 przewidzie\u0107 ka\u017cdego kroku do przodu, jestem pewna si\u0142y naszych marek, talentu naszych zespo\u0142\u00f3w oraz historii, dziennikarstwa i do\u015bwiadcze\u0144, kt\u00f3re b\u0119dziemy nadal dostarcza\u0107 odbiorcom na ca\u0142ym \u015bwiecie&#8221; \u2014 podsumowa\u0142 Zaslav.<\/p>\n","protected":false},"excerpt":{"rendered":"Du\u017co czytania, a ma\u0142o czasu? Sprawd\u017a\u00a0skr\u00f3t\u00a0artyku\u0142u W ramach transakcji Netflix przejmie m.in. HBO i HBO Max, a tak\u017ce&hellip;\n","protected":false},"author":2,"featured_media":135196,"comment_status":"","ping_status":"","sticky":false,"template":"","format":"standard","meta":{"footnotes":""},"categories":[16],"tags":[113,112,67,216,53,52,68,51,55,42,38,40,39,41,47,1113,65,50,15830,26],"class_list":{"0":"post-135195","1":"post","2":"type-post","3":"status-publish","4":"format-standard","5":"has-post-thumbnail","7":"category-biznes","8":"tag-biznes","9":"tag-business","10":"tag-intextvideo_splayer","11":"tag-netflix","12":"tag-new_header","13":"tag-onet3","14":"tag-onet3d","15":"tag-onet3d_2i","16":"tag-phx","17":"tag-pl","18":"tag-poland","19":"tag-polish","20":"tag-polska","21":"tag-polski","22":"tag-screening_general","23":"tag-tvn_tvn24_tvn7_telewizja","24":"tag-update_me","25":"tag-v2021","26":"tag-warner_bros_discovery_firma","27":"tag-wiadomosci"},"share_on_mastodon":{"url":"https:\/\/pubeurope.com\/@pl\/115669421489465915","error":""},"_links":{"self":[{"href":"https:\/\/www.europesays.com\/pl\/wp-json\/wp\/v2\/posts\/135195","targetHints":{"allow":["GET"]}}],"collection":[{"href":"https:\/\/www.europesays.com\/pl\/wp-json\/wp\/v2\/posts"}],"about":[{"href":"https:\/\/www.europesays.com\/pl\/wp-json\/wp\/v2\/types\/post"}],"author":[{"embeddable":true,"href":"https:\/\/www.europesays.com\/pl\/wp-json\/wp\/v2\/users\/2"}],"replies":[{"embeddable":true,"href":"https:\/\/www.europesays.com\/pl\/wp-json\/wp\/v2\/comments?post=135195"}],"version-history":[{"count":0,"href":"https:\/\/www.europesays.com\/pl\/wp-json\/wp\/v2\/posts\/135195\/revisions"}],"wp:featuredmedia":[{"embeddable":true,"href":"https:\/\/www.europesays.com\/pl\/wp-json\/wp\/v2\/media\/135196"}],"wp:attachment":[{"href":"https:\/\/www.europesays.com\/pl\/wp-json\/wp\/v2\/media?parent=135195"}],"wp:term":[{"taxonomy":"category","embeddable":true,"href":"https:\/\/www.europesays.com\/pl\/wp-json\/wp\/v2\/categories?post=135195"},{"taxonomy":"post_tag","embeddable":true,"href":"https:\/\/www.europesays.com\/pl\/wp-json\/wp\/v2\/tags?post=135195"}],"curies":[{"name":"wp","href":"https:\/\/api.w.org\/{rel}","templated":true}]}}