{"id":135423,"date":"2025-12-06T05:19:19","date_gmt":"2025-12-06T05:19:19","guid":{"rendered":"https:\/\/www.europesays.com\/pl\/135423\/"},"modified":"2025-12-06T05:19:19","modified_gmt":"2025-12-06T05:19:19","slug":"tajne-rozmowy-niemcy-rosja-w-abu-zabi-tryumf-kremla","status":"publish","type":"post","link":"https:\/\/www.europesays.com\/pl\/135423\/","title":{"rendered":"Tajne rozmowy Niemcy\u2013Rosja w Abu Zabi. &#8222;Tryumf Kremla&#8221;"},"content":{"rendered":"\n<p>&#13;<br \/>\n&#8222;Emirat Abu Zabi jest idealnym miejscem do\u00a0poufnych kontakt\u00f3w. Obywatele obu pa\u0144stw mog\u0105 tam bez przeszk\u00f3d dotrze\u0107. W\u00a0pustynnym pa\u0144stwie maj\u0105 zapewnion\u0105 dyskrecj\u0119&#8221; \u2013\u00a0pisze niemiecki tygodnik. Jak ustalili dziennikarze, w\u00a0pierwszy weekend listopada delegacja zaufanych ludzi Putina wynaj\u0119\u0142a pokoje w\u00a0luksusowym hotelu Bab al-Qasr nad Zatok\u0105 Persk\u0105, gdzie odby\u0142o si\u0119 kolejne ju\u017c tajne spotkanie z\u00a0by\u0142ymi niemieckimi politykami i\u00a0lobbystami. &#13;\n<\/p>\n<p>Poufne kontakty mi\u0119dzy Rosj\u0105 a\u00a0Niemcami<\/p>\n<p>&#13;<br \/>\nWed\u0142ug &#8222;Die Zeit&#8221; by\u0142o to\u00a0co najmniej czwarte tego typu spotkanie. Wcze\u015bniej rozmowy prowadzono w\u00a0Baku, stolicy Azerbejd\u017canu. W\u00a0Abu Zabi ze\u00a0strony niemieckiej obecni mieli by\u0107 by\u0142y szef urz\u0119du kanclerskiego z\u00a0czas\u00f3w Angeli Merkel Ronald Pofalla (CDU), prezes Forum Niemiecko-Rosyjskiego Martin Hoffmann, a\u00a0tak\u017ce \u2013\u00a0jak sugeruje tygodnik \u2013\u00a0prawdopodobnie by\u0142y przewodnicz\u0105cy SPD Matthias Platzeck. Rosj\u0119 reprezentowali m.in. przewodnicz\u0105cy rady nadzorczej Gazpromu Wiktor Zubkow oraz\u00a0pe\u0142nomocnik Putina ds. praw cz\u0142owieka Walery Fadiejew, kt\u00f3ry jak podkre\u015bla redakcja, ma\u00a0zakaz wjazdu do\u00a0UE ze\u00a0wzgl\u0119du na\u00a0szerzenie propagandy wojennej. W\u00a0ostatniej chwili sw\u00f3j udzia\u0142 odwo\u0142a\u0142 natomiast pe\u0142nomocnik Putina ds. kultury Michai\u0142 Szwydkoj. &#13;\n<\/p>\n<p>&#13;<br \/>\nZdaniem &#8222;Die Zeit&#8221; <a href=\"https:\/\/dorzeczy.pl\/swiat\/724485\/wplywowi-politycy-z-niemiec-i-rosji-potajemnie-spotkali-sie-w-baku.html\" rel=\"nofollow noopener\" target=\"_blank\">rozmowy dotycz\u0105<\/a> przede wszystkim o\u017cywienia &#8222;Dialogu Petersburskiego&#8221; \u2013\u00a0formatu niemiecko-rosyjskich kontakt\u00f3w politycznych i\u00a0spo\u0142ecznych zainicjowanego w\u00a02001 roku przez kanclerza Gerharda Schr\u00f6dera i\u00a0W\u0142adimira Putina. Angela Merkel zawiesi\u0142a go\u00a0w\u00a02021 roku, w\u00a0obliczu narastaj\u0105cych napi\u0119\u0107 mi\u0119dzy Berlinem a\u00a0Moskw\u0105. &#13;\n<\/p>\n<p>Michai\u0142 Szwydkoj w\u00a0Niemczech?<\/p>\n<p>&#13;<br \/>\nTygodnik ujawnia tak\u017ce, \u017ce\u00a0podczas spotkania w\u00a0Abu Zabi strona niemiecka mia\u0142a poinformowa\u0107 o\u00a0planowanej podr\u00f3\u017cy Pofalli i\u00a0Hoffmanna do\u00a0Moskwy na\u00a0pocz\u0105tku grudnia. Co\u00a0wi\u0119cej, mo\u017cliwa ma\u00a0by\u0107 r\u00f3wnie\u017c wizyta Michai\u0142a Szwydkoja w\u00a0Niemczech. Zgod\u0119 na\u00a0jego przyjazd mia\u0142 wyrazi\u0107 minister spraw zagranicznych Johann Wadephul. &#13;\n<\/p>\n<p>&#13;<br \/>\n&#8222;By\u0142aby to\u00a0pierwsza od\u00a0wybuchu wojny przeciwko Ukrainie cztery lata temu wizyta przedstawiciela rosyjskiego rz\u0105du i\u00a0polityczny tryumf Kremla&#8221; \u2013\u00a0ocenia &#8222;Die Zeit&#8221;. &#13;\n<\/p>\n<p>&#13;<br \/>\nCzytaj te\u017c:<br \/><a href=\"https:\/\/dorzeczy.pl\/opinie\/815195\/rosja-oburzona-wystapieniem-sikorskiego-na-obwe.html\" rel=\"follow nofollow noopener\" data-schema=\"DORZECZY\" data-image=\"https:\/\/img.dorzeczy.pl\/_thumb\/fb\/76\/5a2d2eee797296f8d83f73da3d4d.jpeg\" target=\"_blank\">Rosja oburzona wyst\u0105pieniem Sikorskiego na\u00a0OBWE. &#8222;To\u00a0przygotowanie do\u00a0wojny&#8221;<\/a>Czytaj te\u017c:<br \/><a href=\"https:\/\/dorzeczy.pl\/opinie\/815150\/magierowski-ostro-o-delegacji-usa-wyslanej-do-putina.html\" rel=\"follow nofollow noopener\" data-schema=\"DORZECZY\" data-image=\"https:\/\/img.dorzeczy.pl\/_thumb\/75\/c7\/0217fafc8xx9297b74bf6e0fb84a.jpeg\" target=\"_blank\">&#8222;Kuriozalny sk\u0142ad&#8221;. Magierowski ostro o\u00a0delegacji USA wys\u0142anej do\u00a0Putina<\/a>&#13;<\/p>\n","protected":false},"excerpt":{"rendered":"&#13; &#8222;Emirat Abu Zabi jest idealnym miejscem do\u00a0poufnych kontakt\u00f3w. Obywatele obu pa\u0144stw mog\u0105 tam bez przeszk\u00f3d dotrze\u0107. W\u00a0pustynnym&hellip;\n","protected":false},"author":2,"featured_media":135424,"comment_status":"","ping_status":"","sticky":false,"template":"","format":"standard","meta":{"footnotes":""},"categories":[14],"tags":[17228,28071,2762,32,33,98,27,1709,34,35,28,31,25,295,103,40,41,600,87,28070,80,29,30,26,892,82,83,84,13647],"class_list":{"0":"post-135423","1":"post","2":"type-post","3":"status-publish","4":"format-standard","5":"has-post-thumbnail","7":"category-swiat","8":"tag-abu-zabi","9":"tag-angela-merkel","10":"tag-berlin","11":"tag-breaking-news","12":"tag-breakingnews","13":"tag-dorzeczy","14":"tag-headlines","15":"tag-kreml","16":"tag-latest-news","17":"tag-latestnews","18":"tag-naglowki","19":"tag-najwazniejsze-artykuly","20":"tag-news","21":"tag-niemcy","22":"tag-obserwator-mediow","23":"tag-polish","24":"tag-polski","25":"tag-putin","26":"tag-rosja","27":"tag-spd","28":"tag-swiat","29":"tag-top-stories","30":"tag-topstories","31":"tag-wiadomosci","32":"tag-wojna","33":"tag-world","34":"tag-world-news","35":"tag-worldnews","36":"tag-zjednoczone-emiraty-arabskie"},"share_on_mastodon":{"url":"https:\/\/pubeurope.com\/@pl\/115670939670557083","error":""},"_links":{"self":[{"href":"https:\/\/www.europesays.com\/pl\/wp-json\/wp\/v2\/posts\/135423","targetHints":{"allow":["GET"]}}],"collection":[{"href":"https:\/\/www.europesays.com\/pl\/wp-json\/wp\/v2\/posts"}],"about":[{"href":"https:\/\/www.europesays.com\/pl\/wp-json\/wp\/v2\/types\/post"}],"author":[{"embeddable":true,"href":"https:\/\/www.europesays.com\/pl\/wp-json\/wp\/v2\/users\/2"}],"replies":[{"embeddable":true,"href":"https:\/\/www.europesays.com\/pl\/wp-json\/wp\/v2\/comments?post=135423"}],"version-history":[{"count":0,"href":"https:\/\/www.europesays.com\/pl\/wp-json\/wp\/v2\/posts\/135423\/revisions"}],"wp:featuredmedia":[{"embeddable":true,"href":"https:\/\/www.europesays.com\/pl\/wp-json\/wp\/v2\/media\/135424"}],"wp:attachment":[{"href":"https:\/\/www.europesays.com\/pl\/wp-json\/wp\/v2\/media?parent=135423"}],"wp:term":[{"taxonomy":"category","embeddable":true,"href":"https:\/\/www.europesays.com\/pl\/wp-json\/wp\/v2\/categories?post=135423"},{"taxonomy":"post_tag","embeddable":true,"href":"https:\/\/www.europesays.com\/pl\/wp-json\/wp\/v2\/tags?post=135423"}],"curies":[{"name":"wp","href":"https:\/\/api.w.org\/{rel}","templated":true}]}}