{"id":135716,"date":"2025-12-06T10:02:09","date_gmt":"2025-12-06T10:02:09","guid":{"rendered":"https:\/\/www.europesays.com\/pl\/135716\/"},"modified":"2025-12-06T10:02:09","modified_gmt":"2025-12-06T10:02:09","slug":"bartosz-nowak-klasa-dla-siebie-w-gks-ie-katowice-olbrzymi-wplyw-na-zespol","status":"publish","type":"post","link":"https:\/\/www.europesays.com\/pl\/135716\/","title":{"rendered":"Bartosz Nowak klas\u0105 dla siebie w GKS-ie Katowice. Olbrzymi wp\u0142yw na zesp\u00f3\u0142"},"content":{"rendered":"<p>Bartosz Nowak pi\u0119knym pi\u0142karzem jest. By\u0107 mo\u017ce tylko\u00a0w\u00a0skali Ekstraklasy, ale\u00a0wci\u0105\u017c. Nie\u00a0ma\u00a0dzi\u015b w\u00a0tej\u00a0lidze drugiego zawodnika, kt\u00f3ry\u00a0tak\u00a0bardzo wyrasta\u0142by ponad reszt\u0119 zespo\u0142u.\u00a0<\/p>\n<p>Naprawd\u0119, a\u017c\u00a0strach pomy\u015ble\u0107, gdzie teraz znajdowa\u0142by si\u0119 GKS Katowice, gdyby\u00a0nie\u00a032-letni pomocnik. Najpewniej by\u0142aby to\u00a0strefa spadkowa.<\/p>\n<p>Bartosz Nowak klas\u0105 dla siebie w\u00a0GKS-ie Katowice. Olbrzymi wp\u0142yw na\u00a0zesp\u00f3\u0142<\/p>\n<p>Wystarczy spojrze\u0107 na\u00a0t\u0119\u00a0najprostsz\u0105 i\u00a0jednocze\u015bnie najwa\u017cniejsz\u0105 statystyk\u0119. GieKSa w\u00a0obecnym sezonie na\u00a0wszystkich frontach zdoby\u0142a \u0142\u0105cznie 32 bramki (23 w\u00a0lidze i\u00a09 w\u00a0Pucharze Polski). Nowak ma\u00a0na\u00a0koncie 10 goli i\u00a07 asyst, co\u00a0oznacza, \u017ce\u00a0wymiernie macza\u0142 palce przy ponad po\u0142owie z\u00a0nich.<\/p>\n<p>Nikt inny w\u00a0Ekstraklasie nie\u00a0ma\u00a0tak\u00a0du\u017cego wp\u0142ywu na\u00a0ofensywn\u0105 postaw\u0119 swojego zespo\u0142u. No, ewentualnie Kamil Grosicki w\u00a0Pogoni Szczecin. Nawet Tomas Bobcek w\u00a0Lechii Gda\u0144sk, kt\u00f3ra\u00a0strzela najwi\u0119cej w\u00a0lidze, jest solidniej obudowany kolegami z\u00a0dru\u017cyny. S\u0142owak ma\u00a0tam przecie\u017c Camilo Men\u0119 czy\u00a0Rifeta Kapicia, r\u00f3wnie\u017c zdecydowanie wybijaj\u0105cych si\u0119 ponad ekstraklasow\u0105 szarzyzn\u0119.<\/p>\n<p>Klas\u0119 Nowaka wida\u0107 tak\u017ce po\u00a0innych statystykach, kt\u00f3re mo\u017cna wyszpera\u0107 na\u00a0Superscore.pl.<\/p>\n<ul>\n<li>jako jedyny strzeli\u0142 wi\u0119cej ni\u017c jednego gola bezpo\u015brednio z\u00a0rzutu wolnego (2);<\/li>\n<li>jest drugi w\u00a0lidze pod\u00a0wzgl\u0119dem kluczowych poda\u0144 (39), wi\u0119cej ma\u00a0tylko\u00a0Grosicki (49);<\/li>\n<li>wykreowa\u0142 kolegom 8 sytuacji bramkowych, co\u00a0razem z\u00a0Men\u0105 i\u00a0Rafa\u0142em Wolskim daje mu\u00a0drugie miejsce w\u00a0tej\u00a0klasyfikacji, lepszy zn\u00f3w tylko\u00a0Grosicki (14).<\/li>\n<\/ul>\n<p>Sprawy prywatne pomog\u0142y w\u00a0transferze do\u00a0Katowic<\/p>\n<p>Katowiczanie latem ubieg\u0142ego roku wygrali los na\u00a0loterii, doprowadzaj\u0105c do\u00a0zaskakuj\u0105cego transferu Nowaka z\u00a0Rakowa Cz\u0119stochowa. Marek Papszun nie\u00a0widzia\u0142 go\u00a0jako kluczowego elementu w\u00a0swojej uk\u0142adance, mimo \u017ce\u00a0ten przez\u00a0dwa sezony w\u00a0barwach Medalik\u00f3w zdoby\u0142 18 bramek i\u00a09 wypracowa\u0142. W\u00a0pierwszym sezonie pod\u00a0Jasn\u0105 G\u00f3r\u0105 Nowak by\u0142 najlepszym strzelcem zespo\u0142u w\u00a0lidze (10), a\u00a0w\u00a0nast\u0119pnym drugi (7).<\/p>\n<p>Mimo to\u00a0wr\u00f3ci\u0142 na\u00a0\u015al\u0105sk. GieKSie pomog\u0142y kwestie pozaboiskowe, kt\u00f3rymi kierowa\u0142 si\u0119 pi\u0142karz. \u2013 Patrz\u0105c z\u00a0zewn\u0105trz, ten ruch faktycznie mo\u017ce by\u0107 niespodziewany, ale\u00a0r\u00f3\u017cne aspekty tutaj wchodzi\u0142y w\u00a0gr\u0119, zar\u00f3wno sportowe, jak i\u00a0pozasportowe, stricte \u017cyciowe. Po\u00a0graniu o\u00a0mistrzostwo Polski i\u00a0w\u00a0europejskich pucharach, przekonali mnie tym projektem i\u00a0wej\u015bciem do\u00a0Ekstraklasy po\u00a019 latach. Chcia\u0142em by\u0107 cz\u0119\u015bci\u0105 tej\u00a0dru\u017cyny, zaraz b\u0119dzie nowy stadion, w\u00a0Katowicach wszyscy \u017cyj\u0105 tym klubem. Wi\u0105\u017c\u0119 swoje \u017cycie z\u00a0Katowicami, wi\u0119c\u00a0wiele rzeczy ze\u00a0sob\u0105 zagra\u0142o \u2013 t\u0142umaczy\u0142 Nowak w\u00a0\u201ePrzegl\u0105dzie Sportowym\u201d.<\/p>\n<p>Mimo \u017ce\u00a0urodzi\u0142 si\u0119 w\u00a0Radomiu, jako nastolatek trafi\u0142 do\u00a0Gwarka Zabrza i\u00a0od\u00a0tamtej\u00a0pory zapuszcza\u0142 korzenie na\u00a0\u015al\u0105sku. \u2013 Bardzo dobrze mi\u00a0i\u00a0mojej\u00a0rodzinie tutaj si\u0119 \u017cyje. Miasto, mo\u017cliwo\u015bci, ludzie, kt\u00f3rych\u00a0tutaj spotka\u0142em, to\u00a0wszystko gra. R\u00f3wnie\u017c tym kierowa\u0142em si\u0119 przy wyborze nowego klubu \u2013 nie\u00a0ukrywa\u0142.<\/p>\n<p>Troch\u0119 si\u0119 ta\u00a0przeprowadzka przeci\u0105ga\u0142a. Nowak wyl\u0105dowa\u0142 w\u00a0Katowicach dopiero pod\u00a0koniec lipca, po\u00a0starcie rozgrywek, ale\u00a0szybko wkomponowa\u0142 si\u0119 do\u00a0sk\u0142adu. Ju\u017c w\u00a0drugim wyst\u0119pie zaliczy\u0142 asyst\u0119 z\u00a0Piastem Gliwice. Tamten sezon zamkn\u0105\u0142 z\u00a0dwoma bramkami i\u00a0siedmioma asystami w\u00a028 meczach. Nie\u017ale, cho\u0107 jeszcze nie\u00a0tak\u00a0sza\u0142owo. Po\u00a0drodze mia\u0142 nieco problem\u00f3w zdrowotnych, przez\u00a0kt\u00f3re opu\u015bci\u0142 ko\u0144c\u00f3wk\u0119 rundy jesiennej.<\/p>\n<p><img decoding=\"async\" class=\"size-full wp-image-1375135\" src=\"https:\/\/www.europesays.com\/pl\/wp-content\/uploads\/2025\/12\/gks-piast-typy-scaled.jpg\" alt=\"Bartosz Nowak\" width=\"2560\" height=\"1706\" loading=\"lazy\"  \/><\/p>\n<p>Powo\u0142anie dla Nowaka: a\u00a0dlaczego nie?<\/p>\n<p>Teraz pokazuje pe\u0142ni\u0119 mo\u017cliwo\u015bci. Je\u015bli strzela lub asystuje, GKS praktycznie zawsze punktuje. Tylko\u00a0dwa razy zdarzy\u0142o si\u0119 przy takiej okazji, \u017ceby\u00a0by\u0142o inaczej. Chwilami jest on\u00a0klas\u0105 dla siebie, \u017ce\u00a0wspomnimy pucharowego hat-tricka z\u00a0Wis\u0142\u0105 P\u0142ock czy\u00a0czwartkowy wyst\u0119p z\u00a0Jagielloni\u0105 Bia\u0142ystok, tak\u017ce w\u00a0PP (dwa gole i\u00a0asysta).<\/p>\n<p>Gdy\u00a0na\u00a0pocz\u0105tku sezonu Adam Zrelak jeszcze si\u0119 leczy\u0142, a\u00a0w\u00a0ataku GieKSy straszyli Maciej Roso\u0142ek z\u00a0Aleksandrem Buks\u0105, Nowak niemal w\u00a0pojedynk\u0119 d\u017awiga\u0142 zesp\u00f3\u0142, sprawiaj\u0105c, \u017ce\u00a0ten od\u00a0czasu do\u00a0czasu jednak punktowa\u0142. Dzi\u015b Zrelak jest zdrowy i\u00a0w\u00a0formie, wi\u0119c\u00a0mo\u017cna stwierdzi\u0107, \u017ce\u00a0wy\u0142oni\u0142 si\u0119 drugi lider GKS-u. Albo\u00a0wicelider, dok\u0142adniej rzecz ujmuj\u0105c.<\/p>\n<p>M\u00f3wimy ju\u017c o\u00a0zawodniku 32-letnim, kt\u00f3ry\u00a0na\u00a0powa\u017cnie wkroczy\u0142 do\u00a0Ekstraklasy bardzo p\u00f3\u017ano, maj\u0105c 27 wiosen na\u00a0karku. PESEL zawsze odgrywa istotn\u0105 rol\u0119, kiedy rozwa\u017ca si\u0119 kandydat\u00f3w do\u00a0reprezentacji Polski. Skoro jednak na\u00a0kadrze regularnie pojawia si\u0119 rzadko wyr\u00f3\u017cniaj\u0105cy si\u0119 w\u00a0Legii blisko 29-letni Bartosz Kapustka, mo\u017ce pora da\u0107 jak\u0105\u015b szans\u0119 Nowakowi? Na\u00a0d\u0142u\u017csz\u0105 met\u0119 zbawc\u0105 Bia\u0142o-Czerwonych prawdopodobnie nie\u00a0zostanie, ale\u00a0nie\u00a0zawsze musi tak\u00a0by\u0107 przy wysy\u0142aniu powo\u0142a\u0144.<\/p>\n<p>By\u0142aby to\u00a0pewna dziejowa niesprawiedliwo\u015b\u0107, gdyby\u00a0zawodnik w\u00a0zasadzie od\u00a0pi\u0119ciu sezon\u00f3w notorycznie wyr\u00f3\u017cniaj\u0105cy si\u0119 w\u00a0polskiej elicie nie\u00a0mia\u0142 przy swoim nazwisku nawet tego 1A.<\/p>\n<p>Panie Janie, prosz\u0119 si\u0119 zastanowi\u0107.<\/p>\n<p style=\"display: flex; align-items: center; justify-content: start; flex-direction: row; gap: 3px; min-height: 24px; height: 24px; padding: 8px 0px 0px; margin: 0px; font-size: 12px; font-style: normal; font-weight: 500; line-height: 16px;\">Statystyki zawodnika (sezon) dostarczony przez\u00a0<a style=\"margin: 0px; padding: 0px;\" href=\"https:\/\/superscore.live\/pl-PL?utm_source=website&amp;utm_medium=widget&amp;utm_campaign=widget_pl\" target=\"_blank\" rel=\"external noopener nofollow\">Superscore<\/a><\/p>\n<p>CZYTAJ WI\u0118CEJ O\u00a0POLSKIEJ PI\u0141CE:<\/p>\n<p>Fot.\u00a0Newspix<\/p>\n","protected":false},"excerpt":{"rendered":"Bartosz Nowak pi\u0119knym pi\u0142karzem jest. By\u0107 mo\u017ce tylko\u00a0w\u00a0skali Ekstraklasy, ale\u00a0wci\u0105\u017c. Nie\u00a0ma\u00a0dzi\u015b w\u00a0tej\u00a0lidze drugiego zawodnika, kt\u00f3ry\u00a0tak\u00a0bardzo wyrasta\u0142by ponad reszt\u0119&hellip;\n","protected":false},"author":2,"featured_media":135717,"comment_status":"","ping_status":"","sticky":false,"template":"","format":"standard","meta":{"footnotes":""},"categories":[24],"tags":[27703,2570,42,38,40,39,41,127,126],"class_list":{"0":"post-135716","1":"post","2":"type-post","3":"status-publish","4":"format-standard","5":"has-post-thumbnail","7":"category-sport","8":"tag-bartosz-nowak","9":"tag-gks-katowice","10":"tag-pl","11":"tag-poland","12":"tag-polish","13":"tag-polska","14":"tag-polski","15":"tag-sport","16":"tag-sports"},"share_on_mastodon":{"url":"https:\/\/pubeurope.com\/@pl\/115672052595847017","error":""},"_links":{"self":[{"href":"https:\/\/www.europesays.com\/pl\/wp-json\/wp\/v2\/posts\/135716","targetHints":{"allow":["GET"]}}],"collection":[{"href":"https:\/\/www.europesays.com\/pl\/wp-json\/wp\/v2\/posts"}],"about":[{"href":"https:\/\/www.europesays.com\/pl\/wp-json\/wp\/v2\/types\/post"}],"author":[{"embeddable":true,"href":"https:\/\/www.europesays.com\/pl\/wp-json\/wp\/v2\/users\/2"}],"replies":[{"embeddable":true,"href":"https:\/\/www.europesays.com\/pl\/wp-json\/wp\/v2\/comments?post=135716"}],"version-history":[{"count":0,"href":"https:\/\/www.europesays.com\/pl\/wp-json\/wp\/v2\/posts\/135716\/revisions"}],"wp:featuredmedia":[{"embeddable":true,"href":"https:\/\/www.europesays.com\/pl\/wp-json\/wp\/v2\/media\/135717"}],"wp:attachment":[{"href":"https:\/\/www.europesays.com\/pl\/wp-json\/wp\/v2\/media?parent=135716"}],"wp:term":[{"taxonomy":"category","embeddable":true,"href":"https:\/\/www.europesays.com\/pl\/wp-json\/wp\/v2\/categories?post=135716"},{"taxonomy":"post_tag","embeddable":true,"href":"https:\/\/www.europesays.com\/pl\/wp-json\/wp\/v2\/tags?post=135716"}],"curies":[{"name":"wp","href":"https:\/\/api.w.org\/{rel}","templated":true}]}}