{"id":135730,"date":"2025-12-06T10:15:20","date_gmt":"2025-12-06T10:15:20","guid":{"rendered":"https:\/\/www.europesays.com\/pl\/135730\/"},"modified":"2025-12-06T10:15:20","modified_gmt":"2025-12-06T10:15:20","slug":"oto-dlaczego-zbigniew-ziobro-opuscil-wegry-prowadzi-swoja-gre","status":"publish","type":"post","link":"https:\/\/www.europesays.com\/pl\/135730\/","title":{"rendered":"Oto dlaczego Zbigniew Ziobro opu\u015bci\u0142 W\u0119gry. &#8222;Prowadzi swoj\u0105 gr\u0119&#8221;"},"content":{"rendered":"<p class=\"Paragraph_desktopParagraph__U31Gm\">Zbigniew Ziobro opu\u015bci\u0142 W\u0119gry i <a href=\"https:\/\/www.onet.pl\/informacje\/onetwiadomosci\/zbigniew-ziobro-opuscil-wegry-zabral-glos-z-brukseli\/hyjj3mt,79cfc278\" id=\"867ab012-68a6-48a1-aa15-c266b2948322\" rel=\"nofollow noopener\" target=\"_blank\">pojawi\u0142 si\u0119 w Brukseli<\/a>. \u2014 Rozmawiam z politykami i mediami na temat skali narusze\u0144 prawa w Polsce przez rz\u0105d Donalda Tuska \u2014 powiedzia\u0142 na antenie telewizji wPolsce24. Opr\u00f3cz tego klub parlamentarny Prawa i Sprawiedliwo\u015bci poinformowa\u0142, \u017ce w pi\u0105tek o godz. 14 ma wyg\u0142osi\u0107 o\u015bwiadczenie w siedzibie ugrupowania w Warszawie. <a href=\"https:\/\/wiadomosci.onet.pl\/kraj\/zbigniew-ziobro-w-siedzibie-pis-stawia-warunki-z-ekranu\/wl149w6\" id=\"2ca82f1e-60a5-4825-bde0-d2c2e227de64\" rel=\"nofollow noopener\" target=\"_blank\">Ostatecznie jednak Ziobro po\u0142\u0105czy\u0142 si\u0119 za pomoc\u0105 komunikatora internetowego<\/a>. \u2014 Spotykam si\u0119 z pa\u0144stwem w tej formule, gdy\u017c zdecydowa\u0142em si\u0119 stawi\u0107 czo\u0142a i oprze\u0107 si\u0119 bezprawiu, dlatego zosta\u0142em za granic\u0105 \u2014 powiedzia\u0142.<\/p>\n<p class=\"VideoPlayerText_videoPlayerText__iDwyz\">Dalszy ci\u0105g materia\u0142u pod wideo<\/p>\n<p class=\"Paragraph_desktopParagraph__U31Gm\">\u2014 To jest potwierdzenie tego, \u017ce on raczej nie przyjedzie do Polski. Te warunki, kt\u00f3re stawia, s\u0105 nie do przyj\u0119cia przez polski rz\u0105d, abstrahuj\u0105c od samej ich wagi, bo uwa\u017cam, \u017ce tak jak Ziobro psu\u0142 wymiar sprawiedliwo\u015bci, tak obecny rz\u0105d te\u017c to robi \u2014 komentuje w rozmowie z Onetem dr hab. Bart\u0142omiej Biskup.<\/p>\n<ul class=\"OchatFollowUps_wrapper__1ry7X\">\n<li class=\"OchatFollowUps_item__Dhyly OchatFollowUps_itemDesktop__R6aBv\">Dlaczego Zbigniew Ziobro opu\u015bci\u0142 W\u0119gry?<\/li>\n<li class=\"OchatFollowUps_item__Dhyly OchatFollowUps_itemDesktop__R6aBv\">Jakie zarzuty sformu\u0142owano wobec Zbigniewa Ziobry?<\/li>\n<li class=\"OchatFollowUps_item__Dhyly OchatFollowUps_itemDesktop__R6aBv\">Czym jest Trybuna\u0142 Stanu?<\/li>\n<li class=\"OchatFollowUps_item__Dhyly OchatFollowUps_itemDesktop__R6aBv\">Jakie jest znaczenie o\u015bwiadczenia Zbigniewa Ziobry?<\/li>\n<\/ul>\n<p class=\"Paragraph_desktopParagraph__U31Gm\">\u2014 Chodzi\u0142o o to, \u017ceby przyci\u0105gn\u0105\u0107 uwag\u0119 medi\u00f3w, dziennikarzy. Rozumiem, \u017ce maj\u0105c tak\u0105 informacj\u0119, te\u017c polskie s\u0142u\u017cby poczyni\u0142y jakie\u015b dzia\u0142ania, \u017ceby obserwowa\u0107 to miejsce. Formalnie jednak nie mo\u017cna go aresztowa\u0107, bo jeszcze nie ma takiej decyzji \u2014 m\u00f3wi. Dodaje, \u017ce &#8222;Zbigniew Ziobro teraz broni swojego dorobku&#8221;.<\/p>\n<p class=\"Paragraph_desktopParagraph__U31Gm\">\u2014 To jego indywidualna gra, cho\u0107 w\u0142a\u015bciwie ju\u017c nie wiadomo, w co. To takie &#8222;tere-fere kuku&#8221;, jak w dzieci\u0119cej zabawie: \u0142ap mnie, \u0142ap mnie, a nie z\u0142apiesz. Tyle \u017ce dzi\u015b to nie ma wi\u0119kszego znaczenia, bo opinia publiczna w Polsce nie jest tu nawet podzielona, wi\u0119kszo\u015b\u0107 po prostu \u017ale ocenia jego post\u0119powanie \u2014 ocenia ekspert pytany o to, dlaczego Zbigniew Ziobro opu\u015bci\u0142 Budapeszt i pojecha\u0142 do Brukseli.<\/p>\n<p><img decoding=\"async\" class=\"Image_image__0tuHp Image_autoHeight__f2n87 \" height=\"587\" width=\"880\" src=\"https:\/\/www.europesays.com\/pl\/wp-content\/uploads\/2025\/12\/cptk9kpTURBXy83NWY5MjZlYTFlOGM5NDIxZDZjYTE4ZTM1ZjljNmMyYy5qcGeSlQLNA6wAwsOVAgDNAkvCw94AA6EwAaExAaEzw.jpeg\" alt=\"Zbigniew Ziobro w Mi\u0119dzynarodowym Centrum Kongresowym w Katowicach, w pa\u017adzierniku 2025 r.\" loading=\"lazy\" \/>Art Service \/ PAP<\/p>\n<p>Zbigniew Ziobro w Mi\u0119dzynarodowym Centrum Kongresowym w Katowicach, w pa\u017adzierniku 2025 r.<\/p>\n<p class=\"Paragraph_desktopParagraph__U31Gm\">Politolog z Uniwersytetu Warszawskiego uwa\u017ca, \u017ce motywacj\u0105 Zbigniewa Ziobry prawdopodobnie jest po prostu podtrzymywanie zainteresowania opinii publicznej. \u2014 Rz\u0105d zreszt\u0105 te\u017c b\u0119dzie chcia\u0142 to wykorzysta\u0107, bo sprawa jest kluczowa. Ewentualne aresztowanie czy skazanie ministra rz\u0105du PiS trafi\u0142oby na pierwsze strony gazet. Zbigniew Ziobro pr\u00f3buje wi\u0119c nie da\u0107 o sobie zapomnie\u0107, prowadz\u0105c swoj\u0105 gr\u0119 z Ministerstwem Sprawiedliwo\u015bci i ministrem \u017burkiem, by pokaza\u0107 ich nieskuteczno\u015b\u0107. Ale moim zdaniem to ju\u017c niewiele daje i niewiele zmienia \u2014 ocenia ekspert.<\/p>\n<p>Trybuna\u0142 Stanu dla Zbigniewa Ziobry? &#8222;To du\u017ca bro\u0144&#8221;  <\/p>\n<p class=\"Paragraph_desktopParagraph__U31Gm\">Prokuratura sformu\u0142owa\u0142a wobec Ziobry <a href=\"https:\/\/wiadomosci.onet.pl\/kraj\/26-zarzutow-dla-zbigniewa-ziobry-szczegoly-wniosku-prokuratury\/7b76t7g\" id=\"149731ec-e9bd-48dd-a8a1-2a61d6173f7a\" rel=\"nofollow noopener\" target=\"_blank\">26 zarzut\u00f3w w zwi\u0105zku z nieprawid\u0142owo\u015bciami dotycz\u0105cymi Funduszu Sprawiedliwo\u015bci<\/a>. <a href=\"https:\/\/wiadomosci.onet.pl\/kraj\/immunitet-zbigniewa-ziobry-tak-glosowaly-poszczegolne-kluby-poselskie\/5z267gs\" id=\"fa033547-58e0-4e55-aa9d-bb323c2c10b4\" rel=\"nofollow noopener\" target=\"_blank\">Sejm uchyli\u0142 mu immunitet<\/a>, <a href=\"https:\/\/wiadomosci.onet.pl\/kraj\/sejm-zdecydowal-w-sprawie-zatrzymania-i-aresztowania-zbigniewa-ziobry\/35wjlh9\" id=\"38d59a2a-c9c7-478b-aadb-bfcc75066cf5\" rel=\"nofollow noopener\" target=\"_blank\">pos\u0142owie zgodzili si\u0119 na jego tymczasowe aresztowanie<\/a>. Opr\u00f3cz tego koalicja rz\u0105dowa podj\u0119\u0142a decyzj\u0119 o zebraniu podpis\u00f3w pod decyzj\u0105 o <a href=\"https:\/\/wiadomosci.onet.pl\/kraj\/trybunal-stanu-dla-zbigniewa-ziobry-jest-ruch-wlodzimierza-czarzastego\/m9y6dv2\" id=\"5ad21343-06df-41e9-ac68-f472bee39290\" rel=\"nofollow noopener\" target=\"_blank\">przekazanie sprawy Zbigniewa Ziobry do Trybuna\u0142u Stanu<\/a>, o czym poinformowa\u0142 marsza\u0142ek Sejmu W\u0142odzimierz Czarzasty.<\/p>\n<p class=\"Paragraph_desktopParagraph__U31Gm\">\u2014 To du\u017ca bro\u0144, w Polsce rzadko u\u017cywana. Trybuna\u0142 Stanu dzia\u0142a jak s\u0105d w szczeg\u00f3lnych okoliczno\u015bciach, rozpatruje przest\u0119pstwa czy naruszenia prawa pope\u0142nione przez ministr\u00f3w konstytucyjnych, prezydenta, premiera. Symbolicznie to nie jest z\u0142y pomys\u0142 z punktu widzenia koalicji rz\u0105dz\u0105cej. Pokazuje, \u017ce odpowiedzialno\u015b\u0107 nie jest tylko karna, ale tak\u017ce polityczna. To dodatkowe wzmocnienie zarzut\u00f3w, nadaj\u0105ce sprawie wi\u0119kszy ci\u0119\u017car \u2014 ocenia dr hab. Bart\u0142omiej Biskup.<\/p>\n<p class=\"Paragraph_desktopParagraph__U31Gm\">Ostatnio Karol Nawrocki &#8222;wystawi\u0142&#8221; Viktora Orbana \u2014 <a href=\"https:\/\/wiadomosci.onet.pl\/kraj\/karol-nawrocki-zmienia-plany-powodem-wizyta-viktora-orbana-w-moskwie\/ewx5cl9?utm_source=wiadomosci.onet.pl_viasg_wiadomosci&amp;utm_medium=referal&amp;utm_campaign=leo_automatic&amp;srcc=undefined&amp;utm_v=2\" id=\"7d5c9cbe-452f-46f3-a903-674a7a05c353\" rel=\"nofollow noopener\" target=\"_blank\">zrezygnowa\u0142 ze spotkania, po tym, jak premier W\u0119gier spotka\u0142 si\u0119 z W\u0142adimirem Putinem w Moskwie<\/a>. Zdaniem politologa dla Zbigniewa Ziobry i Marcina Romanowskiego nie ma to wi\u0119kszego znaczenia.<\/p>\n<p class=\"Paragraph_desktopParagraph__U31Gm\">\u2014 Tu raczej licz\u0105 si\u0119 wcze\u015bniejsze dobre relacje PiS ze \u015brodowiskiem Fideszu, one maj\u0105 wi\u0119ksz\u0105 wag\u0119. Orban musia\u0142by z\u0142ama\u0107 swoje ostatnie polityczne wi\u0119zi z PiS, by odm\u00f3wi\u0107 azylu Romanowskiemu czy Ziobrze, a do tego si\u0119 nie posunie. \u015arodowisko Nawrockiego nigdy nie mia\u0142o szczeg\u00f3lnych relacji z Orbanem, wi\u0119c sprawy te pozostan\u0105 oddzielone \u2014 m\u00f3wi rozm\u00f3wca Onetu.<\/p>\n<p class=\"Paragraph_desktopParagraph__U31Gm\">Politolog dodaje, \u017ce Orban si\u0119 zradykalizowa\u0142, co oznacza, \u017ce nie mo\u017ce ju\u017c liczy\u0107 na poparcie polskich polityk\u00f3w. \u2014 Nie tyle dba o bezpiecze\u0144stwo energetyczne, ile wr\u0119cz promuje rosyjskie surowce. To uniemo\u017cliwia prowadzenie wobec niego polityki transakcyjnej, \u017ceby uniezale\u017cnia\u0107 W\u0119gr\u00f3w od dostaw rosyjskiej ropy, bo on tego po prostu ju\u017c nie chce. Teraz sam znalaz\u0142 si\u0119 pod \u015bcian\u0105 i ma inne problemy wewn\u0119trzne. Zobaczymy, jak p\u00f3jd\u0105 mu wybory na wiosn\u0119 \u2014 ko\u0144czy ekspert.<\/p>\n","protected":false},"excerpt":{"rendered":"Zbigniew Ziobro opu\u015bci\u0142 W\u0119gry i pojawi\u0142 si\u0119 w Brukseli. \u2014 Rozmawiam z politykami i mediami na temat skali&hellip;\n","protected":false},"author":2,"featured_media":135731,"comment_status":"","ping_status":"","sticky":false,"template":"","format":"standard","meta":{"footnotes":""},"categories":[5],"tags":[32,33,36,37,66,27,27850,67,34,35,28,31,53,25,52,68,51,55,42,38,40,39,41,47,29,30,50,1233,26,4070],"class_list":{"0":"post-135730","1":"post","2":"type-post","3":"status-publish","4":"format-standard","5":"has-post-thumbnail","7":"category-naglowki","8":"tag-breaking-news","9":"tag-breakingnews","10":"tag-featured-news","11":"tag-featurednews","12":"tag-give_me_perspective","13":"tag-headlines","14":"tag-inst_tst2","15":"tag-intextvideo_splayer","16":"tag-latest-news","17":"tag-latestnews","18":"tag-naglowki","19":"tag-najwazniejsze-artykuly","20":"tag-new_header","21":"tag-news","22":"tag-onet3","23":"tag-onet3d","24":"tag-onet3d_2i","25":"tag-phx","26":"tag-pl","27":"tag-poland","28":"tag-polish","29":"tag-polska","30":"tag-polski","31":"tag-screening_general","32":"tag-top-stories","33":"tag-topstories","34":"tag-v2021","35":"tag-viktor_orban_wegierski_polityk","36":"tag-wiadomosci","37":"tag-zbigniew_ziobro_polityk"},"share_on_mastodon":{"url":"https:\/\/pubeurope.com\/@pl\/115672103192995955","error":""},"_links":{"self":[{"href":"https:\/\/www.europesays.com\/pl\/wp-json\/wp\/v2\/posts\/135730","targetHints":{"allow":["GET"]}}],"collection":[{"href":"https:\/\/www.europesays.com\/pl\/wp-json\/wp\/v2\/posts"}],"about":[{"href":"https:\/\/www.europesays.com\/pl\/wp-json\/wp\/v2\/types\/post"}],"author":[{"embeddable":true,"href":"https:\/\/www.europesays.com\/pl\/wp-json\/wp\/v2\/users\/2"}],"replies":[{"embeddable":true,"href":"https:\/\/www.europesays.com\/pl\/wp-json\/wp\/v2\/comments?post=135730"}],"version-history":[{"count":0,"href":"https:\/\/www.europesays.com\/pl\/wp-json\/wp\/v2\/posts\/135730\/revisions"}],"wp:featuredmedia":[{"embeddable":true,"href":"https:\/\/www.europesays.com\/pl\/wp-json\/wp\/v2\/media\/135731"}],"wp:attachment":[{"href":"https:\/\/www.europesays.com\/pl\/wp-json\/wp\/v2\/media?parent=135730"}],"wp:term":[{"taxonomy":"category","embeddable":true,"href":"https:\/\/www.europesays.com\/pl\/wp-json\/wp\/v2\/categories?post=135730"},{"taxonomy":"post_tag","embeddable":true,"href":"https:\/\/www.europesays.com\/pl\/wp-json\/wp\/v2\/tags?post=135730"}],"curies":[{"name":"wp","href":"https:\/\/api.w.org\/{rel}","templated":true}]}}