{"id":135788,"date":"2025-12-06T10:57:08","date_gmt":"2025-12-06T10:57:08","guid":{"rendered":"https:\/\/www.europesays.com\/pl\/135788\/"},"modified":"2025-12-06T10:57:08","modified_gmt":"2025-12-06T10:57:08","slug":"wrze-po-tym-co-wymyslila-tv-republika-nawet-mateusz-borek-zabral-glos","status":"publish","type":"post","link":"https:\/\/www.europesays.com\/pl\/135788\/","title":{"rendered":"Wrze po tym, co wymy\u015bli\u0142a TV Republika. Nawet Mateusz Borek zabra\u0142\u00a0g\u0142os"},"content":{"rendered":"<p class=\"Paragraph_desktopParagraph__Fd2e9\">Tego jeszcze nie by\u0142o. TV Republika, znana g\u0142\u00f3wnie z zaanga\u017cowania w sprawy polityczne, w czwartek <a href=\"https:\/\/przegladsportowy.onet.pl\/koszykowka\/szokujacy-ruch-tv-republika-oto-co-beda-pokazywac-na-swojej-antenie\/5kfjzq3\" id=\"f3dc2f78-d084-458d-9e7b-c947ab78203e\" rel=\"nofollow noopener\" target=\"_blank\">og\u0142osi\u0142a transmisj\u0119 z hitowego spotkania NBA<\/a>, Los Angeles Lakers \u2013 Boston Celtics. Takie prawa kosztuj\u0105 miliony dolar\u00f3w i w Polsce s\u0105 w posiadaniu innej stacji. Kibice zastanawiali si\u0119 wi\u0119c, jak to mo\u017cliwe. Prawda szybko wysz\u0142a na jaw. Ale po kolei.<\/p>\n<p class=\"VideoPlayerText_videoPlayerText__zrtJk\">Dalszy ci\u0105g materia\u0142u pod wideo<\/p>\n<p class=\"Paragraph_desktopParagraph__Fd2e9\">&#8222;Z satysfakcj\u0105 informuj\u0119 \u017ce po ponad 3 latach wracam do komentowania NBA! Stanie si\u0119 to ju\u017c w nocy z pi\u0105tku na sobot\u0119 przy okazji meczu LA Lakers \u2013 Boston Celtics na antenie telewizji Republika. B\u0119dziemy si\u0119 spotka\u0107 regularnie&#8221; \u2013 napisa\u0142 w czwartek znany komentator koszyk\u00f3wki Wojciech Micha\u0142owicz. I si\u0119 zacz\u0119\u0142o.<\/p>\n<p>NBA w TV Republika? Mocne komentarze. &#8222;By\u0142 kiedy\u015b taki dowcip&#8230;&#8221;<\/p>\n<p class=\"Paragraph_desktopParagraph__Fd2e9\">&#8222;Mia\u0142em si\u0119 na ten temat nie wypowiada\u0107, ale widz\u0119, \u017ce sporo os\u00f3b mocno wierzy, i\u017c w TV Republika obejrzy mecz NBA. No niestety, TV Republika nie ma praw do pokazywania mecz\u00f3w. Fajnie, \u017ce pan Wojtek w jakiej\u015b formie wraca, ale niefajnie, \u017ce nie wyprowadza ludzi z b\u0142\u0119du&#8221; \u2013 skomentowa\u0142 dziennikarz sportowy Krzysztof Sendecki.<\/p>\n<p class=\"Paragraph_desktopParagraph__Fd2e9\">&#8222;By\u0142 kiedy\u015b taki dowcip o radzieckim radiu i pasuje tu idealnie:<\/p>\n<p class=\"Paragraph_desktopParagraph__Fd2e9\">\u2013 Czy to prawda, \u017ce TV Republika poka\u017ce NBA?<\/p>\n<p class=\"Paragraph_desktopParagraph__Fd2e9\">\u2013 Tak, to prawda, ale nie mecz, tylko rozmow\u0119 o meczu. I nie w telewizji, a na YT&#8221; \u2013 doda\u0142 dziennikarz koszykarski i prowadz\u0105cy polskie biuro prasowe Jeremy&#8217;ego Sochana, Micha\u0142 Pacuda.<\/p>\n<p class=\"Paragraph_desktopParagraph__Fd2e9\">Na ten wpis b\u0142yskawicznie zareagowa\u0142 Mateusz Borek, kt\u00f3ry najwyra\u017aniej nie zamierza ogl\u0105da\u0107 koszyk\u00f3wki na antenach TV Republika: &#8222;Mam za 500 z\u0142otych Season Pass Premium. Wszystkie mecze, skr\u00f3ty, staty. I ogl\u0105dam na ca\u0142ym \u015bwiecie. Polecam ka\u017cdemu&#8221;.<\/p>\n<p>Micha\u0142 Racho\u0144 z dum\u0105 prezentowa\u0142 studio. Ale prawda wysz\u0142a na jaw<\/p>\n<p class=\"Paragraph_desktopParagraph__Fd2e9\">Mimo wszystko stacja sz\u0142a w zaparte. &#8222;A tak wygl\u0105da studio #RepublikaTV na dzisiejszy mecz&#8221; \u2013 prezentowa\u0142 z dum\u0105 Micha\u0142 Racho\u0144, czyli dyrektor programowy Republiki. 47-letni dzi\u015b dziennikarz w m\u0142odo\u015bci by\u0142 obiecuj\u0105cym koszykarzem, otar\u0142 si\u0119 nawet o pierwsz\u0105 dru\u017cyn\u0119 Trefla Sopot. P\u00f3\u017aniej gra\u0142 w ni\u017cszych ligach.<\/p>\n<p class=\"Paragraph_desktopParagraph__Fd2e9\">Gdy mecz si\u0119 zacz\u0105\u0142, ca\u0142a prawda wysz\u0142a na jaw. Czterech m\u0119\u017cczyzn usiad\u0142o w studiu i si\u0119 zacz\u0119\u0142o.<\/p>\n<p class=\"Paragraph_desktopParagraph__Fd2e9\">&#8222;Tak, jest 2 w nocy i ogl\u0105dam jak Wojtek Micha\u0142owicz i Mike Ansley (aka Shaq z Temu) opowiadaj\u0105 w TV Republika co w\u0142a\u015bnie widz\u0105 na telewizorze, na kt\u00f3rym leci NBA. Co\u015b pi\u0119knego, content dla koneser\u00f3w absolutnych \u2013 napisa\u0142 jeden z widz\u00f3w, u\u017cytkownik platformy X, Adaskropka.<\/p>\n","protected":false},"excerpt":{"rendered":"Tego jeszcze nie by\u0142o. TV Republika, znana g\u0142\u00f3wnie z zaanga\u017cowania w sprawy polityczne, w czwartek og\u0142osi\u0142a transmisj\u0119 z&hellip;\n","protected":false},"author":2,"featured_media":135789,"comment_status":"","ping_status":"","sticky":false,"template":"","format":"standard","meta":{"footnotes":""},"categories":[5],"tags":[32,33,36,37,27,67,34,35,592,19416,28,31,6779,25,42,38,40,39,41,136,128,47,135,29,30,171,26],"class_list":{"0":"post-135788","1":"post","2":"type-post","3":"status-publish","4":"format-standard","5":"has-post-thumbnail","7":"category-naglowki","8":"tag-breaking-news","9":"tag-breakingnews","10":"tag-featured-news","11":"tag-featurednews","12":"tag-headlines","13":"tag-intextvideo_splayer","14":"tag-latest-news","15":"tag-latestnews","16":"tag-mateusz_borek","17":"tag-michal_rachon","18":"tag-naglowki","19":"tag-najwazniejsze-artykuly","20":"tag-nba","21":"tag-news","22":"tag-pl","23":"tag-poland","24":"tag-polish","25":"tag-polska","26":"tag-polski","27":"tag-ps_detal_new","28":"tag-psv2","29":"tag-screening_general","30":"tag-sport_sport","31":"tag-top-stories","32":"tag-topstories","33":"tag-tv_republika","34":"tag-wiadomosci"},"share_on_mastodon":{"url":"https:\/\/pubeurope.com\/@pl\/115672268568121472","error":""},"_links":{"self":[{"href":"https:\/\/www.europesays.com\/pl\/wp-json\/wp\/v2\/posts\/135788","targetHints":{"allow":["GET"]}}],"collection":[{"href":"https:\/\/www.europesays.com\/pl\/wp-json\/wp\/v2\/posts"}],"about":[{"href":"https:\/\/www.europesays.com\/pl\/wp-json\/wp\/v2\/types\/post"}],"author":[{"embeddable":true,"href":"https:\/\/www.europesays.com\/pl\/wp-json\/wp\/v2\/users\/2"}],"replies":[{"embeddable":true,"href":"https:\/\/www.europesays.com\/pl\/wp-json\/wp\/v2\/comments?post=135788"}],"version-history":[{"count":0,"href":"https:\/\/www.europesays.com\/pl\/wp-json\/wp\/v2\/posts\/135788\/revisions"}],"wp:featuredmedia":[{"embeddable":true,"href":"https:\/\/www.europesays.com\/pl\/wp-json\/wp\/v2\/media\/135789"}],"wp:attachment":[{"href":"https:\/\/www.europesays.com\/pl\/wp-json\/wp\/v2\/media?parent=135788"}],"wp:term":[{"taxonomy":"category","embeddable":true,"href":"https:\/\/www.europesays.com\/pl\/wp-json\/wp\/v2\/categories?post=135788"},{"taxonomy":"post_tag","embeddable":true,"href":"https:\/\/www.europesays.com\/pl\/wp-json\/wp\/v2\/tags?post=135788"}],"curies":[{"name":"wp","href":"https:\/\/api.w.org\/{rel}","templated":true}]}}