{"id":135831,"date":"2025-12-06T11:26:09","date_gmt":"2025-12-06T11:26:09","guid":{"rendered":"https:\/\/www.europesays.com\/pl\/135831\/"},"modified":"2025-12-06T11:26:09","modified_gmt":"2025-12-06T11:26:09","slug":"zaskakujace-wiesci-o-kontrakcie-tomasza-fornala-w-polsce-bedzie-potega-przeglad-sportowy-onet","status":"publish","type":"post","link":"https:\/\/www.europesays.com\/pl\/135831\/","title":{"rendered":"Zaskakuj\u0105ce wie\u015bci o kontrakcie Tomasza Fornala. W Polsce b\u0119dzie pot\u0119ga! &#8211; Przegl\u0105d Sportowy Onet"},"content":{"rendered":"<ol>\n<li><a href=\"https:\/\/news.google.com\/rss\/articles\/CBMiygFBVV95cUxNckNhOEpBSldRaWhXLVNkTm9sREQ2SXlYNlBjZ0cyUmlCaFQ1aFcxT1d2MVJ6U2QyY2Q3Y2FGTmdGendENHlvVEZvX1NZLXBPck1LYy1IaHhSNzluQmtXTzM4dVR4RjUydUphTDJYQnh3VUl0NDdqaXRCckZtRXlfOGs0OEszUDA0clFBdmJVZWszOFZPY09GTWpiQTZuQ2R6T1htYUFSZkMtd2pPYm9OeE1mQUYzODBUN2F5cFBSTU5NMVhwczh2YXlB?oc=5\" target=\"_blank\" rel=\"nofollow noopener\">Zaskakuj\u0105ce wie\u015bci o kontrakcie Tomasza Fornala. W Polsce b\u0119dzie pot\u0119ga!<\/a>&nbsp;&nbsp;Przegl\u0105d Sportowy Onet<\/li>\n<li><a href=\"https:\/\/news.google.com\/rss\/articles\/CBMizwFBVV95cUxQME5XWjNySGs4NEtvNjdDWjVTd1RyR2dEZkpNUFlZVm5hd2VoMGNVNjk3S1Q0b0dld19tWVp0OUotOGhZbjhYZEo3Vll0Sk56Njh1d3R2MDk1ODFFZUUxVzhHa2xBYVRiTW9xdWRWbG1UOVRDa0FZeFRRMDM4Y0ZUczdqYkZFcDVHZDdtVl9NVklRVmhUY2MtU0RuQkIxVlgyTnZGeWRLUFZnMTNPa1B0b1dXaXpMeUNwbVJyR182VkRVTE5hMVg1QlZRQ3dENFU?oc=5\" target=\"_blank\" rel=\"nofollow noopener\">Fornal i Kochanowski ju\u017c wybrali. Ogromna zmiana w \u017cyciu siatkarzy, ten szczeg\u00f3\u0142 szokuje<\/a>&nbsp;&nbsp;Sport w INTERIA.PL<\/li>\n<li><a href=\"https:\/\/news.google.com\/rss\/articles\/CBMimAFBVV95cUxNUWdfZFdCdU1PVXRILWFnMDNZaDFkeGlRb2IwWGJPRGNfdkR5V2p0a25mRTRsdUU3dVRkWW9fMDR5LVB6U3l5YVNGeFZUMm9ZeTdwRmNCSmpkZUwtelRMUFo1Qk5PVWVZSzJ3bWdXVXlVQ01uQ2dGV1Rmd0xPVy1OcjlMUDNlYjNsRXh5c09CTVg1Q24ta3oyWtIBngFBVV95cUxPX1RlNUJyVUpodFdQSVBhajVITXFBX0hvazY5OHYtNk9YdHZiaGNmQnFDVnpwYjM3cm44dkxwd3pfYWxOMm5FR3hEUTdSd1E0b29HX2Jyc3hWdVllcXp6Y2t1dGJJUGJNcFM3NW9YSW5uQU9XYWVobWx1UFZYUkwydFFkd1l0VnBfcXo2bkdMbTAyb1g1MXhzclRRRWh2QQ?oc=5\" target=\"_blank\" rel=\"nofollow noopener\">Wielkie plany Aluron CMC Warta Zawiercie. Chce zdominowa\u0107 Europ\u0119<\/a>&nbsp;&nbsp;sport.tvp.pl<\/li>\n<li><a href=\"https:\/\/news.google.com\/rss\/articles\/CBMivgFBVV95cUxPb3VrczBlVjc0Mm1pcFotb0pnVnVJMmpfTWpEbTJNMk56eVRNdi1aTS1wVkVwREFBTW5Lak8yZlNPUzVjbzlMb0U2T0NmclBqS2N3NGtDNXpnMS00MEJBVHl4c1NRWi0tdEFYa0JsSE95WmNDNGhWYmRUNGxGc2M5UEM0U2dRWWkxa1RaQWtHV3VzX3M2QXVWTnBBeVRTS0NUaURRaUg0Q1JnQnF2LWVxQnlPUzNMb0hVRXhGbGZB?oc=5\" target=\"_blank\" rel=\"nofollow noopener\">Kto dzi\u015b jest legend\u0105 w klubie PlusLigi? &#8222;Kilka propozycji mnie zaskoczy\u0142o&#8221;<\/a>&nbsp;&nbsp;www.polsatsport.pl<\/li>\n<li><a href=\"https:\/\/news.google.com\/rss\/articles\/CBMiwwFBVV95cUxPbHlMU3QtckcxS2JNeEZiUG1BRHpNMTZwQlJNYndWUlZvZHZycjdiVjdGNG1SQ1N4SURIRkFnQTdBX1hrMnlGc1dCTkhfQk9LMWYtZGV4c3o5NElJZy1wbkdKemxKanFvczVTbkxRRGxtZzVqNGZpUlYtVGRnVGw5SmxtVFdOOGNRUDFCVFJQQ2JPcm9xQmNNLXl6ZDFrSGxKdVhvbldfYTktcTQxdWFlLUtiSzhQM2JsVk1Kajc0TG15WGvSAbsBQVVfeXFMUHNDOF9TbUhDQWw2dHVzMGN6NUxoYXNGei1kSVQ1Vkl6andkUGdvOFZHMFB2bHE2QzI4a0Z3RGxMcXRxVEN4UDVsVmlDX09kYjVkb2c2TE9qZEtEeFp1RUJGaW9UZnhCNVRfWk8zdXVzRkNoZWIzTlpYREx0YVZTdko3ZnhwQVdHWVVobm5ockJBWGlUMlg5OHRFSXVaX3BjMFFUOHZFekt5ZEJoTzBiWXJNbmlmMHo0bVJjNA?oc=5\" target=\"_blank\" rel=\"nofollow noopener\">PlusLiga: Aluron CMC Warta Zawiercie wyznacza trendy. Wieloletnia wizja sukcesu<\/a>&nbsp;&nbsp;Sport Wprost<\/li>\n<\/ol>\n","protected":false},"excerpt":{"rendered":"Zaskakuj\u0105ce wie\u015bci o kontrakcie Tomasza Fornala. W Polsce b\u0119dzie pot\u0119ga!&nbsp;&nbsp;Przegl\u0105d Sportowy Onet Fornal i Kochanowski ju\u017c wybrali. Ogromna&hellip;\n","protected":false},"author":2,"featured_media":135832,"comment_status":"","ping_status":"","sticky":false,"template":"","format":"standard","meta":{"footnotes":""},"categories":[24],"tags":[16179,304,67,15123,42,6242,38,40,39,41,136,128,47,131,127,135,126,996],"class_list":{"0":"post-135831","1":"post","2":"type-post","3":"status-publish","4":"format-standard","5":"has-post-thumbnail","7":"category-sport","8":"tag-aluron_cmc_warta_zawiercie","9":"tag-eres","10":"tag-intextvideo_splayer","11":"tag-jakub_kochanowski","12":"tag-pl","13":"tag-plusliga","14":"tag-poland","15":"tag-polish","16":"tag-polska","17":"tag-polski","18":"tag-ps_detal_new","19":"tag-psv2","20":"tag-screening_general","21":"tag-siatkowka","22":"tag-sport","23":"tag-sport_sport","24":"tag-sports","25":"tag-tomasz_fornal"},"share_on_mastodon":{"url":"https:\/\/pubeurope.com\/@pl\/115672382364685490","error":""},"_links":{"self":[{"href":"https:\/\/www.europesays.com\/pl\/wp-json\/wp\/v2\/posts\/135831","targetHints":{"allow":["GET"]}}],"collection":[{"href":"https:\/\/www.europesays.com\/pl\/wp-json\/wp\/v2\/posts"}],"about":[{"href":"https:\/\/www.europesays.com\/pl\/wp-json\/wp\/v2\/types\/post"}],"author":[{"embeddable":true,"href":"https:\/\/www.europesays.com\/pl\/wp-json\/wp\/v2\/users\/2"}],"replies":[{"embeddable":true,"href":"https:\/\/www.europesays.com\/pl\/wp-json\/wp\/v2\/comments?post=135831"}],"version-history":[{"count":0,"href":"https:\/\/www.europesays.com\/pl\/wp-json\/wp\/v2\/posts\/135831\/revisions"}],"wp:featuredmedia":[{"embeddable":true,"href":"https:\/\/www.europesays.com\/pl\/wp-json\/wp\/v2\/media\/135832"}],"wp:attachment":[{"href":"https:\/\/www.europesays.com\/pl\/wp-json\/wp\/v2\/media?parent=135831"}],"wp:term":[{"taxonomy":"category","embeddable":true,"href":"https:\/\/www.europesays.com\/pl\/wp-json\/wp\/v2\/categories?post=135831"},{"taxonomy":"post_tag","embeddable":true,"href":"https:\/\/www.europesays.com\/pl\/wp-json\/wp\/v2\/tags?post=135831"}],"curies":[{"name":"wp","href":"https:\/\/api.w.org\/{rel}","templated":true}]}}