{"id":135916,"date":"2025-12-06T12:35:09","date_gmt":"2025-12-06T12:35:09","guid":{"rendered":"https:\/\/www.europesays.com\/pl\/135916\/"},"modified":"2025-12-06T12:35:09","modified_gmt":"2025-12-06T12:35:09","slug":"wyszla-do-pracy-i-przepadla-kulisy-zaginiecia-21-letniej-oksany","status":"publish","type":"post","link":"https:\/\/www.europesays.com\/pl\/135916\/","title":{"rendered":"Wysz\u0142a do pracy i przepad\u0142a. Kulisy zagini\u0119cia 21-letniej Oksany"},"content":{"rendered":"<ul class=\"UnorderedList_container__nmfSl\">\n<li class=\"UnorderedList_listElement__Py7xi\" data-id=\"ai-summary-link\">Du\u017co czytania, a ma\u0142o czasu? Sprawd\u017a\u00a0skr\u00f3t\u00a0artyku\u0142u<\/li>\n<\/ul>\n<p class=\"Paragraph_desktopParagraph__U31Gm\">\u2014 Ostatnie logowanie telefonu by\u0142o w granicach jej miejsca zamieszkania \u2014 m\u00f3wi Onetowi przyjaci\u00f3\u0142ka rodziny, pani Aleksandra.<\/p>\n<p class=\"Paragraph_desktopParagraph__U31Gm\">Po godzinie 8 do rodzic\u00f3w zadzwonili ludzie z pracy Oksany. Powiedzieli, \u017ce Oksana nie przysz\u0142a do pracy. Zaniepokojeni rodzice od razu zg\u0142osili spraw\u0119 na policj\u0119. Jej znajomi nied\u0142ugo p\u00f3\u017aniej przeszukali Park Oru\u0144ski w poszukiwaniu swojej kole\u017canki.<\/p>\n<p class=\"VideoPlayerText_videoPlayerText__iDwyz\">Dalszy ci\u0105g materia\u0142u pod wideo<\/p>\n<ul class=\"OchatFollowUps_wrapper__1ry7X\">\n<li class=\"OchatFollowUps_item__Dhyly OchatFollowUps_itemDesktop__R6aBv\">Kiedy Oksana ostatni raz by\u0142a widziana?<\/li>\n<li class=\"OchatFollowUps_item__Dhyly OchatFollowUps_itemDesktop__R6aBv\">Jakie by\u0142y ostatnie wpisy Oksany?<\/li>\n<li class=\"OchatFollowUps_item__Dhyly OchatFollowUps_itemDesktop__R6aBv\">Jakie informacje podaje policja dotycz\u0105ce rysopisu zaginionej?<\/li>\n<li class=\"OchatFollowUps_item__Dhyly OchatFollowUps_itemDesktop__R6aBv\">Jak mo\u017cna skontaktowa\u0107 si\u0119 z policj\u0105 w sprawie Oksany?<\/li>\n<\/ul>\n<p>&#8222;Grom z jasnego nieba&#8221; <\/p>\n<p class=\"Paragraph_desktopParagraph__U31Gm\">\u2014 Policja i znajomi doszli do wniosku, \u017ce w tej sprawie mo\u017ce by\u0107 zagro\u017cenie \u017cycia. Oksana mo\u017ce by\u0107 w kiepskim stanie psychicznym \u2014 s\u0142ysz\u0119 od znajomych rodziny.<\/p>\n<p class=\"Paragraph_desktopParagraph__U31Gm\">Oksana to osoba bardzo religijna. Niekt\u00f3rych mocno zaniepokoi\u0142y ostatnie wpisy 21-latki. 3 grudnia pisa\u0142a m.in. &#8222;Dzi\u0119kuj\u0119 Ci, Jezu, \u017ce wkr\u00f3tce zabierzesz mnie do domu! Czekam na Ciebie bardzo d\u0142ugo! Szatan chcia\u0142 mnie powstrzyma\u0107, ale dzi\u0119kuj\u0119 Ci, Panie! Ostatni raz jest ju\u017c tak blisko&#8221;. Wpis by\u0142 po angielsku.<\/p>\n<p class=\"Paragraph_desktopParagraph__U31Gm\">\u2014 Nigdy wcze\u015bniej nie by\u0142o takich sytuacji z Oksan\u0105. Spad\u0142o to na nas jak grom z jasnego nieba \u2014 m\u00f3wi Onetowi pani Aleksandra.<\/p>\n<p class=\"Paragraph_desktopParagraph__U31Gm\">\u2014 Oksana to generalnie do\u015b\u0107 zamkni\u0119ta i skryta w sobie osoba. Ostatnimi czasy bardzo mocno zaanga\u017cowa\u0142a si\u0119 w dzia\u0142alno\u015b\u0107 internetow\u0105. Na Facebooku, tik toku. Pi\u0119knie \u015bpiewa, ma uzdolnienia artystyczne. Domatorka. Artystyczna dusza \u2014 opisuje rozm\u00f3wczyni Onetu.<\/p>\n<p class=\"Paragraph_desktopParagraph__U31Gm\">Policjanci podaj\u0105 rysopis zaginionej:<\/p>\n<p class=\"Paragraph_desktopParagraph__U31Gm\">&#8222;21-letnia Oksana ma ok. 165 cm wzrostu, jest szczup\u0142ej budowy cia\u0142a, ma jasne, kr\u00f3tkie w\u0142osy, szaroniebieskie oczy. W dniu zagini\u0119cia mia\u0142a na sobie bia\u0142e zimowe buty, kremow\u0105 kurtk\u0119 puchow\u0105 z kapturem, bia\u0142\u0105 czapk\u0119&#8221;.<\/p>\n<p class=\"Paragraph_desktopParagraph__U31Gm\">Ka\u017cdy, kto ma informacje na temat zaginionej kobiety, proszony jest o kontakt z policj\u0105. Telefon na komisariat przy ulicy Platynowej: 47 741 6722.<\/p>\n<p class=\"Paragraph_desktopParagraph__U31Gm\"> Informacje mo\u017cna przes\u0142a\u0107 na adres poczty komendant.kp1@gd.policja.gov.pl.<\/p>\n<p><img decoding=\"async\" class=\"Image_image__0tuHp Image_autoHeight__f2n87 \" height=\"587\" width=\"270\" src=\"https:\/\/www.europesays.com\/pl\/wp-content\/uploads\/2025\/12\/lTok9kpTURBXy84M2U4NThhOGE5NWIxMjU1Mjk2NjI5ZmFiYWYzZTY1Yi5qcGeSlQLNA6wAwsOVAgDNAkvCw94AA6EwAaExAaEzw.jpeg\" alt=\"21-letnia Oksana\" loading=\"lazy\" \/>Policja<\/p>\n<p>21-letnia Oksana<\/p>\n","protected":false},"excerpt":{"rendered":"Du\u017co czytania, a ma\u0142o czasu? Sprawd\u017a\u00a0skr\u00f3t\u00a0artyku\u0142u \u2014 Ostatnie logowanie telefonu by\u0142o w granicach jej miejsca zamieszkania \u2014 m\u00f3wi&hellip;\n","protected":false},"author":2,"featured_media":135917,"comment_status":"","ping_status":"","sticky":false,"template":"","format":"standard","meta":{"footnotes":""},"categories":[5],"tags":[32,33,36,37,1048,27,67,34,35,28,31,53,25,52,68,51,55,42,38,251,40,39,41,47,29,30,65,50,26,5435],"class_list":{"0":"post-135916","1":"post","2":"type-post","3":"status-publish","4":"format-standard","5":"has-post-thumbnail","7":"category-naglowki","8":"tag-breaking-news","9":"tag-breakingnews","10":"tag-featured-news","11":"tag-featurednews","12":"tag-gdansk","13":"tag-headlines","14":"tag-intextvideo_splayer","15":"tag-latest-news","16":"tag-latestnews","17":"tag-naglowki","18":"tag-najwazniejsze-artykuly","19":"tag-new_header","20":"tag-news","21":"tag-onet3","22":"tag-onet3d","23":"tag-onet3d_2i","24":"tag-phx","25":"tag-pl","26":"tag-poland","27":"tag-policja_policjanci_policjant_policjantka_policjantki","28":"tag-polish","29":"tag-polska","30":"tag-polski","31":"tag-screening_general","32":"tag-top-stories","33":"tag-topstories","34":"tag-update_me","35":"tag-v2021","36":"tag-wiadomosci","37":"tag-zaginiecie"},"share_on_mastodon":{"url":"https:\/\/pubeurope.com\/@pl\/115672654151515308","error":""},"_links":{"self":[{"href":"https:\/\/www.europesays.com\/pl\/wp-json\/wp\/v2\/posts\/135916","targetHints":{"allow":["GET"]}}],"collection":[{"href":"https:\/\/www.europesays.com\/pl\/wp-json\/wp\/v2\/posts"}],"about":[{"href":"https:\/\/www.europesays.com\/pl\/wp-json\/wp\/v2\/types\/post"}],"author":[{"embeddable":true,"href":"https:\/\/www.europesays.com\/pl\/wp-json\/wp\/v2\/users\/2"}],"replies":[{"embeddable":true,"href":"https:\/\/www.europesays.com\/pl\/wp-json\/wp\/v2\/comments?post=135916"}],"version-history":[{"count":0,"href":"https:\/\/www.europesays.com\/pl\/wp-json\/wp\/v2\/posts\/135916\/revisions"}],"wp:featuredmedia":[{"embeddable":true,"href":"https:\/\/www.europesays.com\/pl\/wp-json\/wp\/v2\/media\/135917"}],"wp:attachment":[{"href":"https:\/\/www.europesays.com\/pl\/wp-json\/wp\/v2\/media?parent=135916"}],"wp:term":[{"taxonomy":"category","embeddable":true,"href":"https:\/\/www.europesays.com\/pl\/wp-json\/wp\/v2\/categories?post=135916"},{"taxonomy":"post_tag","embeddable":true,"href":"https:\/\/www.europesays.com\/pl\/wp-json\/wp\/v2\/tags?post=135916"}],"curies":[{"name":"wp","href":"https:\/\/api.w.org\/{rel}","templated":true}]}}