{"id":135918,"date":"2025-12-06T12:36:10","date_gmt":"2025-12-06T12:36:10","guid":{"rendered":"https:\/\/www.europesays.com\/pl\/135918\/"},"modified":"2025-12-06T12:36:10","modified_gmt":"2025-12-06T12:36:10","slug":"poleciala-z-partnerem-do-las-vegas-to-jego-wielki-dzien-sportowefakty","status":"publish","type":"post","link":"https:\/\/www.europesays.com\/pl\/135918\/","title":{"rendered":"Polecia\u0142a z partnerem do Las Vegas. To jego wielki dzie\u0144 &#8211; SportoweFakty"},"content":{"rendered":"<ol>\n<li><a href=\"https:\/\/news.google.com\/rss\/articles\/CBMiswFBVV95cUxQT2drdWJ3ak5TTnlwcFJVQ2UwTXRTaDA5bFhzSWtVZ2VpckVUcElqQ3Zjb3NJUU5ZeHRxVzlvVWwxQ3o4TUh6ZU04SWg3MmgxalFsVUQyS095R0o5c3hUMzkxTzZtX2EtRWFtVmVfOVY5ZEFvTWI5VFoxSkdXMW9VN2tKVkRsSWM3c05RTFBrM1E2TTVmc01TRlNsalpkY3pyel9MVXlTT3dYRDU3ZnZvS2lWQQ?oc=5\" target=\"_blank\" rel=\"nofollow noopener\">Polecia\u0142a z partnerem do Las Vegas. To jego wielki dzie\u0144<\/a>&nbsp;&nbsp;SportoweFakty<\/li>\n<li><a href=\"https:\/\/news.google.com\/rss\/articles\/CBMisAFBVV95cUxNcEwwMDhxMzRHSDU5OXEzYWdwR1VlYWVyUXp5SzBfc05yWDZueGNXMmprWkdhVllIVEJnQnhKZDRFcnBvRWdfOXBUcEFzbTRfb0k2SWI3SVotNmlkbEwtUDh4RUdqd0VXTWRIcGR0aV9yam1SVUVpaFI5OHVEQ0h5YzVfY2cwcExjRTIzc1JiQVdETkJBbjVhcURKR1NwWDRmUFEybDloTERkLWl1a3NpbQ?oc=5\" target=\"_blank\" rel=\"nofollow noopener\">Polak trafi\u0142 do Las Vegas i spe\u0142ni\u0142 marzenia. Wystarczy\u0142o 20 sekund!<\/a>&nbsp;&nbsp;Przegl\u0105d Sportowy Onet<\/li>\n<li><a href=\"https:\/\/news.google.com\/rss\/articles\/CBMitwFBVV95cUxNVE9RaHpMVHBBbXhiY3V0cW1zdEtrYk1mOHBpRnFrY1ZvTHBMbnZXRmFFanBGSFBfTUZObWpNcEJ1V0pKdmZlVWE0X3o5enQxcWpxWXJJNTNyMUMzU3F5b3RwM2RQQmJXNVdCVVgtd01QcjZxVXhNaC11OWhXQnpKM3V3U0NOUi1YbzJfZ0hjc2RhR25PQW41YTZhcmJiaGplcHVlbEFnVGNhWkRNbEhkaUh0QmY0WUU?oc=5\" target=\"_blank\" rel=\"nofollow noopener\">O kt\u00f3rej walka B\u0142achowicz &#8211; Guskov? Gdzie ogl\u0105da\u0107? [UFC, TRANSMISJA NA \u017bYWO]<\/a>&nbsp;&nbsp;Sport w INTERIA.PL<\/li>\n<li><a href=\"https:\/\/news.google.com\/rss\/articles\/CBMifEFVX3lxTE9rZU1uMlM0bEFCMEpvQ3F0Q0tveUhxdkZDMVVkZUdFY1NGOVlKVnJPMkVWRWF4WHZWTDkxcDA3SmJ1N1VhUGR2YS1WcnJNTDVDaUZWLWJldEV5M2JZbGhRelJlbm1EaTBFbkxwcDVraFpadEJ0Ml9wM0l3bF8?oc=5\" target=\"_blank\" rel=\"nofollow noopener\">Powr\u00f3t po niespe\u0142na dziewi\u0119ciu miesi\u0105cach<\/a>&nbsp;&nbsp;OX.pl<\/li>\n<li><a href=\"https:\/\/news.google.com\/rss\/articles\/CBMisAFBVV95cUxPR0xrUkhtTkI0emFEaDU0LTR3eklHemVCY3FJbkMtRnc2NHRRMmZTTXZUQ3ZzTnZOeTEtSFlodmdFbFdtRnBVTzlQYkdXNHo1bjdIRVZVczU1Sk5HODNoRG5RSUl2VklnRVBDV2ZnR0NJVFMtSGtEMW03MUYzTVc1VWNMMGlDVG8tVGdYQklieDktWHJ1bGoxZ0pZckNRU2hhcWc4UHQ4VGZhNk5DajY0VA?oc=5\" target=\"_blank\" rel=\"nofollow noopener\">Rywal nie wytrzyma\u0142 na widok B\u0142achowicza. Sceny przed UFC [WIDEO]<\/a>&nbsp;&nbsp;Meczyki.pl<\/li>\n<\/ol>\n","protected":false},"excerpt":{"rendered":"Polecia\u0142a z partnerem do Las Vegas. To jego wielki dzie\u0144&nbsp;&nbsp;SportoweFakty Polak trafi\u0142 do Las Vegas i spe\u0142ni\u0142 marzenia.&hellip;\n","protected":false},"author":2,"featured_media":135919,"comment_status":"","ping_status":"","sticky":false,"template":"","format":"standard","meta":{"footnotes":""},"categories":[24],"tags":[28169,28170,28139,1255,42,38,40,39,41,6473,127,268,126,1256,4848,71],"class_list":{"0":"post-135918","1":"post","2":"type-post","3":"status-publish","4":"format-standard","5":"has-post-thumbnail","7":"category-sport","8":"tag-iwo-baraniewski","9":"tag-kinga-bak","10":"tag-las-vegas","11":"tag-mma","12":"tag-pl","13":"tag-poland","14":"tag-polish","15":"tag-polska","16":"tag-polski","17":"tag-sexy-wags","18":"tag-sport","19":"tag-sportowybar","20":"tag-sports","21":"tag-sporty-walki","22":"tag-ufc","23":"tag-usa"},"share_on_mastodon":{"url":"https:\/\/pubeurope.com\/@pl\/115672657908682632","error":""},"_links":{"self":[{"href":"https:\/\/www.europesays.com\/pl\/wp-json\/wp\/v2\/posts\/135918","targetHints":{"allow":["GET"]}}],"collection":[{"href":"https:\/\/www.europesays.com\/pl\/wp-json\/wp\/v2\/posts"}],"about":[{"href":"https:\/\/www.europesays.com\/pl\/wp-json\/wp\/v2\/types\/post"}],"author":[{"embeddable":true,"href":"https:\/\/www.europesays.com\/pl\/wp-json\/wp\/v2\/users\/2"}],"replies":[{"embeddable":true,"href":"https:\/\/www.europesays.com\/pl\/wp-json\/wp\/v2\/comments?post=135918"}],"version-history":[{"count":0,"href":"https:\/\/www.europesays.com\/pl\/wp-json\/wp\/v2\/posts\/135918\/revisions"}],"wp:featuredmedia":[{"embeddable":true,"href":"https:\/\/www.europesays.com\/pl\/wp-json\/wp\/v2\/media\/135919"}],"wp:attachment":[{"href":"https:\/\/www.europesays.com\/pl\/wp-json\/wp\/v2\/media?parent=135918"}],"wp:term":[{"taxonomy":"category","embeddable":true,"href":"https:\/\/www.europesays.com\/pl\/wp-json\/wp\/v2\/categories?post=135918"},{"taxonomy":"post_tag","embeddable":true,"href":"https:\/\/www.europesays.com\/pl\/wp-json\/wp\/v2\/tags?post=135918"}],"curies":[{"name":"wp","href":"https:\/\/api.w.org\/{rel}","templated":true}]}}