{"id":135951,"date":"2025-12-06T12:58:10","date_gmt":"2025-12-06T12:58:10","guid":{"rendered":"https:\/\/www.europesays.com\/pl\/135951\/"},"modified":"2025-12-06T12:58:10","modified_gmt":"2025-12-06T12:58:10","slug":"zatanczyly-pierwszy-raz-od-wystepu-w-tzg-a-teraz-oglaszaja-super-wiadomosc-przeglad-sportowy-onet","status":"publish","type":"post","link":"https:\/\/www.europesays.com\/pl\/135951\/","title":{"rendered":"Zata\u0144czy\u0142y pierwszy raz od wyst\u0119pu w &quot;TzG&quot;, a teraz og\u0142aszaj\u0105. &quot;Super wiadomo\u015b\u0107&quot; &#8211; Przegl\u0105d Sportowy Onet"},"content":{"rendered":"<ol>\n<li><a href=\"https:\/\/news.google.com\/rss\/articles\/CBMivwFBVV95cUxOQjA2Q1k2NVBVTmJYWGhsMFFIcmVBN3VrcmJSeGtPdU1aNEpybWRKUDZlSnJBN2VrZ1hYZGRXYTB5VlpVaW05SGFnVnZTbHdFRWVkNEE4V1kxSkxLelVGR1lsWk0tbU16Z05rN0JZclZ6N2FEMHBvdXFNLVkxVndaX0ZqVXdtbUVDWW9TcFFDQ055THNzX0s1ZGVDbG9VbWxpRDZzTEdfbHFoUGJsVWNsbHd4N0Rob3lEUERrZHFnbw?oc=5\" target=\"_blank\" rel=\"nofollow noopener\">Zata\u0144czy\u0142y pierwszy raz od wyst\u0119pu w &#8222;TzG&#8221;, a teraz og\u0142aszaj\u0105. &#8222;Super wiadomo\u015b\u0107&#8221;<\/a>&nbsp;&nbsp;Przegl\u0105d Sportowy Onet<\/li>\n<li><a href=\"https:\/\/news.google.com\/rss\/articles\/CBMirgFBVV95cUxPcXNfbV80blhZbF9UQTI2bWlnTlpROS10TTJ5YzkzS0IyeEw4UzJ6NWpadndaaUdlUm9qUXdVQ19uWEJJWUNOSzhJdVFEb09ETm10UVlEZ3FTN3NMMTZuRTZ6Q2Y1blZYS2VUM2xhbXo0Zld2UzFVR0tjeXFRQnM3eEZqSGx0eTFnZ1NpeWZSZGZWaGhvY2YtVjh4V0xxZlIzOHdycGVqRW5Bb2toRkE?oc=5\" target=\"_blank\" rel=\"nofollow noopener\">To ju\u017c oficjalne. Zillmann zamie\u015bci\u0142a wideo z Janj\u0105 Lesar i rado\u015bnie obwie\u015bci\u0142a<\/a>&nbsp;&nbsp;Pomponik.pl<\/li>\n<li><a href=\"https:\/\/news.google.com\/rss\/articles\/CBMiuAFBVV95cUxOVlJEbW1COElrNGxqUW1zOXV4cEZMYlJ2bm5SZU9mc0FfZjI3NGRBRWdsWmxLd0s2c1FxQWlaNmV6TTJSczh4X1dVQUNKdjJoTjBHLVN6RXR4eVRYaHQ0S0xoVEp6c1JTQ3RLRFJhYnlCa0ZmbWtrcGNBaVVlSm5ULTl6M2hObTZWcndxUDU3V2Z0UHk3cGllMXZFSGMzWC1DTUpMd002QlBFYlN6T2p3YjBwNDBVbUla?oc=5\" target=\"_blank\" rel=\"nofollow noopener\">Marianna Schreiber nie wytrzyma\u0142a. Mocne s\u0142owa o wyst\u0119pach w &#8222;Ta\u0144cu z Gwiazdami&#8221;. &#8222;Obrzydza mnie to&#8221;<\/a>&nbsp;&nbsp;Sport w INTERIA.PL<\/li>\n<li><a href=\"https:\/\/news.google.com\/rss\/articles\/CBMipwFBVV95cUxOUE5ZcFlwOEdWcDlpTkZsNmNFYkR5UDYta19Jby1sMEdHaFF2MU85RFBVRFREMFJIOG5yNmN2WWNVY2NGZXljLUxjNnFidWNTcW9peC1tZEhGNmEwYWQ0d1J0SlE5RTlFYW01cmNhZjNiRmNFaTVNclV6REVHT3RvcXVZMXJzbEhQWnJkS3I1Zm9BbmJmM1lzZ2taejZLMzJ1YWxIbWl0dw?oc=5\" target=\"_blank\" rel=\"nofollow noopener\">Julia Walczak po rozstaniu z Katarzyn\u0105 Zillmann. Tak sp\u0119dza samotny czas<\/a>&nbsp;&nbsp;Plejada<\/li>\n<li><a href=\"https:\/\/news.google.com\/rss\/articles\/CBMi4wFBVV95cUxNVEFyX0xJRkRqMTBBM0VFZjRfek5QYlh6bjB0OGtiOVZfbm0zMXJRMVd4OVo5bG9CSXNHMUxmVVNmM29sN3pWTHJqdEdfSDZaYmdHVkFvQjhPbTdkNUhVbUthQTVlaE9rS2d0ZjZMZWJpMDFrTW9wbmFoRU9oWGRBQkU3OUpLS3YzQl8zU21fYTh0MkYwc2hqOEtUSklYSXlja2hGODZ6R1lEcVpaTGpkX1JCSDNfYTVBTFBhblZvZlV4c25ieEh5Z2tBcTVWekt3cU4xVDhKN1hkZ3NNbnlUZDRiTQ?oc=5\" target=\"_blank\" rel=\"nofollow noopener\">Lesar odesz\u0142a od narzeczonego dla Zillmann?! Co za s\u0142owa!<\/a>&nbsp;&nbsp;Pudelek<\/li>\n<\/ol>\n","protected":false},"excerpt":{"rendered":"Zata\u0144czy\u0142y pierwszy raz od wyst\u0119pu w &#8222;TzG&#8221;, a teraz og\u0142aszaj\u0105. &#8222;Super wiadomo\u015b\u0107&#8221;&nbsp;&nbsp;Przegl\u0105d Sportowy Onet To ju\u017c oficjalne. Zillmann&hellip;\n","protected":false},"author":2,"featured_media":135952,"comment_status":"","ping_status":"","sticky":false,"template":"","format":"standard","meta":{"footnotes":""},"categories":[22],"tags":[122,67,3765,3561,11241,129,42,38,40,39,41,136,128,123,47,12898,130],"class_list":{"0":"post-135951","1":"post","2":"type-post","3":"status-publish","4":"format-standard","5":"has-post-thumbnail","7":"category-rozrywka","8":"tag-entertainment","9":"tag-intextvideo_splayer","10":"tag-janja_lesar","11":"tag-katarzyna_zillmann","12":"tag-kultura_lifestyle_","13":"tag-ofsajd","14":"tag-pl","15":"tag-poland","16":"tag-polish","17":"tag-polska","18":"tag-polski","19":"tag-ps_detal_new","20":"tag-psv2","21":"tag-rozrywka","22":"tag-screening_general","23":"tag-taniec","24":"tag-wiadomosci_sportowe"},"share_on_mastodon":{"url":"https:\/\/pubeurope.com\/@pl\/115672744128361052","error":""},"_links":{"self":[{"href":"https:\/\/www.europesays.com\/pl\/wp-json\/wp\/v2\/posts\/135951","targetHints":{"allow":["GET"]}}],"collection":[{"href":"https:\/\/www.europesays.com\/pl\/wp-json\/wp\/v2\/posts"}],"about":[{"href":"https:\/\/www.europesays.com\/pl\/wp-json\/wp\/v2\/types\/post"}],"author":[{"embeddable":true,"href":"https:\/\/www.europesays.com\/pl\/wp-json\/wp\/v2\/users\/2"}],"replies":[{"embeddable":true,"href":"https:\/\/www.europesays.com\/pl\/wp-json\/wp\/v2\/comments?post=135951"}],"version-history":[{"count":0,"href":"https:\/\/www.europesays.com\/pl\/wp-json\/wp\/v2\/posts\/135951\/revisions"}],"wp:featuredmedia":[{"embeddable":true,"href":"https:\/\/www.europesays.com\/pl\/wp-json\/wp\/v2\/media\/135952"}],"wp:attachment":[{"href":"https:\/\/www.europesays.com\/pl\/wp-json\/wp\/v2\/media?parent=135951"}],"wp:term":[{"taxonomy":"category","embeddable":true,"href":"https:\/\/www.europesays.com\/pl\/wp-json\/wp\/v2\/categories?post=135951"},{"taxonomy":"post_tag","embeddable":true,"href":"https:\/\/www.europesays.com\/pl\/wp-json\/wp\/v2\/tags?post=135951"}],"curies":[{"name":"wp","href":"https:\/\/api.w.org\/{rel}","templated":true}]}}