{"id":135958,"date":"2025-12-06T13:04:12","date_gmt":"2025-12-06T13:04:12","guid":{"rendered":"https:\/\/www.europesays.com\/pl\/135958\/"},"modified":"2025-12-06T13:04:12","modified_gmt":"2025-12-06T13:04:12","slug":"goncalo-feio-nie-lubi-opowiadac-bajek-nie-mozna-lekcewazyc-pogoni","status":"publish","type":"post","link":"https:\/\/www.europesays.com\/pl\/135958\/","title":{"rendered":"Goncalo Feio nie lubi opowiada\u0107 bajek. &#8222;Nie mo\u017cna lekcewa\u017cy\u0107 Pogoni&#8221;"},"content":{"rendered":"\n<p class=\"contentpart contentpart--default contentpart--text\" data-position=\"0\">Radomiak pod wodz\u0105 Goncalo Feio gra futbol atrakcyjny, skuteczny i &#8211; co najwa\u017cniejsze &#8211; regularnie punktuje.<\/p>\n<p class=\"contentpart contentpart--default contentpart--text\" data-position=\"1\">Trzy zwyci\u0119stwa w czterech meczach to wynik bardzo dobry, bo przecie\u017c zmiana w trakcie sezonu nie zawsze oznacza natychmiastowy progres.<\/p>\n<p> <img role=\"presentation\" src=\"https:\/\/std.wpcdn.pl\/images\/adv\/placeholder_wp.svg\" loading=\"lazy\" alt=\"\" decoding=\"async\"\/>  <\/p>\n<p class=\"contentpart contentpart--default contentpart--text\" data-position=\"2\">W sobot\u0119 &#8222;Zieloni&#8221; zako\u0144cz\u0105 gr\u0119 w 2025 roku przy okazji wyjazdowego meczu z Pogoni\u0105 Szczecin.<\/p>\n<p class=\"contentpart contentpart--default contentpart--text\" data-position=\"3\">&#8211; Gramy na bardzo trudnym terenie. W ostatnich latach Pogo\u0144 jest jedn\u0105 z najgro\u017aniejszych dru\u017cyn na w\u0142asnym boisku &#8211; m\u00f3wi\u0142 trener Feio na konferencji prasowej.<\/p>\n<p class=\"contentpart contentpart--default contentpart--text\" data-position=\"4\">Fakty: Pogo\u0144 jest w tym momencie na 11. miejscu w tabeli i traci do Radomiaka pi\u0119\u0107 punkt\u00f3w.<\/p>\n<p class=\"contentpart contentpart--default contentpart--text\" data-position=\"5\">ZOBACZ WIDEO: &#8222;Spr\u00f3bujcie go powstrzyma\u0107&#8221;. Z pi\u0142k\u0105 wyczynia cuda<\/p>\n<p class=\"contentpart contentpart--default contentpart--text\" data-position=\"7\">Feio by\u0142 delikatnie prowokowany przez jednego z dziennikarzy, by powiedzie\u0107 co\u015b negatywnego na Pogo\u0144, ale nie da\u0142 si\u0119 podpu\u015bci\u0107.<\/p>\n<p> <img role=\"presentation\" src=\"https:\/\/std.wpcdn.pl\/images\/adv\/placeholder_wp.svg\" loading=\"lazy\" alt=\"\" decoding=\"async\"\/>  <\/p>\n<p class=\"contentpart contentpart--default contentpart--text\" data-position=\"8\">&#8211; Jestem znany z tego, \u017ce cz\u0119sto m\u00f3wi\u0119 prawd\u0119 i cz\u0119sto jest ona niewygodna, a nie, \u017ce przyjd\u0119 k\u0142ama\u0107 i opowiada\u0107 bajki.\u00a0Pi\u0142ka no\u017cna jest zmienna, a Ekstraklasa to wyr\u00f3wnana liga. Jako trener mia\u0142em okazj\u0119 rywalizowa\u0107 z Pogoni\u0105 wiele razy i cho\u0107 zmieni\u0142 si\u0119 trener i jest tam wielu nowych pi\u0142karzy, to wiem, na co sta\u0107 ten zesp\u00f3\u0142. Pogoni w \u017caden spos\u00f3b nie mo\u017cna lekcewa\u017cy\u0107 &#8211; powiedzia\u0142 Feio.<\/p>\n<p class=\"contentpart contentpart--default contentpart--text\" data-position=\"9\">&#8211; To nie jest \u017cadna kurtuazja z mojej strony. Szacunek do rywala jest jednym z pierwszych element\u00f3w do tego, by si\u0119 dobrze przygotowa\u0107 do meczu.\u00a0To jest sport. Je\u017celi jeste\u015bmy lepsi, to zamiast o tym opowiada\u0107, poka\u017cmy to na boisku i nie pozostawmy w\u0105tpliwo\u015bci &#8211; podkre\u015bli\u0142 Portugalczyk.<\/p>\n<p class=\"contentpart contentpart--default contentpart--text\" data-position=\"10\">Radomiak uda\u0142 si\u0119 do Szczecina ju\u017c w czwartek. Do przejechania by\u0142o ponad 550 kilometr\u00f3w, wi\u0119c podr\u00f3\u017c zosta\u0142a roz\u0142o\u017cona na dwa dni, by jak najlepiej przygotowa\u0107 si\u0119 do tego meczu. Dru\u017cyna mia\u0142a nocleg w Opalenicy, sk\u0105d po treningu obra\u0142a ju\u017c kurs na Szczecin.<\/p>\n<p> <img role=\"presentation\" src=\"https:\/\/std.wpcdn.pl\/images\/adv\/placeholder_wp.svg\" loading=\"lazy\" alt=\"\" decoding=\"async\"\/>  <\/p>\n<p class=\"contentpart contentpart--default contentpart--text\" data-position=\"11\">Pocz\u0105tek meczu Pogo\u0144 Szczecin &#8211; Radomiak Radom w sobot\u0119 o godz. 14.45.<\/p>\n<p>Nasza relacja:<\/p>\n<p> <a href=\"https:\/\/sportowefakty.wp.pl\/pilka-nozna\/relacja-na-zywo\/168899\/pogon-szczecin-radomiak-radom-live\" class=\"box\" rel=\"nofollow noopener\" target=\"_blank\">  <\/p>\n<p>06.12.2025 14:45<\/p>\n<p>PKO Ekstraklasa<\/p>\n<p>    <img decoding=\"async\" src=\"https:\/\/www.europesays.com\/pl\/wp-content\/uploads\/2025\/12\/MDI0MS5wYiUoUjtgGgxvMGsKbzpcVWFmPBJ3cRpDdTx9CGIgUwA9aj5ALjdbWT0oZkQsNEZYeHEqCXQ2VEZ8dCwCfGdqTnh3fwB_.png\" alt=\"Pogo\u0144 Szczecin\" width=\"48\" height=\"48\" loading=\"lazy\"\/> <\/p>\n<p> Pogo\u0144 Szczecin <\/p>\n<p>    <img decoding=\"async\" src=\"https:\/\/www.europesays.com\/pl\/wp-content\/uploads\/2025\/12\/MjIyMi5wYgsoGztaGgxvHmtDbwBcVWFIPFt3SxpDdRJ9QWIaUwA9RD4JLg1bWT0GZg0sDkZYeF8sSC9bABYrWSxPe1hqTnpYfkt_.png\" alt=\"Radomiak Radom\" width=\"48\" height=\"48\" loading=\"lazy\"\/> <\/p>\n<p> Radomiak Radom <\/p>\n<p>   <\/a>  <\/p>\n","protected":false},"excerpt":{"rendered":"Radomiak pod wodz\u0105 Goncalo Feio gra futbol atrakcyjny, skuteczny i &#8211; co najwa\u017cniejsze &#8211; regularnie punktuje. Trzy zwyci\u0119stwa&hellip;\n","protected":false},"author":2,"featured_media":135959,"comment_status":"","ping_status":"","sticky":false,"template":"","format":"standard","meta":{"footnotes":""},"categories":[24],"tags":[1725,269,1724,42,1111,38,40,39,41,2167,127,126,2306,2307],"class_list":{"0":"post-135958","1":"post","2":"type-post","3":"status-publish","4":"format-standard","5":"has-post-thumbnail","7":"category-sport","8":"tag-goncalo-feio","9":"tag-pilka-nozna","10":"tag-pko-ekstraklasa","11":"tag-pl","12":"tag-pogon-szczecin","13":"tag-poland","14":"tag-polish","15":"tag-polska","16":"tag-polski","17":"tag-radomiak-radom","18":"tag-sport","19":"tag-sports","20":"tag-stadion-miejski-im-floriana-krygiera-w-szczecinie","21":"tag-szczecin"},"share_on_mastodon":{"url":"https:\/\/pubeurope.com\/@pl\/115672768210041358","error":""},"_links":{"self":[{"href":"https:\/\/www.europesays.com\/pl\/wp-json\/wp\/v2\/posts\/135958","targetHints":{"allow":["GET"]}}],"collection":[{"href":"https:\/\/www.europesays.com\/pl\/wp-json\/wp\/v2\/posts"}],"about":[{"href":"https:\/\/www.europesays.com\/pl\/wp-json\/wp\/v2\/types\/post"}],"author":[{"embeddable":true,"href":"https:\/\/www.europesays.com\/pl\/wp-json\/wp\/v2\/users\/2"}],"replies":[{"embeddable":true,"href":"https:\/\/www.europesays.com\/pl\/wp-json\/wp\/v2\/comments?post=135958"}],"version-history":[{"count":0,"href":"https:\/\/www.europesays.com\/pl\/wp-json\/wp\/v2\/posts\/135958\/revisions"}],"wp:featuredmedia":[{"embeddable":true,"href":"https:\/\/www.europesays.com\/pl\/wp-json\/wp\/v2\/media\/135959"}],"wp:attachment":[{"href":"https:\/\/www.europesays.com\/pl\/wp-json\/wp\/v2\/media?parent=135958"}],"wp:term":[{"taxonomy":"category","embeddable":true,"href":"https:\/\/www.europesays.com\/pl\/wp-json\/wp\/v2\/categories?post=135958"},{"taxonomy":"post_tag","embeddable":true,"href":"https:\/\/www.europesays.com\/pl\/wp-json\/wp\/v2\/tags?post=135958"}],"curies":[{"name":"wp","href":"https:\/\/api.w.org\/{rel}","templated":true}]}}