{"id":135999,"date":"2025-12-06T13:39:08","date_gmt":"2025-12-06T13:39:08","guid":{"rendered":"https:\/\/www.europesays.com\/pl\/135999\/"},"modified":"2025-12-06T13:39:08","modified_gmt":"2025-12-06T13:39:08","slug":"arka-gdynia-motor-lublin-relacja-na-zywo-przeglad-sportowy-onet","status":"publish","type":"post","link":"https:\/\/www.europesays.com\/pl\/135999\/","title":{"rendered":"Arka Gdynia &#8211; Motor Lublin [RELACJA NA \u017bYWO] &#8211; Przegl\u0105d Sportowy Onet"},"content":{"rendered":"<ol>\n<li><a href=\"https:\/\/news.google.com\/rss\/articles\/CBMisAFBVV95cUxQb2M0MjJzcW0ySVljZ2VFV3ZIX0QwdXpnZjBiU080M0V0MTVMNF9ZZEJSdXlDV1BIcWdRZFdnLWFYMkRCSnQ0bDY1N3B4VWdJNWR3clhqWTVWYlNpdlhZc3cwc3otR2pEekE1NkhHNlhwZGl3UUNsVmg2cFRLU0ZKLXFYMnNaMVJHTkdhUXB1RG1jdGhEWFNpT00wX3duQ3dqSG9uZ051S29iZy1TQmpTeA?oc=5\" target=\"_blank\" rel=\"nofollow noopener\">Arka Gdynia &#8211; Motor Lublin [RELACJA NA \u017bYWO]<\/a>&nbsp;&nbsp;Przegl\u0105d Sportowy Onet<\/li>\n<li><a href=\"https:\/\/news.google.com\/rss\/articles\/CBMilgFBVV95cUxOUnBvUy1rT0oyUTN3UjhzZzZvN0g3YVd3S0V4RkdnSWlGZ3lBQ3R5TEh6dDRNUXhXd0hnRGp0Smdqd2tnLUoxRHE2eEJTWkZhaXVSOHRJQWV5Z1BiaDE1WGNlMjA5UDlqWXpvVi1BWlVZMlhZNGxkcDh0Q1d2RVZjZE5WX2hPMEYyaElYMkh3SzQ1VDh2VVE?oc=5\" target=\"_blank\" rel=\"nofollow noopener\">Legia w strefie spadkowej! Arka ogra\u0142a Motor<\/a>&nbsp;&nbsp;Meczyki.pl<\/li>\n<li><a href=\"https:\/\/news.google.com\/rss\/articles\/CBMixgFBVV95cUxQZEluSVNMdzhEVUdiTlZJYXhpajlCS1k3MXNXYlBleEJCRlBfTTZLZk1aWGh1MDNNUF9fcXVPdTFtX2xIaEl4SFJXd0ZRVmdUT2VuUV8wb1ZkejJxT3V2SjBrUjlZdUpCeWt3Yk55bDdLRXA0N2lINjZ5S3NqNTM0RGxfQmoza19OejYxTTJ0QWZNQ3dkVXF5eGt1Ym1rMndmVGw1MkFMR2cwZXQyVE5UUGlGTXBvSDBMa1ZiREhzVEJUZjYtZGc?oc=5\" target=\"_blank\" rel=\"nofollow noopener\">Szok, Legia Warszawa w strefie spadkowej. Eksplozja rado\u015bci w Gdyni, jeden gol zadecydowa\u0142<\/a>&nbsp;&nbsp;Sport w INTERIA.PL<\/li>\n<li><a href=\"https:\/\/news.google.com\/rss\/articles\/CBMiywFBVV95cUxONjVGcHdvZ2tMSllscmhwV1JPb0NWQ2VURk5Dd1d1bVVsOGN6R2JITWE4bWR6S0p4QS1nNDNnUEJOb0RuNVhGTWZmZ1BLQ3N0TGE1OFgzSkV1cXMyWkN0eXBnS1Zycjkybm5FckhjN19nRnRfemxvTUtCTEdjM0J1b0s5RGlPaWhqUVlwR1luaXZwSTFyM3l2eVVTdVdZVlExYzk0ZW52V2VUYXFma1VzWlFaZjZjNUQxUG5zc1NqeTAwdWJTQTVTazFqRQ?oc=5\" target=\"_blank\" rel=\"nofollow noopener\">Arka kontra Motor. \u015aled\u017a mecz PKO BP Ekstraklasy! [NA \u017bYWO]<\/a>&nbsp;&nbsp;sport.tvp.pl<\/li>\n<li><a href=\"https:\/\/news.google.com\/rss\/articles\/CBMirwFBVV95cUxQc2JKMElqMGMyemZGbkNsUnMteFFZakoyNWNYMWJtVzNGcDRkNzZVeWZjX29kcmRzRjVSTUFjUEZmNS1aOWpYeU1jZHNyazdXSXR4MGkzUlFVNkVVMVpTTDhyeFhyMUhWVXdTd1MyVVk0N085NlBIRWx0SmZCNTJidGJYd01nWW9ZMWVFbGxCUXJ3M1FGNHRuS29xd3gxQzV0Vks5YU1QVzFuT083bW1Z?oc=5\" target=\"_blank\" rel=\"nofollow noopener\">Arka znalaz\u0142a spos\u00f3b na Motor. Zim\u0119 sp\u0119dzi poza stref\u0105 spadkow\u0105<\/a>&nbsp;&nbsp;SportoweFakty<\/li>\n<\/ol>\n","protected":false},"excerpt":{"rendered":"Arka Gdynia &#8211; Motor Lublin [RELACJA NA \u017bYWO]&nbsp;&nbsp;Przegl\u0105d Sportowy Onet Legia w strefie spadkowej! Arka ogra\u0142a Motor&nbsp;&nbsp;Meczyki.pl Szok,&hellip;\n","protected":false},"author":2,"featured_media":136000,"comment_status":"","ping_status":"","sticky":false,"template":"","format":"standard","meta":{"footnotes":""},"categories":[24],"tags":[2911,188,3625,948,42,38,40,39,41,136,128,4773,47,127,135,126],"class_list":{"0":"post-135999","1":"post","2":"type-post","3":"status-publish","4":"format-standard","5":"has-post-thumbnail","7":"category-sport","8":"tag-arka_gdynia","9":"tag-liveblog","10":"tag-motor_lublin","11":"tag-pilka_nozna","12":"tag-pl","13":"tag-poland","14":"tag-polish","15":"tag-polska","16":"tag-polski","17":"tag-ps_detal_new","18":"tag-psv2","19":"tag-puchar_polski","20":"tag-screening_general","21":"tag-sport","22":"tag-sport_sport","23":"tag-sports"},"share_on_mastodon":{"url":"https:\/\/pubeurope.com\/@pl\/115672905491190188","error":""},"_links":{"self":[{"href":"https:\/\/www.europesays.com\/pl\/wp-json\/wp\/v2\/posts\/135999","targetHints":{"allow":["GET"]}}],"collection":[{"href":"https:\/\/www.europesays.com\/pl\/wp-json\/wp\/v2\/posts"}],"about":[{"href":"https:\/\/www.europesays.com\/pl\/wp-json\/wp\/v2\/types\/post"}],"author":[{"embeddable":true,"href":"https:\/\/www.europesays.com\/pl\/wp-json\/wp\/v2\/users\/2"}],"replies":[{"embeddable":true,"href":"https:\/\/www.europesays.com\/pl\/wp-json\/wp\/v2\/comments?post=135999"}],"version-history":[{"count":0,"href":"https:\/\/www.europesays.com\/pl\/wp-json\/wp\/v2\/posts\/135999\/revisions"}],"wp:featuredmedia":[{"embeddable":true,"href":"https:\/\/www.europesays.com\/pl\/wp-json\/wp\/v2\/media\/136000"}],"wp:attachment":[{"href":"https:\/\/www.europesays.com\/pl\/wp-json\/wp\/v2\/media?parent=135999"}],"wp:term":[{"taxonomy":"category","embeddable":true,"href":"https:\/\/www.europesays.com\/pl\/wp-json\/wp\/v2\/categories?post=135999"},{"taxonomy":"post_tag","embeddable":true,"href":"https:\/\/www.europesays.com\/pl\/wp-json\/wp\/v2\/tags?post=135999"}],"curies":[{"name":"wp","href":"https:\/\/api.w.org\/{rel}","templated":true}]}}