{"id":136314,"date":"2025-12-06T17:33:08","date_gmt":"2025-12-06T17:33:08","guid":{"rendered":"https:\/\/www.europesays.com\/pl\/136314\/"},"modified":"2025-12-06T17:33:08","modified_gmt":"2025-12-06T17:33:08","slug":"fronty-wojny-kownacki-o-dronach-z-bydgoszczy-wiedzialem-o-problemach-juz-wczesniej","status":"publish","type":"post","link":"https:\/\/www.europesays.com\/pl\/136314\/","title":{"rendered":"&#8222;Fronty Wojny&#8221;. Kownacki o dronach z Bydgoszczy: wiedzia\u0142em o problemach ju\u017c wcze\u015bniej"},"content":{"rendered":"<p>W ostatnich miesi\u0105cach Onet <a href=\"https:\/\/wiadomosci.onet.pl\/kujawsko-pomorskie\/dron-z-bydgoszczy-mial-byc-przelomem-wojskowy-raport-nie-spelnia-wymagan\/1jz54mc\" id=\"5011a7d2-35c6-4457-8622-a0360fec12b7\" rel=\"nofollow noopener\" target=\"_blank\">opublikowa\u0142 seri\u0119 artyku\u0142\u00f3w dotycz\u0105cych dron\u00f3w dla wojska<\/a>, kt\u00f3re produkowane s\u0105 w Wojskowych Zak\u0142adach Lotniczych nr 2 (WZL2) w Bydgoszczy. Na podstawie wojskowego raportu, do kt\u00f3rego dotarli wsp\u00f3\u0142prowadz\u0105cy podcast &#8222;Fronty Wojny&#8221;, szczeg\u00f3\u0142owo opisano fatalny stan programu drona rozpoznawczego &#8222;Wizjer&#8221;.<\/p>\n<p>Z raportu wynika, \u017ce przyczyn\u0105 katastrof tych maszyn \u2014 z kt\u00f3rych najbardziej spektakularny by\u0142 upadek jednego z nich na samochody Poczty Polskiej w Inowroc\u0142awiu \u2014 by\u0142y powa\u017cne problemy techniczne. Chodzi m.in. o aplikacj\u0119 NSK (Naziemna Stacja Kontroli), kt\u00f3ra wielokrotnie si\u0119 zawiesza\u0142a, wymuszaj\u0105c ponowne uruchomienie. To za\u015b powodowa\u0142o utrat\u0119 kontroli nad lec\u0105cym dronem przez operator\u00f3w.<\/p>\n<p>Co gorsza, system &#8222;Wizjer&#8221;, kt\u00f3ry ma s\u0142u\u017cy\u0107 do cel\u00f3w rozpoznawczych, nie przekazuje informacji w czasie rzeczywistym. Dane trzeba zgrywa\u0107 na p\u0142yt\u0119 CD i przewozi\u0107 do dow\u00f3dztwa. System nie jest r\u00f3wnie\u017c kompatybilny z \u017cadnym z system\u00f3w dowodzenia stosowanych w Si\u0142ach Zbrojnych RP.<\/p>\n<p>W czasie, gdy ukrai\u0144scy \u017co\u0142nierze przenosz\u0105 drony w plecakach, &#8222;Wizjer&#8221; stworzony w WZL2 musi by\u0107 umieszczony w a\u017c 11 skrzyniach, a do przewiezienia ca\u0142ego zestawu potrzebny jest samoch\u00f3d ci\u0119\u017carowy.<\/p>\n<p>Po tekstach Onetu g\u0142os zabra\u0142 Bartosz Kownacki, pose\u0142 PiS z Bydgoszczy i by\u0142y wiceminister obrony. W dzienniku &#8222;Niezale\u017cna&#8221; stwierdzi\u0142, \u017ce &#8222;atak na Wizjera i cho\u0107 nie wprost na Orlika [kolejny z dron\u00f3w, konstruowany w WZL2 \u2014 przyp. red.], przypomina to samo, co swego czasu dzia\u0142o si\u0119 z karabinkiem Grot. Wtedy te\u017c Onet udowadnia\u0142, \u017ce nie ma sensu finansowa\u0107 tego projektu (\u2026)&#8221;.<\/p>\n<p>Edyta \u017bem\u0142a i Marcin Wyrwa\u0142 zaprosili wi\u0119c Bartosza Kownackiego do rozmowy w podca\u015bcie &#8222;Fronty Wojny&#8221;, by zapyta\u0107, czy polski przemys\u0142 mo\u017ce dostarcza\u0107 wojsku wadliwy sprz\u0119t, tylko dlatego, \u017ce jest faworyzowany przez polityk\u00f3w? I dlaczego ignorowane jest stanowisko armii przy tego typu przetargach?<\/p>\n<p class=\"Paragraph_desktopParagraph__U31Gm\">Wyrwa\u0142 na pocz\u0105tku zapyta\u0142 wprost, dlaczego by\u0142y wiceminister obrony uwa\u017ca, \u017ce dziennikarze Onetu chc\u0105 deprecjonowa\u0107 drona &#8222;Wizjer&#8221;.<\/p>\n<p class=\"Paragraph_desktopParagraph__U31Gm\">\u2014 Nie chcia\u0142bym nikogo obrazi\u0107, ale od czas\u00f3w bycia w Ministerstwie Obrony Narodowej widz\u0119 pewn\u0105 prawid\u0142owo\u015b\u0107: wielu dziennikarzy pisz\u0105cych o sektorze zbrojeniowym, pisze akurat to, co im kto\u015b przyni\u00f3s\u0142. Czasem robi to bezrefleksyjnie, a czasem dlatego, \u017ce pojechali na wyjazd do Francji, Hiszpanii, Szwecji. Potem pisz\u0105 artyku\u0142y tylko po to, \u017ceby na przyk\u0142ad skorzysta\u0142a na tym w ten czy inny spos\u00f3b konkurencja przy du\u017cych przetargach \u2014 powiedzia\u0142 Kownacki, nazywaj\u0105c to &#8222;mi\u0119kkim lobbingiem&#8221;.<\/p>\n<p class=\"Paragraph_desktopParagraph__U31Gm\">\u017bem\u0142a przyzna\u0142a, \u017ce wie, i\u017c taka praktyka ma miejsce. Doda\u0142a jednak, \u017ce mimo wielu zaprosze\u0144 od r\u00f3\u017cnych firm zbrojeniowych na tego typu wyjazdy, nigdy z nich nie skorzysta\u0142a. R\u00f3wnie\u017c Wyrwa\u0142 potwierdzi\u0142, \u017ce nigdy nie przyj\u0105\u0142 zaproszenia na tego typu wyjazd. W tym miejscu Kownacki ujawni\u0142, \u017ce takie zaproszenia od koncern\u00f3w zbrojeniowych kierowane s\u0105 r\u00f3wnie\u017c do polityk\u00f3w.<\/p>\n<p class=\"Paragraph_desktopParagraph__U31Gm\">\u2014 Koledzy z Francji proponowali mi takie wyjazdy i mo\u017cliwo\u015b\u0107 robienia kariery biznesowej, naukowej lub innej \u2014 doda\u0142.<\/p>\n<p>Pose\u0142 w obronie fabryki z okr\u0119gu <\/p>\n<p class=\"Paragraph_desktopParagraph__U31Gm\">Marcin Wyrwa\u0142 zapyta\u0142 jednak, czy fakt, \u017ce go\u015b\u0107 &#8222;Front\u00f3w Wojny&#8221; jest pos\u0142em ziemi bydgoskiej, nie powoduje, i\u017c staje si\u0119 stronniczy w obronie zak\u0142ad\u00f3w zbrojeniowych ze swojego okr\u0119gu wyborczego.<\/p>\n<p class=\"Paragraph_desktopParagraph__U31Gm\">\u2014 Rzeczywi\u015bcie zale\u017ca\u0142o mi na zak\u0142adach bydgoskich, na tym, \u017ceby si\u0119 rozwija\u0142y, \u017ceby by\u0142y dobre. Do dzi\u015b mi zale\u017cy. Kiedy s\u0142ysz\u0119, \u017ce WZL2 mog\u0105 przesta\u0107 funkcjonowa\u0107, \u017ce mog\u0105 by\u0107 zamkni\u0119te, mog\u0105 zbankrutowa\u0107, to abstrahuj\u0105c od kwestii bezpiecze\u0144stwa pa\u0144stwa, mi jako pos\u0142owi tej ziemi, zale\u017cy na tym, by tak si\u0119 nie sta\u0142o \u2014 przyzna\u0142 Kownacki.<\/p>\n<p class=\"Paragraph_desktopParagraph__U31Gm\">Dziennikarze zapytali, dlaczego mimo pot\u0119\u017cnego wsparcia politycznego, zak\u0142ady w Bydgoszczy nie s\u0105 w stanie wyprodukowa\u0107 sprz\u0119tu, kt\u00f3rego potrzebuje armia. Przypomnieli, \u017ce ju\u017c w 2016 r. Kownacki, jako wiceszef MON, og\u0142osi\u0142 powstanie Centrum Kompetencyjnego Bezza\u0142ogowych Statk\u00f3w Powietrznych na bazie WZL nr 2.<\/p>\n<p class=\"Paragraph_desktopParagraph__U31Gm\">Wojsko dron\u00f3w jednak do dzi\u015b nie dosta\u0142o.<\/p>\n<p><img decoding=\"async\" class=\"Image_image__0tuHp Image_autoHeight__f2n87 \" height=\"587\" width=\"880\" src=\"https:\/\/www.europesays.com\/pl\/wp-content\/uploads\/2025\/12\/C3Gk9kpTURBXy9iMGVlY2M2MTE3OTM0ZTdkMDA5MDI5NTA2ZjRhMDBkZS5qcGeSlQLNA6wAwsOVAgDNAkvCw94AA6EwAaExAaEzw.jpeg\" alt=\"Bartosz Kownacki\" loading=\"lazy\" \/>Piotr Nowak \/ PAP<\/p>\n<p>Bartosz Kownacki<\/p>\n<p>Audyt by\u0142 mia\u017cd\u017c\u0105cy <\/p>\n<p class=\"Paragraph_desktopParagraph__U31Gm\">W 2021 r. w WZL2 pojawi\u0142a si\u0119 za to czteroosobowa grupa kontroler\u00f3w z Polskiej Grupy Zbrojeniowej (PGZ). Audyt zlecony przez prezesa PGZ Sebastiana Chwa\u0142ka trwa\u0142 dwa miesi\u0105ce. Sprawozdanie, oceniaj\u0105ce wydawanie pieni\u0119dzy w bydgoskiej sp\u00f3\u0142ce w latach 2019-2021, by\u0142o mia\u017cd\u017c\u0105ce. Jeden z punkt\u00f3w brzmia\u0142: &#8222;Skala nieprawid\u0142owo\u015bci i zaniecha\u0144 wymaga podj\u0119cia zdecydowanych dzia\u0142a\u0144 naprawczych, w tym tak\u017ce kadrowych&#8221;.<\/p>\n<p class=\"Paragraph_desktopParagraph__U31Gm\">Suchej nitki audytorzy nie zostawili tak\u017ce na realizacji programu &#8222;Orlik&#8221;, kt\u00f3ry mia\u0142 by\u0107 dronem klasy taktycznej kr\u00f3tkiego zasi\u0119gu. Umowa z MON o warto\u015bci prawie 800 mln z\u0142 obejmowa\u0142a dostaw\u0119 o\u015bmiu zestaw\u00f3w w latach 2021-2023. Ju\u017c cztery lata temu audytorzy z PGZ wskazali na op\u00f3\u017anienie programu oraz problemy konstrukcyjne, techniczne i systemowe wady &#8222;Orlik\u00f3w&#8221;.<\/p>\n<p>Kownacki: Dlaczego Wizjer lata\u0142 w Inowroc\u0142awiu? <\/p>\n<p class=\"Paragraph_desktopParagraph__U31Gm\">Kownacki, zapytany o dzia\u0142ania nadzorcze, przypomnia\u0142, \u017ce z resortu obrony odszed\u0142 w 2018 r. Problem w tym, co zauwa\u017cyli dziennikarze, \u017ce dzi\u015b pose\u0142 Kownacki, b\u0119d\u0105c w opozycji, jako pierwszy poinformowa\u0142 publicznie o ogromnych k\u0142opotach z dronem &#8222;Wizjer&#8221; i wielu katastrofach z udzia\u0142em tego sprz\u0119tu. Kownacki przyzna\u0142, \u017ce dowiedzia\u0142 si\u0119 o tym od pracownik\u00f3w bydgoskich zak\u0142ad\u00f3w.<\/p>\n<p class=\"Paragraph_desktopParagraph__U31Gm\">\u2014 Rozumiej\u0105 pa\u0144stwo, \u017ce to jest ziemia bydgoska i je\u015bli s\u0142ysz\u0119, \u017ce nie wszystko w zak\u0142adzie jest w porz\u0105dku, to mog\u0119 si\u0119 niepokoi\u0107. Miesi\u0105c p\u00f3\u017aniej dochodzi do powa\u017cnej katastrofy w Inowroc\u0142awiu z udzia\u0142em tego drona. Zastanawiaj\u0105ce jest to, sk\u0105d w og\u00f3le Wizjer si\u0119 tam wzi\u0105\u0142? Dlaczego lata\u0142 na lotnisku w Inowroc\u0142awiu, a nie na poligonie \u2014 pyta Kownacki.<\/p>\n<p class=\"Paragraph_desktopParagraph__U31Gm\">Jednocze\u015bnie zasugerowa\u0142, \u017ce mo\u017ce komu\u015b chodzi o to, aby wok\u00f3\u0142 dron\u00f3w z Bydgoszczy stworzy\u0107 z\u0142\u0105 atmosfer\u0119, by wojsko ich nie zam\u00f3wi\u0142o.<\/p>\n<p>Frustracja \u017co\u0142nierzy <\/p>\n<p class=\"Paragraph_desktopParagraph__U31Gm\">\u2014 Nie mam pretensji do dziennikarzy Onetu, \u017ce opisuj\u0105 nieprawid\u0142owo\u015bci zwi\u0105zane z tym sprz\u0119tem. To jest wasza praca, ale kto\u015b celowo przekaza\u0142 wam te dokumenty. Na przyk\u0142ad konkurencja, kt\u00f3ra chce przej\u0105\u0107 ten kontrakt \u2014 sugeruje Kownacki.<\/p>\n<p class=\"Paragraph_desktopParagraph__U31Gm\">Ta wypowied\u017a spotka\u0142a si\u0119 z protestem dziennikarzy. Marcin Wyrwa\u0142 przypomnia\u0142, \u017ce przede wszystkim zar\u00f3wno on jak i jego kole\u017canka maj\u0105 rozbudowane kontakty w wojsku, wi\u0119c zdobycie tego rodzaju dokumentu nie jest dla nich specjalnym problemem. Podkre\u015bli\u0142 jednak jeszcze jedn\u0105 rzecz: w ogromnym stopniu motywacj\u0105 wojskowych, kt\u00f3rzy zwracaj\u0105 si\u0119 do dziennikarzy jest ich frustracja tym, bo si\u0119 dzieje w strukturach armii. W tym przypadku to w\u0142a\u015bnie frustracja \u017co\u0142nierzy spowodowana \u015bwiadomo\u015bci\u0105 tego, jaki sprz\u0119t trafia do armii, mia\u0142a wiele wsp\u00f3lnego z ujawnieniem raportu.<\/p>\n<p class=\"Paragraph_desktopParagraph__U31Gm\">\u2014 Tu jest problem \u2014 przyzna\u0142 Kownacki. \u2014 Je\u017celi chodzi o Wizjera, to wiedzia\u0142em o problemach ju\u017c du\u017co wcze\u015bniej. Naprawd\u0119 d\u0142ugo si\u0119 zastanawia\u0142em, czy warto p\u00f3j\u015b\u0107 do WZL2 z kontrol\u0105 poselsk\u0105 i czy warto ten temat nag\u0142a\u015bnia\u0107, bo mia\u0142em te\u017c \u015bwiadomo\u015b\u0107 tej drugiej strony medalu, \u017ce kto\u015b to mo\u017ce wykorzysta\u0107 przeciwko zak\u0142adowi.<\/p>\n<p class=\"Paragraph_desktopParagraph__U31Gm\">Dziennikarze zauwa\u017cyli, \u017ce tego typu dylematy mo\u017ce mie\u0107 pose\u0142 reprezentuj\u0105cy region, w kt\u00f3rym ulokowane s\u0105 pa\u0144stwowe zak\u0142ady. Jednak dziennikarz powinien by\u0107 ponadto, poniewa\u017c w sprz\u0119t, kt\u00f3ry nie spe\u0142nia wymog\u00f3w wojska, przez lata wpompowywane by\u0142y ogromne \u015brodki z kieszeni podatnik\u00f3w.<\/p>\n<p class=\"Paragraph_desktopParagraph__U31Gm\">Kownacki, odbijaj\u0105c pi\u0142eczk\u0119, odpar\u0142, \u017ce projekty wojskowe na ca\u0142ym \u015bwiecie poch\u0142aniaj\u0105 ogromne pieni\u0105dze i nie zawsze ko\u0144cz\u0105 si\u0119 sukcesem.<\/p>\n<p>Prezesi zmieniali si\u0119 jak w kalejdoskopie <\/p>\n<p class=\"Paragraph_desktopParagraph__U31Gm\">\u017bem\u0142a przypomnia\u0142a, \u017ce sp\u00f3\u0142ki zbrojeniowe zwykle s\u0105 \u0142upem politycznym, a intratne stanowiska s\u0105 w nich obsadzane przez ludzi partii, kt\u00f3ra aktualnie sprawuje w\u0142adz\u0119. Zapyta\u0142a wi\u0119c Kownackiego, czy proponuj\u0105c stworzenie na bazie WZL2 centrum dronowego, sprawdzi\u0142, czy s\u0105 tam odpowiednio przygotowane kadry i racjonalne plany rozwoju?<\/p>\n<p class=\"Paragraph_desktopParagraph__U31Gm\">\u2014 Ten zak\u0142ad zupe\u0142nie inaczej wygl\u0105da dzi\u015b czy dwa lata temu, ni\u017c wygl\u0105da\u0142 w 2016 r., kiedy ja by\u0142em wiceminister obrony narodowej. Tam by\u0142a garstka fanatyk\u00f3w, kt\u00f3ra my\u015bla\u0142a o dronach. Zak\u0142ad wtedy dopiero t\u0119 kompetencj\u0119 budowa\u0142. Nawet trudno by\u0142o wtedy nazwa\u0107 WZL2 manufaktur\u0105, bo nawet tym nie by\u0142y. Od tego trzeba by\u0142o zacz\u0105\u0107. Tego si\u0119 nie da zrobi\u0107 szybko \u2014 stwierdzi\u0142 Kownacki, dodaj\u0105c, \u017ce jeszcze za PiS-u, prezes tych zak\u0142ad\u00f3w straci\u0142 stanowisko m.in. dlatego, \u017ce nie poradzi\u0142 sobie z programem dronowym.<\/p>\n<p class=\"Paragraph_desktopParagraph__U31Gm\">Dziennikarze zauwa\u017cyli, \u017ce p\u00f3\u017aniej prezesi zak\u0142ad\u00f3w w Bydgoszczy zmieniali si\u0119 jak w kalejdoskopie, a efekty s\u0105 takie, \u017ce dron\u00f3w dla wojska ta firma nie jest w stanie zbudowa\u0107, lecz ca\u0142y czas czeka na kolejny aneks i kolejne pieni\u0105dze z bud\u017cetu pa\u0144stwa.<\/p>\n","protected":false},"excerpt":{"rendered":"W ostatnich miesi\u0105cach Onet opublikowa\u0142 seri\u0119 artyku\u0142\u00f3w dotycz\u0105cych dron\u00f3w dla wojska, kt\u00f3re produkowane s\u0105 w Wojskowych Zak\u0142adach Lotniczych&hellip;\n","protected":false},"author":2,"featured_media":136315,"comment_status":"","ping_status":"","sticky":false,"template":"","format":"standard","meta":{"footnotes":""},"categories":[16],"tags":[56,113,112,2949,66,67,53,52,68,51,55,42,38,40,39,41,47,50,26],"class_list":{"0":"post-136314","1":"post","2":"type-post","3":"status-publish","4":"format-standard","5":"has-post-thumbnail","7":"category-biznes","8":"tag-article_premium","9":"tag-biznes","10":"tag-business","11":"tag-fronty_wojny_podcast","12":"tag-give_me_perspective","13":"tag-intextvideo_splayer","14":"tag-new_header","15":"tag-onet3","16":"tag-onet3d","17":"tag-onet3d_2i","18":"tag-phx","19":"tag-pl","20":"tag-poland","21":"tag-polish","22":"tag-polska","23":"tag-polski","24":"tag-screening_general","25":"tag-v2021","26":"tag-wiadomosci"},"share_on_mastodon":{"url":"https:\/\/pubeurope.com\/@pl\/115673825907130835","error":""},"_links":{"self":[{"href":"https:\/\/www.europesays.com\/pl\/wp-json\/wp\/v2\/posts\/136314","targetHints":{"allow":["GET"]}}],"collection":[{"href":"https:\/\/www.europesays.com\/pl\/wp-json\/wp\/v2\/posts"}],"about":[{"href":"https:\/\/www.europesays.com\/pl\/wp-json\/wp\/v2\/types\/post"}],"author":[{"embeddable":true,"href":"https:\/\/www.europesays.com\/pl\/wp-json\/wp\/v2\/users\/2"}],"replies":[{"embeddable":true,"href":"https:\/\/www.europesays.com\/pl\/wp-json\/wp\/v2\/comments?post=136314"}],"version-history":[{"count":0,"href":"https:\/\/www.europesays.com\/pl\/wp-json\/wp\/v2\/posts\/136314\/revisions"}],"wp:featuredmedia":[{"embeddable":true,"href":"https:\/\/www.europesays.com\/pl\/wp-json\/wp\/v2\/media\/136315"}],"wp:attachment":[{"href":"https:\/\/www.europesays.com\/pl\/wp-json\/wp\/v2\/media?parent=136314"}],"wp:term":[{"taxonomy":"category","embeddable":true,"href":"https:\/\/www.europesays.com\/pl\/wp-json\/wp\/v2\/categories?post=136314"},{"taxonomy":"post_tag","embeddable":true,"href":"https:\/\/www.europesays.com\/pl\/wp-json\/wp\/v2\/tags?post=136314"}],"curies":[{"name":"wp","href":"https:\/\/api.w.org\/{rel}","templated":true}]}}