{"id":136326,"date":"2025-12-06T17:41:07","date_gmt":"2025-12-06T17:41:07","guid":{"rendered":"https:\/\/www.europesays.com\/pl\/136326\/"},"modified":"2025-12-06T17:41:07","modified_gmt":"2025-12-06T17:41:07","slug":"wojna-o-ukraine-chetni-i-zelenski-stawia-sie-w-londynie","status":"publish","type":"post","link":"https:\/\/www.europesays.com\/pl\/136326\/","title":{"rendered":"Wojna o Ukrain\u0119. Ch\u0119tni i Ze\u0142enski stawi\u0105 si\u0119 w Londynie"},"content":{"rendered":"\n<p>&#13;<br \/>\nW sobot\u0119 prezydent Francji Macron opublikowa\u0142 wpis, w\u00a0kt\u00f3rym zapowiedzia\u0142 spotkanie w\u00a0Londynie z\u00a0kanclerzem Merzem, premierem Starmerem i\u00a0prezydentem Ze\u0142enskim. &#13;\n<\/p>\n<p>&#13;<br \/>\nNa pocz\u0105tku swojego wpisu oceni\u0142, \u017ce\u00a0w\u0142adze Federacji Rosyjskiej stosuj\u0105 strategi\u0119 eskalacyjn\u0105 i\u00a0nie d\u0105\u017c\u0105 do\u00a0zawarcia pokoju. &#8222;Pot\u0119piam najostrzej jak to\u00a0mo\u017cliwe masowe <a href=\"https:\/\/dorzeczy.pl\/swiat\/815801\/rosja-zaatakowala-kijow-alarm-powietrzny-na-terenie-calej-ukrainy.html\" rel=\"nofollow noopener\" target=\"_blank\">ataki, kt\u00f3re mia\u0142y miejsce wczoraj wieczorem na\u00a0Ukrainie<\/a>, w\u00a0szczeg\u00f3lno\u015bci ataki na\u00a0jej infrastruktur\u0119 energetyczn\u0105 i\u00a0kolejow\u0105&#8221; \u2013\u00a0napisa\u0142. &#13;\n<\/p>\n<p>&#13;<br \/>\nTo, co\u00a0francuska g\u0142owa pa\u0144stwa postuluje, to\u00a0dalsze &#8222;wywieranie presji na\u00a0Rosj\u0119, aby\u00a0zmusi\u0107 j\u0105 do\u00a0zawarcia pokoju&#8221;. &#13;\n<\/p>\n<p>Koalicja ch\u0119tnych spotka si\u0119 z\u00a0Ze\u0142enskim w\u00a0Londynie <\/p>\n<p>&#13;<br \/>\nMacron poinformowa\u0142, \u017ce\u00a0w\u00a0poniedzia\u0142ek uda si\u0119 z\u00a0wizyt\u0105 do\u00a0Londynu, gdzie spotka si\u0119 z\u00a0prezydentem Ukrainy, premierem Wielkiej Brytanii i\u00a0kanclerzem Niemiec, &#8222;aby wsp\u00f3lnie oceni\u0107 sytuacj\u0119 i\u00a0trwaj\u0105ce negocjacje w\u00a0ramach mediacji ameryka\u0144skiej&#8221;. &#13;\n<\/p>\n<p>&#13;<br \/>\n&#8222;Ukraina mo\u017ce liczy\u0107 na\u00a0nasze niezachwiane wsparcie. W\u0142a\u015bnie na\u00a0tym polegaj\u0105 wysi\u0142ki, kt\u00f3re podj\u0119li\u015bmy w\u00a0ramach Koalicji Ch\u0119tnych. B\u0119dziemy kontynuowa\u0107 te\u00a0wysi\u0142ki wraz z\u00a0Amerykanami, aby\u00a0zapewni\u0107 Ukrainie gwarancje bezpiecze\u0144stwa, bez kt\u00f3rych nie\u00a0ma\u00a0silnego i\u00a0trwa\u0142ego pokoju. Poniewa\u017c na\u00a0Ukrainie stawk\u0105 jest r\u00f3wnie\u017c bezpiecze\u0144stwo ca\u0142ej Europy&#8221; \u2013\u00a0czytamy we\u00a0wpisie prezydenta Francji na\u00a0X. &#13;\n<\/p>\n<p>&#13;<br \/>\nObecno\u015b\u0107 w\u00a0stolicy Wielkiej Brytanii potwierdzi\u0142 ju\u017c Wo\u0142odymyr Ze\u0142enski. &#13;\n<\/p>\n<p>Wojna o\u00a0Ukrain\u0119. Rozmowy Putin-Witkoff na\u00a0Kremlu <\/p>\n<p>&#13;<br \/>\n2 grudnia w\u00a0Moskwie odby\u0142y si\u0119 rozmowy delegacji USA i\u00a0Rosji na\u00a0temat planu pokojowego maj\u0105cego zako\u0144czy\u0107 wojn\u0119 Rosji z\u00a0Ukrain\u0105. Na\u00a0czele delegacji ameryka\u0144skiej stan\u0105\u0142 specjalny wys\u0142annik prezydenta Trumpa Steve Witkoff, za\u015b\u00a0delegacji Federacji Rosyjskiej przewodzi\u0142 W\u0142adimir Putin. Z\u00a0prezydentem Rosji byli doradca Jurij Uszakow i\u00a0specjalny przedstawiciel ds. inwestycji i\u00a0wsp\u00f3\u0142pracy gospodarczej z\u00a0zagranic\u0105 Kiri\u0142\u0142 Dmitrijew. &#13;\n<\/p>\n<p>&#13;<br \/>\nPo rozmowach Uszakow o\u015bwiadczy\u0142, \u017ce\u00a0trwa\u0142y one pi\u0119\u0107 godzin. Wskaza\u0142, \u017ce\u00a0&#8222;na przebieg i\u00a0charakter negocjacji mia\u0142y wp\u0142yw sukcesy ostatnich tygodni na\u00a0polu bitwy&#8221;. Pertraktacje ze\u00a0stron\u0105 ameryka\u0144sk\u0105 oceni\u0142 jako &#8222;pozytywne&#8221;. Doradca Putina wyrazi\u0142 nadziej\u0119 na\u00a0to, \u017ce\u00a0Kij\u00f3w i\u00a0jego europejscy sojusznicy r\u00f3wnie\u017c przyjm\u0105 to, co\u00a0okre\u015bli\u0142 jako &#8222;bardziej wywa\u017cone podej\u015bcie i\u00a0postrzeganie tego, co\u00a0si\u0119 dzieje&#8221;. &#13;\n<\/p>\n<p>&#13;<br \/>\n\u2013 Omawiali\u015bmy szczeg\u00f3\u0142owo kwestie terytorialne, bez kt\u00f3rych, naszym zdaniem, nie\u00a0da si\u0119 rozwi\u0105za\u0107 kryzysu. Oczywi\u015bcie rozmawiali\u015bmy r\u00f3wnie\u017c o\u00a0szerokich perspektywach przysz\u0142ej wsp\u00f3\u0142pracy gospodarczej mi\u0119dzy naszymi krajami \u2013\u00a0powiedzia\u0142 Uszakow. &#13;\n<\/p>\n<p>&#13;<br \/>\nRzecznik prezydenta Rosji Dmitrij Pieskow powiedzia\u0142, \u017ce\u00a0strona rosyjska zaakceptowa\u0142a pewne elementy, a\u00a0inne zosta\u0142y odrzuci\u0142a, co\u00a0jak nadmieni\u0142, jest normalne w\u00a0procesie negocjacji. Prace b\u0119d\u0105 kontynuowane. <a href=\"https:\/\/dorzeczy.pl\/swiat\/813450\/rozmowy-pokojowe-putin-oczekuje-witkoffa-i-delegacja-usa.html\" rel=\"nofollow noopener\" target=\"_blank\">Pieskow ponownie podkre\u015bli\u0142<\/a>, \u017ce\u00a0Moskwa nie\u00a0b\u0119dzie komentowa\u0107 przebiegu dalszych rozm\u00f3w, poniewa\u017c w\u00f3wczas b\u0119d\u0105 bardziej produktywne. &#13;\n<\/p>\n<p>&#13;<br \/>\nCzytaj te\u017c:<br \/><a href=\"https:\/\/dorzeczy.pl\/swiat\/816038\/maea-powloka-ochronna-w-czarnobylu-uszkodzona-po-ataku-rosyjskiego-drona.html\" rel=\"follow nofollow noopener\" data-schema=\"DORZECZY\" data-image=\"https:\/\/img.dorzeczy.pl\/_thumb\/e6\/be\/ca85b13e760bde15f149d1600a05.jpeg\" target=\"_blank\">Os\u0142ona w\u00a0Czarnobylu uszkodzona. Eksperci MAEA bij\u0105 na\u00a0alarm<\/a>Czytaj te\u017c:<br \/><a href=\"https:\/\/dorzeczy.pl\/opinie\/815948\/ostatnie-wybory-przed-wojna-orban-o-planach-europy.html\" rel=\"follow nofollow noopener\" data-schema=\"DORZECZY\" data-image=\"https:\/\/img.dorzeczy.pl\/_thumb\/ff\/cd\/4bed39a25d5bc1533d5d5fa0563c.jpeg\" target=\"_blank\">Orban: To\u00a0jedyne pytanie w\u00a0obliczu przygotowa\u0144 Europy do\u00a0wojny<\/a>&#13;<\/p>\n","protected":false},"excerpt":{"rendered":"&#13; W sobot\u0119 prezydent Francji Macron opublikowa\u0142 wpis, w\u00a0kt\u00f3rym zapowiedzia\u0142 spotkanie w\u00a0Londynie z\u00a0kanclerzem Merzem, premierem Starmerem i\u00a0prezydentem Ze\u0142enskim.&hellip;\n","protected":false},"author":2,"featured_media":136327,"comment_status":"","ping_status":"","sticky":false,"template":"","format":"standard","meta":{"footnotes":""},"categories":[14],"tags":[32,33,98,111,27,16988,34,35,2782,3851,28,31,25,103,102,40,41,600,87,80,29,30,415,26,14957,892,82,83,84,850],"class_list":{"0":"post-136326","1":"post","2":"type-post","3":"status-publish","4":"format-standard","5":"has-post-thumbnail","7":"category-swiat","8":"tag-breaking-news","9":"tag-breakingnews","10":"tag-dorzeczy","11":"tag-grzegorz-grzymowicz","12":"tag-headlines","13":"tag-koalicja-chetnych","14":"tag-latest-news","15":"tag-latestnews","16":"tag-londyn","17":"tag-macron","18":"tag-naglowki","19":"tag-najwazniejsze-artykuly","20":"tag-news","21":"tag-obserwator-mediow","22":"tag-opinie","23":"tag-polish","24":"tag-polski","25":"tag-putin","26":"tag-rosja","27":"tag-swiat","28":"tag-top-stories","29":"tag-topstories","30":"tag-ukraina","31":"tag-wiadomosci","32":"tag-witkoff","33":"tag-wojna","34":"tag-world","35":"tag-world-news","36":"tag-worldnews","37":"tag-zelenski"},"share_on_mastodon":{"url":"https:\/\/pubeurope.com\/@pl\/115673857155752919","error":""},"_links":{"self":[{"href":"https:\/\/www.europesays.com\/pl\/wp-json\/wp\/v2\/posts\/136326","targetHints":{"allow":["GET"]}}],"collection":[{"href":"https:\/\/www.europesays.com\/pl\/wp-json\/wp\/v2\/posts"}],"about":[{"href":"https:\/\/www.europesays.com\/pl\/wp-json\/wp\/v2\/types\/post"}],"author":[{"embeddable":true,"href":"https:\/\/www.europesays.com\/pl\/wp-json\/wp\/v2\/users\/2"}],"replies":[{"embeddable":true,"href":"https:\/\/www.europesays.com\/pl\/wp-json\/wp\/v2\/comments?post=136326"}],"version-history":[{"count":0,"href":"https:\/\/www.europesays.com\/pl\/wp-json\/wp\/v2\/posts\/136326\/revisions"}],"wp:featuredmedia":[{"embeddable":true,"href":"https:\/\/www.europesays.com\/pl\/wp-json\/wp\/v2\/media\/136327"}],"wp:attachment":[{"href":"https:\/\/www.europesays.com\/pl\/wp-json\/wp\/v2\/media?parent=136326"}],"wp:term":[{"taxonomy":"category","embeddable":true,"href":"https:\/\/www.europesays.com\/pl\/wp-json\/wp\/v2\/categories?post=136326"},{"taxonomy":"post_tag","embeddable":true,"href":"https:\/\/www.europesays.com\/pl\/wp-json\/wp\/v2\/tags?post=136326"}],"curies":[{"name":"wp","href":"https:\/\/api.w.org\/{rel}","templated":true}]}}