{"id":136330,"date":"2025-12-06T17:43:10","date_gmt":"2025-12-06T17:43:10","guid":{"rendered":"https:\/\/www.europesays.com\/pl\/136330\/"},"modified":"2025-12-06T17:43:10","modified_gmt":"2025-12-06T17:43:10","slug":"mikolaj-roznerski-przebywal-w-szpitalu-psychiatrycznym-przez-rok-nie-jadlem-nic","status":"publish","type":"post","link":"https:\/\/www.europesays.com\/pl\/136330\/","title":{"rendered":"Miko\u0142aj Roznerski przebywa\u0142 w szpitalu psychiatrycznym. &#8222;Przez rok nie jad\u0142em nic&#8221;"},"content":{"rendered":"<p class=\"ods-c-paragraph \"><a href=\"https:\/\/plejada.pl\/mikolaj-roznerski\" id=\"249474e7-839c-4fd1-a8b4-c961e1dcfd30\" rel=\"nofollow noopener\" target=\"_blank\">Miko\u0142aj Roznerski<\/a> to popularny polski aktor filmowy i telewizyjny, znany z wielu r\u00f3l w serialach oraz produkcjach kinowych. Zdoby\u0142 rozg\u0142os dzi\u0119ki udzia\u0142owi w serialach takich jak &#8222;M jak mi\u0142o\u015b\u0107&#8221;. Teraz prowadzi teleturniej &#8222;The Floor&#8221; w TVN.<\/p>\n<p class=\"ods-c-paragraph \">Prywatnie Miko\u0142aj jest osob\u0105 aktywn\u0105 spo\u0142ecznie i cz\u0119sto ch\u0119tnie dzieli si\u0119 fragmentami \u017cycia codziennego z fanami w mediach spo\u0142eczno\u015bciowych. Jego styl \u017cycia, pasje i poczucie humoru sprawiaj\u0105, \u017ce cieszy si\u0119 du\u017c\u0105 sympati\u0105 w\u015br\u00f3d widz\u00f3w.<\/p>\n<p class=\"ods-c-paragraph \">Polecamy: <a href=\"https:\/\/plejada.pl\/wideo\/tak-mikolaj-roznerski-spedza-czas-z-synem-to-taki-nasz-ceremonial\/g051wh4\" id=\"b2980531-30a9-4e74-a080-3bce92195b36\" rel=\"nofollow noopener\" target=\"_blank\">Tak Miko\u0142aj Roznerski sp\u0119dza czas z synem. &#8222;To taki nasz ceremonia\u0142&#8221;<\/a><\/p>\n<p class=\"ods-c-paragraph \">Jaki\u015b czas temu opowiedzia\u0142 o swojej trudnej historii zwi\u0105zanej z zaburzeniami od\u017cywiania. <\/p>\n<p>Dalszy ci\u0105g artyku\u0142u pod materia\u0142em wideo<\/p>\n<p> Jakie by\u0142o najni\u017csze osi\u0105gni\u0119cie wagi Miko\u0142aja Roznerskiego? <\/p>\n<p> W jakim wieku trafi\u0142 Miko\u0142aj Roznerski do szpitala psychiatrycznego? <\/p>\n<p> Jakie trudno\u015bci zwi\u0105zane z przesz\u0142o\u015bci\u0105 opisa\u0142 Miko\u0142aj Roznerski? <\/p>\n<p> W jakim teleturnieju obecnie bierze udzia\u0142 Miko\u0142aj Roznerski? <\/p>\n<p>  Miko\u0142aj Roznerski zmaga\u0142 si\u0119 z zaburzeniami od\u017cywiania<\/p>\n<p class=\"ods-c-paragraph \">W jednym z wywiad\u00f3w wr\u00f3ci\u0142 wspomnieniami do m\u0142odzie\u0144czych zmaga\u0144 z anoreksj\u0105, kt\u00f3re by\u0142y wynikiem traumatycznych prze\u017cy\u0107 w rodzinnym domu.<\/p>\n<p class=\"ods-c-paragraph \">Miko\u0142aj Roznerski wyzna\u0142 w rozmowie ze &#8222;\u015awiatem Gwiazd&#8221;, i\u017c prze\u0142omowym momentem w jego \u017cyciu by\u0142 rozw\u00f3d rodzic\u00f3w. Przyzna\u0142, \u017ce w tamtym czasie zacz\u0119\u0142y si\u0119 u niego niepokoj\u0105ce zmiany, kt\u00f3re doprowadzi\u0142y do zaburze\u0144 jedzenia.<\/p>\n<p class=\"ods-c-paragraph \">&#8222;My\u015bl\u0119, \u017ce to wynika\u0142o z takiego trudnego prze\u017cycia: rozwodu rodzic\u00f3w. To by\u0142a ch\u0119\u0107 takiego zwr\u00f3cenia uwagi na siebie i chyba \u017ce by\u0142em takim grubszym nastolatkiem, no to by\u0142o si\u0119 tym najpro\u015bciej zaj\u0105\u0107. Takim zakompleksionym. Koledzy dokuczali w szkole, bo dzieciaki s\u0105 r\u00f3\u017cne w szkole, wi\u0119c to te\u017c chyba taki powolny proces nast\u0105pi\u0142, takiej samodestrukcji. I wpad\u0142em w to zaburzenie&#8221; \u2014 wyzna\u0142 aktor.<\/p>\n<p class=\"ods-c-paragraph \">Cho\u0107 Roznerski poradzi\u0142 sobie z chorob\u0105, nie ukrywa, \u017ce echa dawnych do\u015bwiadcze\u0144 czasem wci\u0105\u017c powracaj\u0105. Jak powiedzia\u0142, w pewnych momentach musi walczy\u0107 z dawnymi schematami my\u015blenia. Pomocny okaza\u0142 si\u0119 sport, kt\u00f3ry na sta\u0142e wpisa\u0142 si\u0119 w jego codzienno\u015b\u0107.<\/p>\n<p class=\"ods-c-paragraph \">&#8222;Z anoreksj\u0105 to troch\u0119 jest jak z alkoholizmem: z tego nie da si\u0119 nigdy do ko\u0144ca wyj\u015b\u0107. To trzeba zaakceptowa\u0107 siebie. Trzeba na nowo pokocha\u0107 swoje cia\u0142o, trzeba wyrzuci\u0107 ten g\u0142os z g\u0142owy, kt\u00f3ry ci m\u00f3wi: \u00bbNic nie jedz, jeste\u015b gruby, jeste\u015b gruby\u00ab. Trzeba sobie znale\u017a\u0107 jaki\u015b spos\u00f3b na to. Ja sobie znalaz\u0142em spos\u00f3b, \u017ce trenuj\u0119 i \u0107wicz\u0119&#8221; \u2014 powiedzia\u0142.<\/p>\n<p class=\"ods-c-paragraph \">W &#8222;Dzie\u0144 dobry TVN&#8221; doda\u0142:<\/p>\n<blockquote class=\"ods-o-quota\">\n<p class=\"ods-o-quota__paragraph\">Uwa\u017ca\u0142em, \u017ce jestem tam najbardziej zdrowy. (&#8230;) Uwa\u017ca\u0142em, \u017ce wszystko jest okej. Widzia\u0142em siebie innego w lustrze, ni\u017c moi bliscy. (&#8230;) Najmniej wa\u017cy\u0142em nieca\u0142e 40 kg przy wzro\u015bcie 170 cm. (&#8230;) Po prostu wegetowa\u0142em. (&#8230;) Przez rok nie jad\u0142em nic, tylko pi\u0142em soki i takie od\u017cywki.<\/p>\n<\/blockquote>\n<p class=\"ods-c-paragraph \">W rozmowie z Mateuszem H\u0142adkim wyzna\u0142, \u017ce w wieku 13 lat trafi\u0142 na oddzia\u0142 zamkni\u0119ty szpitala psychiatrycznego we Wroc\u0142awiu.<\/p>\n<p><img decoding=\"async\" src=\"https:\/\/www.europesays.com\/pl\/wp-content\/uploads\/2025\/12\/JWXk9lGaHR0cHM6Ly9vY2RuLmV1L3B1bHNjbXMvTURBXy9jNmFjYjMzMC0yYzZjLTQ0NTctYjEzYy1iYjdlZDE4ZTUyNmMuanBlZ.jpeg\" height=\"627\" width=\"940\" alt=\"Miko\u0142aj Roznerski\" loading=\"lazy\" class=\"ods-c-image__img ods-c-image__img--viewport-width\"\/><\/p>\n<p>Miko\u0142aj RoznerskiPAP\/Piotr Nowak<\/p>\n<p class=\"ods-c-paragraph \">Dzi\u0119kujemy, \u017ce przeczyta\u0142a\u015b\/e\u015b nasz artyku\u0142 do ko\u0144ca. W serwisie Plejada.pl ka\u017cdego dnia piszemy o najwa\u017cniejszych wydarzeniach show-biznesowych. B\u0105d\u017a na bie\u017c\u0105co! <a rel=\"nofollow noopener\" href=\"https:\/\/profile.google.com\/cp\/Cg0vZy8xMWJ6X19wdHBx\" id=\"031af5d9-57da-415b-b3c5-eb591f8af4a7\" target=\"_blank\">Obserwuj<\/a> Plejad\u0119 w Google. Odwied\u017a nas tak\u017ce na <a rel=\"nofollow noopener\" href=\"https:\/\/www.facebook.com\/plejadapl\" id=\"30668cf2-631c-44c9-8808-e1911f04d8a5\" target=\"_blank\">Facebooku<\/a>, <a rel=\"nofollow noopener\" href=\"https:\/\/www.instagram.com\/plejadapl\/\" id=\"e35b2919-6071-4467-a306-55d90b058a3b\" target=\"_blank\">Instagramie<\/a>, <a rel=\"nofollow noopener\" href=\"https:\/\/www.youtube.com\/c\/plejada\" id=\"1dabf692-3b31-4f3f-be43-6a980548a668\" target=\"_blank\">YouTubie<\/a> oraz <a rel=\"nofollow noopener\" href=\"https:\/\/www.tiktok.com\/@plejada_pl\" id=\"c91bcd6f-54f0-4f7a-bb5c-5eb8af1b55f2\" target=\"_blank\">TikToku<\/a>.<\/p>\n<p class=\"ods-c-paragraph \">Chcesz podzieli\u0107 si\u0119 ciekawym newsem lub zaproponowa\u0107 temat? Skontaktuj si\u0119 z nami, pisz\u0105c maila na adres: <a rel=\"nofollow noopener\" href=\"https:\/\/plejada.pl\/newsy\/mikolaj-roznerski-przebywal-w-szpitalu-psychiatrycznym-przez-rok-nie-jadlem-nic\/mailto:plejada@redakcjaonet.pl\" id=\"6ab0c154-24a7-49a7-8dd1-8fa01885fcc8\" target=\"_blank\">plejada@redakcjaon<\/a><a rel=\"nofollow noopener\" href=\"https:\/\/et.pl\/\" id=\"d3c7abb4-ced8-4de5-8ae5-7c1cb40bb6ea\" target=\"_blank\">et.pl<\/a>.<\/p>\n<p><script async src=\"\/\/www.instagram.com\/embed.js\"><\/script><script async src=\"\/\/www.tiktok.com\/embed.js\"><\/script><\/p>\n","protected":false},"excerpt":{"rendered":"Miko\u0142aj Roznerski to popularny polski aktor filmowy i telewizyjny, znany z wielu r\u00f3l w serialach oraz produkcjach kinowych.&hellip;\n","protected":false},"author":2,"featured_media":136331,"comment_status":"","ping_status":"","sticky":false,"template":"","format":"standard","meta":{"footnotes":""},"categories":[5],"tags":[32,33,36,37,27,34,35,18571,28,31,48,25,125,46,42,38,40,39,41,25865,47,29,30,26],"class_list":{"0":"post-136330","1":"post","2":"type-post","3":"status-publish","4":"format-standard","5":"has-post-thumbnail","7":"category-naglowki","8":"tag-breaking-news","9":"tag-breakingnews","10":"tag-featured-news","11":"tag-featurednews","12":"tag-headlines","13":"tag-latest-news","14":"tag-latestnews","15":"tag-mikolaj_roznerski","16":"tag-naglowki","17":"tag-najwazniejsze-artykuly","18":"tag-nat_styl","19":"tag-news","20":"tag-newsy","21":"tag-omp","22":"tag-pl","23":"tag-poland","24":"tag-polish","25":"tag-polska","26":"tag-polski","27":"tag-rebrand_ai_tst0","28":"tag-screening_general","29":"tag-top-stories","30":"tag-topstories","31":"tag-wiadomosci"},"share_on_mastodon":{"url":"https:\/\/pubeurope.com\/@pl\/115673865288682354","error":""},"_links":{"self":[{"href":"https:\/\/www.europesays.com\/pl\/wp-json\/wp\/v2\/posts\/136330","targetHints":{"allow":["GET"]}}],"collection":[{"href":"https:\/\/www.europesays.com\/pl\/wp-json\/wp\/v2\/posts"}],"about":[{"href":"https:\/\/www.europesays.com\/pl\/wp-json\/wp\/v2\/types\/post"}],"author":[{"embeddable":true,"href":"https:\/\/www.europesays.com\/pl\/wp-json\/wp\/v2\/users\/2"}],"replies":[{"embeddable":true,"href":"https:\/\/www.europesays.com\/pl\/wp-json\/wp\/v2\/comments?post=136330"}],"version-history":[{"count":0,"href":"https:\/\/www.europesays.com\/pl\/wp-json\/wp\/v2\/posts\/136330\/revisions"}],"wp:featuredmedia":[{"embeddable":true,"href":"https:\/\/www.europesays.com\/pl\/wp-json\/wp\/v2\/media\/136331"}],"wp:attachment":[{"href":"https:\/\/www.europesays.com\/pl\/wp-json\/wp\/v2\/media?parent=136330"}],"wp:term":[{"taxonomy":"category","embeddable":true,"href":"https:\/\/www.europesays.com\/pl\/wp-json\/wp\/v2\/categories?post=136330"},{"taxonomy":"post_tag","embeddable":true,"href":"https:\/\/www.europesays.com\/pl\/wp-json\/wp\/v2\/tags?post=136330"}],"curies":[{"name":"wp","href":"https:\/\/api.w.org\/{rel}","templated":true}]}}