{"id":136344,"date":"2025-12-06T17:51:07","date_gmt":"2025-12-06T17:51:07","guid":{"rendered":"https:\/\/www.europesays.com\/pl\/136344\/"},"modified":"2025-12-06T17:51:07","modified_gmt":"2025-12-06T17:51:07","slug":"demolka-bayernu-w-hicie-bundesligi-hat-trick-kanea-laimer-trafil-pieta-wideo","status":"publish","type":"post","link":"https:\/\/www.europesays.com\/pl\/136344\/","title":{"rendered":"Demolka Bayernu w hicie Bundesligi! Hat-trick Kane&#8217;a, Laimer trafi\u0142 pi\u0119t\u0105 [WIDEO]"},"content":{"rendered":"<p>Bayern Monachium zdominowa\u0142 w tym sezonie rozgrywki Bundesligi. W sobot\u0119 &#8222;Die Roten&#8221; odnie\u015bli kolejne zwyci\u0119stwo, pokonuj\u0105c na wyje\u017adzie a\u017c 5:0 VfB Stuttgart. Do siatki po raz kolejny trafi\u0142 Harry Kane, kt\u00f3ry skompletowa\u0142 hat-tricka.<\/p>\n<p>Podopieczni Vincenta Kompany&#8217;ego przez wi\u0119kszo\u015b\u0107 sezonu krocz\u0105 od zwyci\u0119stwa do zwyci\u0119stwa. W Stuttgarcie tak\u017ce szybko uzyskali przewag\u0119 i obj\u0119li prowadzenie.<\/p>\n<p>Dalsza cz\u0119\u015b\u0107 tekstu pod wideo<\/p>\n<p>Ju\u017c w 11. minucie pi\u0119knym trafieniem popisa\u0142 si\u0119 Konrad Laimer. Austriak dosta\u0142 podanie od Michaela Olise i zdecydowa\u0142 si\u0119 na uderzenie pi\u0119t\u0105. Przynios\u0142o to efekt w postaci gola.<\/p>\n<p>Gospodarze pr\u00f3bowali odpowiedzie\u0107. Bliski szcz\u0119\u015bcia by\u0142 Mittelstaedt. Po jego strzale pi\u0142ka zmierza\u0142a do siatki, lecz sytuacj\u0119 uratowa\u0142 Joshua Kimmich, wybijaj\u0105c futbol\u00f3wk\u0119 z linii bramkowej.<\/p>\n<p>W 40. minucie do siatki trafi\u0142 Nikolas Nartey. Napastnik Stuttgartu w momencie podania by\u0142 jednak na spalonym i po d\u0142ugiej analizie VAR jego trafienie ostatecznie anulowano. Bayern schodzi\u0142 wi\u0119c na przerw\u0119 przy prowadzeniu 1:0.<\/p>\n<p>Druga cz\u0119\u015b\u0107 spotkania to prawdziwy popis Bayernu. W 66. minucie mn\u00f3stwo miejsca mia\u0142 Harry Kane. Anglik nie zwyk\u0142 marnowa\u0107 taki okazji i podwy\u017cszy\u0142 rezultat na 2:0.<\/p>\n<p>Po tym trafieniu obrona Stuttgartu kompletnie si\u0119 rozsypa\u0142a. Stanisi\u0107 trafi\u0142 na 3:0, a Assignon zatrzyma\u0142 r\u0119k\u0105 pi\u0142k\u0119 po strzale Olise. Wylecia\u0142 za to z boiska, a Bayern mia\u0142 rzut karny.<\/p>\n<p>Do pi\u0142ki ustawionej na jedenastym metrze podszed\u0142 rzecz jasna Harry Kane. Anglik nie zmarnowa\u0142 stuprocentowej okazji i ustrzeli\u0142 dublet. Po chwili, w 88. minucie dope\u0142ni\u0142 dzie\u0142a zniszczenia, ustalaj\u0105c wynik na 5:0 i kompletuj\u0105c hat-tricka.<\/p>\n","protected":false},"excerpt":{"rendered":"Bayern Monachium zdominowa\u0142 w tym sezonie rozgrywki Bundesligi. W sobot\u0119 &#8222;Die Roten&#8221; odnie\u015bli kolejne zwyci\u0119stwo, pokonuj\u0105c na wyje\u017adzie&hellip;\n","protected":false},"author":2,"featured_media":136345,"comment_status":"","ping_status":"","sticky":false,"template":"","format":"standard","meta":{"footnotes":""},"categories":[24],"tags":[42,38,40,39,41,127,126],"class_list":{"0":"post-136344","1":"post","2":"type-post","3":"status-publish","4":"format-standard","5":"has-post-thumbnail","7":"category-sport","8":"tag-pl","9":"tag-poland","10":"tag-polish","11":"tag-polska","12":"tag-polski","13":"tag-sport","14":"tag-sports"},"share_on_mastodon":{"url":"https:\/\/pubeurope.com\/@pl\/115673896335899914","error":""},"_links":{"self":[{"href":"https:\/\/www.europesays.com\/pl\/wp-json\/wp\/v2\/posts\/136344","targetHints":{"allow":["GET"]}}],"collection":[{"href":"https:\/\/www.europesays.com\/pl\/wp-json\/wp\/v2\/posts"}],"about":[{"href":"https:\/\/www.europesays.com\/pl\/wp-json\/wp\/v2\/types\/post"}],"author":[{"embeddable":true,"href":"https:\/\/www.europesays.com\/pl\/wp-json\/wp\/v2\/users\/2"}],"replies":[{"embeddable":true,"href":"https:\/\/www.europesays.com\/pl\/wp-json\/wp\/v2\/comments?post=136344"}],"version-history":[{"count":0,"href":"https:\/\/www.europesays.com\/pl\/wp-json\/wp\/v2\/posts\/136344\/revisions"}],"wp:featuredmedia":[{"embeddable":true,"href":"https:\/\/www.europesays.com\/pl\/wp-json\/wp\/v2\/media\/136345"}],"wp:attachment":[{"href":"https:\/\/www.europesays.com\/pl\/wp-json\/wp\/v2\/media?parent=136344"}],"wp:term":[{"taxonomy":"category","embeddable":true,"href":"https:\/\/www.europesays.com\/pl\/wp-json\/wp\/v2\/categories?post=136344"},{"taxonomy":"post_tag","embeddable":true,"href":"https:\/\/www.europesays.com\/pl\/wp-json\/wp\/v2\/tags?post=136344"}],"curies":[{"name":"wp","href":"https:\/\/api.w.org\/{rel}","templated":true}]}}