{"id":136350,"date":"2025-12-06T17:55:08","date_gmt":"2025-12-06T17:55:08","guid":{"rendered":"https:\/\/www.europesays.com\/pl\/136350\/"},"modified":"2025-12-06T17:55:08","modified_gmt":"2025-12-06T17:55:08","slug":"wolodymyr-zelenski-po-rozmowie-z-ludzmi-donalda-trumpa-kluczowe-kwestie","status":"publish","type":"post","link":"https:\/\/www.europesays.com\/pl\/136350\/","title":{"rendered":"Wo\u0142odymyr Ze\u0142enski po rozmowie z lud\u017ami Donalda Trumpa. &#8222;Kluczowe kwestie&#8221;"},"content":{"rendered":"<p class=\"ods-c-paragraph \">W sobot\u0119 na Florydzie kontynuowane by\u0142y ameryka\u0144sko-ukrai\u0144skie rozmowy na temat planu zako\u0144czenia wojny. Stron\u0119 ameryka\u0144sk\u0105 reprezentuj\u0105 specjalny wys\u0142annik Steve Witkoff i zi\u0119\u0107 prezydenta USA Donalda Trumpa Jared Kushner, a stron\u0119 ukrai\u0144sk\u0105 sekretarz Rady Bezpiecze\u0144stwa Narodowego i Obrony Rustem Umierow oraz szef Sztabu Generalnego Si\u0142 Zbrojnych genera\u0142 Andrij Hnatow.<\/p>\n<p> Jakie kluczowe kwestie om\u00f3wi\u0142 Wo\u0142odymyr Ze\u0142enski? <\/p>\n<p> Kto reprezentowa\u0142 stron\u0119 ameryka\u0144sk\u0105 w rozmowach? <\/p>\n<p> Jakie kroki uzgodniono podczas negocjacji? <\/p>\n<p> Kiedy Wo\u0142odymyr Ze\u0142enski b\u0119dzie w Londynie? <\/p>\n<p>  Wo\u0142odymyr Ze\u0142enski po rozmowie z lud\u017ami Donalda Trumpa. &#8222;Kluczowe kwestie&#8221;<\/p>\n<p class=\"ods-c-paragraph \">&#8222;W\u0142a\u015bnie odby\u0142em d\u0142ug\u0105 i merytoryczn\u0105 rozmow\u0119 telefoniczn\u0105 ze Steve\u2019em Witkoffem i Jaredem Kushnerem, a tak\u017ce z Andrijem Hnatowem i Rustemem Umierowem. Jestem wdzi\u0119czny za bardzo konkretn\u0105 i konstruktywn\u0105 dyskusj\u0119.<\/p>\n<p class=\"ods-c-paragraph \">Om\u00f3wili\u015bmy wiele aspekt\u00f3w i przeanalizowali\u015bmy kluczowe kwestie, kt\u00f3re mog\u0105 zapewni\u0107 zako\u0144czenie rozlewu krwi i wyeliminowa\u0107 zagro\u017cenie now\u0105 pe\u0142n\u0105 inwazj\u0105 Rosji, a tak\u017ce ryzyko, \u017ce Rosja nie dotrzyma swoich obietnic, jak to mia\u0142o miejsce wielokrotnie w przesz\u0142o\u015bci&#8221; \u2014 napisa\u0142 Ze\u0142enski w platformie X.<\/p>\n<p class=\"ods-c-paragraph \">Jak doda\u0142, &#8222;Ukraina jest zdecydowana kontynuowa\u0107 wsp\u00f3\u0142prac\u0119 w dobrej wierze ze stron\u0105 ameryka\u0144sk\u0105, aby naprawd\u0119 osi\u0105gn\u0105\u0107 pok\u00f3j. Uzgodnili\u015bmy kolejne kroki i formaty rozm\u00f3w ze Stanami Zjednoczonymi. Dzi\u0119kuj\u0119 prezydentowi Trumpowi za tak intensywne podej\u015bcie do negocjacji&#8221;.<\/p>\n<p class=\"ods-c-paragraph \">Szczeg\u00f3\u0142y negocjacji ze stron\u0105 ameryka\u0144sk\u0105 Ze\u0142enski b\u0119dzie teraz omawia\u0142 z Umierowem i Hnatowem. Na koniec wpisu prezydent Ukrainy zaznaczy\u0142, \u017ce jego podej\u015bcie zak\u0142ada, \u017ce &#8222;wszystko musi by\u0107 wykonalne \u2014 ka\u017cdy kluczowy \u015brodek na rzecz pokoju, bezpiecze\u0144stwa i odbudowy&#8221;.<\/p>\n<p class=\"ods-c-paragraph \"><a href=\"https:\/\/wiadomosci.onet.pl\/swiat\/wolodymyr-zelenski-leci-do-londynu-w-tle-rozmowy-z-usa\/4d1z42v\" id=\"315f8888-21cf-48ed-9a06-b9807711f97e\" rel=\"nofollow noopener\" target=\"_blank\">Wcze\u015bniej ukrai\u0144ski przyw\u00f3dca potwierdzi\u0142, \u017ce w poniedzia\u0142ek b\u0119dzie w Londynie<\/a>. Jak poda\u0142a agencja Press Association (PA), Ze\u0142enski ma om\u00f3wi\u0107 z europejskimi przyw\u00f3dcami rezultaty spotka\u0144 przedstawicieli w\u0142adz USA i Ukrainy na temat osi\u0105gni\u0119cia porozumienia pokojowego w wojnie z Rosj\u0105.<\/p>\n","protected":false},"excerpt":{"rendered":"W sobot\u0119 na Florydzie kontynuowane by\u0142y ameryka\u0144sko-ukrai\u0144skie rozmowy na temat planu zako\u0144czenia wojny. Stron\u0119 ameryka\u0144sk\u0105 reprezentuj\u0105 specjalny wys\u0142annik&hellip;\n","protected":false},"author":2,"featured_media":136351,"comment_status":"","ping_status":"","sticky":false,"template":"","format":"standard","meta":{"footnotes":""},"categories":[14],"tags":[32,33,27,76,34,35,28,31,48,25,46,40,41,47,80,29,30,71,26,309,82,83,84],"class_list":{"0":"post-136350","1":"post","2":"type-post","3":"status-publish","4":"format-standard","5":"has-post-thumbnail","7":"category-swiat","8":"tag-breaking-news","9":"tag-breakingnews","10":"tag-headlines","11":"tag-inwazja_rosji_na_ukraine","12":"tag-latest-news","13":"tag-latestnews","14":"tag-naglowki","15":"tag-najwazniejsze-artykuly","16":"tag-nat_styl","17":"tag-news","18":"tag-omp","19":"tag-polish","20":"tag-polski","21":"tag-screening_general","22":"tag-swiat","23":"tag-top-stories","24":"tag-topstories","25":"tag-usa","26":"tag-wiadomosci","27":"tag-wolodymyr_zelenski","28":"tag-world","29":"tag-world-news","30":"tag-worldnews"},"share_on_mastodon":{"url":"https:\/\/pubeurope.com\/@pl\/115673912268088217","error":""},"_links":{"self":[{"href":"https:\/\/www.europesays.com\/pl\/wp-json\/wp\/v2\/posts\/136350","targetHints":{"allow":["GET"]}}],"collection":[{"href":"https:\/\/www.europesays.com\/pl\/wp-json\/wp\/v2\/posts"}],"about":[{"href":"https:\/\/www.europesays.com\/pl\/wp-json\/wp\/v2\/types\/post"}],"author":[{"embeddable":true,"href":"https:\/\/www.europesays.com\/pl\/wp-json\/wp\/v2\/users\/2"}],"replies":[{"embeddable":true,"href":"https:\/\/www.europesays.com\/pl\/wp-json\/wp\/v2\/comments?post=136350"}],"version-history":[{"count":0,"href":"https:\/\/www.europesays.com\/pl\/wp-json\/wp\/v2\/posts\/136350\/revisions"}],"wp:featuredmedia":[{"embeddable":true,"href":"https:\/\/www.europesays.com\/pl\/wp-json\/wp\/v2\/media\/136351"}],"wp:attachment":[{"href":"https:\/\/www.europesays.com\/pl\/wp-json\/wp\/v2\/media?parent=136350"}],"wp:term":[{"taxonomy":"category","embeddable":true,"href":"https:\/\/www.europesays.com\/pl\/wp-json\/wp\/v2\/categories?post=136350"},{"taxonomy":"post_tag","embeddable":true,"href":"https:\/\/www.europesays.com\/pl\/wp-json\/wp\/v2\/tags?post=136350"}],"curies":[{"name":"wp","href":"https:\/\/api.w.org\/{rel}","templated":true}]}}