{"id":136360,"date":"2025-12-06T18:04:07","date_gmt":"2025-12-06T18:04:07","guid":{"rendered":"https:\/\/www.europesays.com\/pl\/136360\/"},"modified":"2025-12-06T18:04:07","modified_gmt":"2025-12-06T18:04:07","slug":"dym-w-centrum-sterowania-ruchem-kolejowym-w-opolu-zarzadzono-ewakuacje","status":"publish","type":"post","link":"https:\/\/www.europesays.com\/pl\/136360\/","title":{"rendered":"Dym w centrum sterowania ruchem kolejowym w Opolu. Zarz\u0105dzono ewakuacj\u0119"},"content":{"rendered":"<p class=\"ods-c-paragraph \">Jak podaje RMF FM, w sobot\u0119 6 grudnia po godzinie 16 w rozdzielni elektrycznej przy stacji Opole Zach\u00f3d zauwa\u017cono dym.<\/p>\n<p> Co spowodowa\u0142o ewakuacj\u0119 w centrum sterowania ruchem kolejowym w Opolu? <\/p>\n<p> Jakie s\u0105 utrudnienia w ruchu kolejowym w Opolu? <\/p>\n<p> Kiedy zauwa\u017cono dym w budynku centrum sterowania ruchem? <\/p>\n<p> Ile linii kolejowych zosta\u0142o wstrzymanych w zwi\u0105zku z po\u017carem? <\/p>\n<p class=\"ods-c-paragraph \">\u2014 Dosz\u0142o do niewielkiego po\u017caru, kt\u00f3ry spowodowa\u0142 du\u017ce zadymienie. Ca\u0142y budynek wype\u0142ni\u0142 si\u0119 dymem \u2014 przekaza\u0142a m\u0142odszy brygadier Tomasz Pierzcha\u0142a z opolskiej stra\u017cy po\u017carnej w rozmowie ze stacj\u0105.<\/p>\n<p class=\"ods-c-paragraph \">W zwi\u0105zku z sytuacj\u0105 ewakuowano wszystkich pracownik\u00f3w centrum sterowania ruchem. Wstrzymany te\u017c zosta\u0142 ruch poci\u0105g\u00f3w na trzech liniach kolejowych: 132 (Opole Zachodnie \u2014 Wroc\u0142aw Broch\u00f3w), 287 (Opole Zachodnie \u2014 Nysa) oraz 288 (Brzeg \u2014 Nysa).<\/p>\n<p class=\"ods-c-paragraph \">Poci\u0105gi skierowano na trasy objazdowe. Jak podaje Radio Opole, ruch poci\u0105g\u00f3w przywr\u00f3cono przed godz. 18.<\/p>\n","protected":false},"excerpt":{"rendered":"Jak podaje RMF FM, w sobot\u0119 6 grudnia po godzinie 16 w rozdzielni elektrycznej przy stacji Opole Zach\u00f3d&hellip;\n","protected":false},"author":2,"featured_media":97591,"comment_status":"","ping_status":"","sticky":false,"template":"","format":"standard","meta":{"footnotes":""},"categories":[5],"tags":[32,33,721,36,37,27,363,34,35,28,31,48,25,46,4547,42,38,40,39,41,47,29,30,26],"class_list":{"0":"post-136360","1":"post","2":"type-post","3":"status-publish","4":"format-standard","5":"has-post-thumbnail","7":"category-naglowki","8":"tag-breaking-news","9":"tag-breakingnews","10":"tag-ewakuacja","11":"tag-featured-news","12":"tag-featurednews","13":"tag-headlines","14":"tag-kolej_pociagi_transport_kolejowy","15":"tag-latest-news","16":"tag-latestnews","17":"tag-naglowki","18":"tag-najwazniejsze-artykuly","19":"tag-nat_styl","20":"tag-news","21":"tag-omp","22":"tag-opole","23":"tag-pl","24":"tag-poland","25":"tag-polish","26":"tag-polska","27":"tag-polski","28":"tag-screening_general","29":"tag-top-stories","30":"tag-topstories","31":"tag-wiadomosci"},"share_on_mastodon":{"url":"https:\/\/pubeurope.com\/@pl\/115673947500248626","error":""},"_links":{"self":[{"href":"https:\/\/www.europesays.com\/pl\/wp-json\/wp\/v2\/posts\/136360","targetHints":{"allow":["GET"]}}],"collection":[{"href":"https:\/\/www.europesays.com\/pl\/wp-json\/wp\/v2\/posts"}],"about":[{"href":"https:\/\/www.europesays.com\/pl\/wp-json\/wp\/v2\/types\/post"}],"author":[{"embeddable":true,"href":"https:\/\/www.europesays.com\/pl\/wp-json\/wp\/v2\/users\/2"}],"replies":[{"embeddable":true,"href":"https:\/\/www.europesays.com\/pl\/wp-json\/wp\/v2\/comments?post=136360"}],"version-history":[{"count":0,"href":"https:\/\/www.europesays.com\/pl\/wp-json\/wp\/v2\/posts\/136360\/revisions"}],"wp:featuredmedia":[{"embeddable":true,"href":"https:\/\/www.europesays.com\/pl\/wp-json\/wp\/v2\/media\/97591"}],"wp:attachment":[{"href":"https:\/\/www.europesays.com\/pl\/wp-json\/wp\/v2\/media?parent=136360"}],"wp:term":[{"taxonomy":"category","embeddable":true,"href":"https:\/\/www.europesays.com\/pl\/wp-json\/wp\/v2\/categories?post=136360"},{"taxonomy":"post_tag","embeddable":true,"href":"https:\/\/www.europesays.com\/pl\/wp-json\/wp\/v2\/tags?post=136360"}],"curies":[{"name":"wp","href":"https:\/\/api.w.org\/{rel}","templated":true}]}}