{"id":136370,"date":"2025-12-06T18:12:11","date_gmt":"2025-12-06T18:12:11","guid":{"rendered":"https:\/\/www.europesays.com\/pl\/136370\/"},"modified":"2025-12-06T18:12:11","modified_gmt":"2025-12-06T18:12:11","slug":"mecze-polski-ms-2026-kiedy-gra-polska-o-ktorej-terminarz-mistrzostwa-swiata","status":"publish","type":"post","link":"https:\/\/www.europesays.com\/pl\/136370\/","title":{"rendered":"Mecze Polski M\u015a 2026. Kiedy gra Polska? O kt\u00f3rej? Terminarz mistrzostwa \u015bwiata"},"content":{"rendered":"<p>Potencjalne mecze Polski na M\u015a 2026. Kiedy? O kt\u00f3rej godzinie?<\/p>\n<p>Przypomnijmy &#8211; w pi\u0105tek 5 grudnia odby\u0142o si\u0119 losowanie grup mistrzostw \u015bwiata 2026. <a href=\"https:\/\/www.polsatsport.pl\/galeria\/2025-12-05\/grupy-mistrzostw-swiata-2026-kto-zagra-na-ms_27669\/?item=6\" target=\"_blank\" rel=\"noopener noreferrer nofollow\">Polska potencjalnie trafi\u0142a do grupy F &#8211; z Holandi\u0105, Japoni\u0105 i Tunezj\u0105.<\/a> Potencjalnie, bo Bia\u0142o-Czerwoni musz\u0105 najpierw przej\u015b\u0107 bara\u017ce, w kt\u00f3rych p\u00f3\u0142finale zmierz\u0105 si\u0119 z Albani\u0105.<\/p>\n<p>\u00a0<\/p>\n<p><a href=\"https:\/\/www.polsatsport.pl\/galeria\/2025-12-05\/grupy-mistrzostw-swiata-2026-kto-zagra-na-ms_27669\/\" target=\"_blank\" rel=\"noopener noreferrer nofollow\">Grupy mistrzostw \u015bwiata 2026. Kto zagra na M\u015a?<\/a><\/p>\n<p>\u00a0<\/p>\n<p>Turniej rozpocznie si\u0119 11 czerwca. W meczu otwarcia Meksyk podejmie Republik\u0119 Po\u0142udniowej Afryki. Faza grupowa potrwa do 27 czerwca, czyli ponad dwa tygodnie.<\/p>\n<p>\u00a0<\/p>\n<p>Nast\u0119pnie rozegrane zostan\u0105 spotkania 1\/16, 1\/8, 1\/4, 1\/2 fina\u0142u, a tak\u017ce fina\u0142 i mecz o trzecie miejsce. Mistrzostwa zako\u0144cz\u0105 si\u0119 19 lipca.\u00a0<\/p>\n<p>Mecze Polski na M\u015a 2026. Kiedy? O kt\u00f3rej godzinie?<\/p>\n<p>W sobot\u0119 6 grudnia poznali\u015bmy terminarz mistrzostw \u015bwiata 2026. W\u00f3wczas dowiedzieli\u015bmy si\u0119, kiedy potencjalnie Polska rozegra swoje mecze podczas przysz\u0142orocznego mundialu.<\/p>\n<p>\u00a0<\/p>\n<p>15.06.2026, 04:00 Polska &#8211; Tunezja<\/p>\n<p>BS, Polsat Sport<\/p>\n<p><a class=\"news__read-more-button\" href=\"https:\/\/www.polsatsport.pl\/\" rel=\"nofollow noopener\" target=\"_blank\">Przejd\u017a na Polsatsport.pl<\/a><img decoding=\"async\" src=\"https:\/\/www.europesays.com\/pl\/wp-content\/uploads\/2025\/11\/dwk4rcoum1rcn3mi1vijzfvg6jfzuv9e.jpg\" alt=\"\" itemprop=\"contentUrl\" style=\"position:absolute; width: 100%; max-height: 100%;\"\/><video controls=\"\" controlslist=\"nodownload\" poster=\"https:\/\/www.europesays.com\/pl\/wp-content\/uploads\/2025\/11\/dwk4rcoum1rcn3mi1vijzfvg6jfzuv9e.jpg\" class=\"videoPlayer player7293903 news__video\" data-id=\"7293903\">Twoja przegl\u0105darka nie wspiera odtwarzacza wideo&#8230;<\/video>PolsatSport.pl w wersji na telefony z systemem Android i iOS!<\/p>\n<p class=\"app-ad__preview\">Najnowsze informacje i wiadomo\u015bci na bie\u017c\u0105co, gdziekolwiek jeste\u015b.<\/p>\n","protected":false},"excerpt":{"rendered":"Potencjalne mecze Polski na M\u015a 2026. Kiedy? O kt\u00f3rej godzinie? Przypomnijmy &#8211; w pi\u0105tek 5 grudnia odby\u0142o si\u0119&hellip;\n","protected":false},"author":2,"featured_media":136371,"comment_status":"","ping_status":"","sticky":false,"template":"","format":"standard","meta":{"footnotes":""},"categories":[24],"tags":[42,38,40,39,41,127,126],"class_list":{"0":"post-136370","1":"post","2":"type-post","3":"status-publish","4":"format-standard","5":"has-post-thumbnail","7":"category-sport","8":"tag-pl","9":"tag-poland","10":"tag-polish","11":"tag-polska","12":"tag-polski","13":"tag-sport","14":"tag-sports"},"share_on_mastodon":{"url":"https:\/\/pubeurope.com\/@pl\/115673979055084264","error":""},"_links":{"self":[{"href":"https:\/\/www.europesays.com\/pl\/wp-json\/wp\/v2\/posts\/136370","targetHints":{"allow":["GET"]}}],"collection":[{"href":"https:\/\/www.europesays.com\/pl\/wp-json\/wp\/v2\/posts"}],"about":[{"href":"https:\/\/www.europesays.com\/pl\/wp-json\/wp\/v2\/types\/post"}],"author":[{"embeddable":true,"href":"https:\/\/www.europesays.com\/pl\/wp-json\/wp\/v2\/users\/2"}],"replies":[{"embeddable":true,"href":"https:\/\/www.europesays.com\/pl\/wp-json\/wp\/v2\/comments?post=136370"}],"version-history":[{"count":0,"href":"https:\/\/www.europesays.com\/pl\/wp-json\/wp\/v2\/posts\/136370\/revisions"}],"wp:featuredmedia":[{"embeddable":true,"href":"https:\/\/www.europesays.com\/pl\/wp-json\/wp\/v2\/media\/136371"}],"wp:attachment":[{"href":"https:\/\/www.europesays.com\/pl\/wp-json\/wp\/v2\/media?parent=136370"}],"wp:term":[{"taxonomy":"category","embeddable":true,"href":"https:\/\/www.europesays.com\/pl\/wp-json\/wp\/v2\/categories?post=136370"},{"taxonomy":"post_tag","embeddable":true,"href":"https:\/\/www.europesays.com\/pl\/wp-json\/wp\/v2\/tags?post=136370"}],"curies":[{"name":"wp","href":"https:\/\/api.w.org\/{rel}","templated":true}]}}