{"id":136421,"date":"2025-12-06T18:47:08","date_gmt":"2025-12-06T18:47:08","guid":{"rendered":"https:\/\/www.europesays.com\/pl\/136421\/"},"modified":"2025-12-06T18:47:08","modified_gmt":"2025-12-06T18:47:08","slug":"ewa-pajor-ratuje-barcelone-polka-najskuteczniejsza-w-lidze-przeglad-sportowy-onet","status":"publish","type":"post","link":"https:\/\/www.europesays.com\/pl\/136421\/","title":{"rendered":"Ewa Pajor ratuje Barcelon\u0119. Polka najskuteczniejsza w lidze &#8211; Przegl\u0105d Sportowy Onet"},"content":{"rendered":"<ol>\n<li><a href=\"https:\/\/news.google.com\/rss\/articles\/CBMiygFBVV95cUxNSnQ5MTAybVdOVFU2V2dPSnJfZUVYOWkweW1IV2RtOUxSdEpUdVczbUFhMzBRYWtHbDBRWXQzNG15amJ1Y3dsRTVCMVZNb2d1TGFYOEpmLTdtaUVmak1mVktLZWNYemIzRXE4Ti1CcGFhcDE0bUNlLXc3bk1yLTdtZzEtZmpCMzVVMHRIZndScUlkOUlwQ2R6WWhPeGtFS0RnSm9YZ19hMDJuSkFpeXVFT3FUNHA2ODJnZEpzSzJJdUpXWVE4aEVvTDZ3?oc=5\" target=\"_blank\" rel=\"nofollow noopener\">Ewa Pajor ratuje Barcelon\u0119. Polka najskuteczniejsza w lidze<\/a>&nbsp;&nbsp;Przegl\u0105d Sportowy Onet<\/li>\n<li><a href=\"https:\/\/news.google.com\/rss\/articles\/CBMiuAFBVV95cUxQemQtZXdQWWVoWms1OTAzSVRDWWdycDBISERaNUFIcjFfVERxblFzMXBKa3Y0cnpvamI4MWtxM3ZQeEctOHdyRGlKbmVmcEhhYTNqeUpaUndMV0Q5NU91ZldLZkk3bVczV1pxRHZjSWZaQVlxYjBLUFU4NG1IU05fSFRhZnZPNnlRY1loUmdUVlpXc2c2d0l3dWNTcHhSZUZ5blphVmc1UnR1ek9LTmQwVV93UnRlTk5Q?oc=5\" target=\"_blank\" rel=\"nofollow noopener\">FC Barcelona \u2013 Tenerife [NA \u017bYWO]. Ogl\u0105daj transmisj\u0119 meczu z Ew\u0105 Pajor!<\/a>&nbsp;&nbsp;sport.tvp.pl<\/li>\n<li><a href=\"https:\/\/news.google.com\/rss\/articles\/CBMitAFBVV95cUxNOHppMTJpcWN4Y3lxaGlFTU5UVWt6UjdJejZRcDctRUViNGdSeDVjN1BqWTNRM2Q5Vl9kVjFpMTl5bExEZm1pQUc2aFlCSlUzXy01ZldRWU1QMlZ1OWJhUGJOZTVtcmNqeExQMU80anZOUmpyTWZJUjFZdV9ldVo3MlRyMHhzWlRCS25zbnFFTzZyZnJDRXhJV2MtZUlpTGpZMjNraVY0Nl9NN0Vkb25lZTRPcEE?oc=5\" target=\"_blank\" rel=\"nofollow noopener\">Pajor bohaterk\u0105 Barcelony. Zobacz, co zrobi\u0142a Polka [WIDEO]<\/a>&nbsp;&nbsp;SportoweFakty<\/li>\n<li><a href=\"https:\/\/news.google.com\/rss\/articles\/CBMi9gFBVV95cUxQQ3RBcGxib29nRFlvNWRMR3V6ZENEdlZGOFU0MDQtR2tUM1k3STdXbXkyYUFna1RHZGdnbndzUnNLZVNRZ3BITFQyNDRZZGRHSkNRNUlIa0k4M1E2VEZ5WThORzA4anBkTWRRbjJvSGdCeGI0YlY0a1lpUU9qRjVqQ3hoSG4wX3JVNzRDVTg3ZkdyY0dYMjZ2eURIUEFBZmNDeWNxbjVVU0MxTTlzb1NoVWxuRkZCa3VpY0wyUVgydmc2S3M0N21fS1ltWGxmVWMyZXpxMURRdEpIcVc3cndXbDBUb3NIeDNnZWxmSHl0dWh3NnpHaHc?oc=5\" target=\"_blank\" rel=\"nofollow noopener\">Pajor z kolejnym golem i prowadzeniem w kwalifikacji strzelczy\u0144<\/a>&nbsp;&nbsp;Eurosport Polska<\/li>\n<li><a href=\"https:\/\/news.google.com\/rss\/articles\/CBMiwAFBVV95cUxOQlJIMVF2OE1TQVlLRFYwdDJSbk93aDJmbWZxOTJTeXFiSTJCSTlENHFHT0pBUWl1QThzZWYwYU9BR1VPNk93ckgycE8xZDlnWFJtZV8xZUJfSTIzSmRGUGVoR3pORFNVTFh3QlJoRkVFX1ctSFhudFhsQmlJUGt5bGpla2JoS2p1c1YzWXFXRnVJbi1kei1zY3pGeW11ZmZxcmtnOUdrRjQyNEQzWnlPMngzOVhMSG9wRVNPWDJWbUE?oc=5\" target=\"_blank\" rel=\"nofollow noopener\">Sensacja wisia\u0142a w powietrzu. Absolutny popis Pajor, zrobi\u0142a to w 7 minut przed ko\u0144cem meczu<\/a>&nbsp;&nbsp;Sport w INTERIA.PL<\/li>\n<\/ol>\n","protected":false},"excerpt":{"rendered":"Ewa Pajor ratuje Barcelon\u0119. Polka najskuteczniejsza w lidze&nbsp;&nbsp;Przegl\u0105d Sportowy Onet FC Barcelona \u2013 Tenerife [NA \u017bYWO]. Ogl\u0105daj transmisj\u0119&hellip;\n","protected":false},"author":2,"featured_media":136422,"comment_status":"","ping_status":"","sticky":false,"template":"","format":"standard","meta":{"footnotes":""},"categories":[24],"tags":[4004,303,67,929,4003,42,38,40,39,41,136,128,47,127,135,126,130],"class_list":{"0":"post-136421","1":"post","2":"type-post","3":"status-publish","4":"format-standard","5":"has-post-thumbnail","7":"category-sport","8":"tag-ewa_pajor","9":"tag-fc_barcelona","10":"tag-intextvideo_splayer","11":"tag-pawb","12":"tag-pilka_nozna_kobiet","13":"tag-pl","14":"tag-poland","15":"tag-polish","16":"tag-polska","17":"tag-polski","18":"tag-ps_detal_new","19":"tag-psv2","20":"tag-screening_general","21":"tag-sport","22":"tag-sport_sport","23":"tag-sports","24":"tag-wiadomosci_sportowe"},"share_on_mastodon":{"url":"https:\/\/pubeurope.com\/@pl\/115674116690333663","error":""},"_links":{"self":[{"href":"https:\/\/www.europesays.com\/pl\/wp-json\/wp\/v2\/posts\/136421","targetHints":{"allow":["GET"]}}],"collection":[{"href":"https:\/\/www.europesays.com\/pl\/wp-json\/wp\/v2\/posts"}],"about":[{"href":"https:\/\/www.europesays.com\/pl\/wp-json\/wp\/v2\/types\/post"}],"author":[{"embeddable":true,"href":"https:\/\/www.europesays.com\/pl\/wp-json\/wp\/v2\/users\/2"}],"replies":[{"embeddable":true,"href":"https:\/\/www.europesays.com\/pl\/wp-json\/wp\/v2\/comments?post=136421"}],"version-history":[{"count":0,"href":"https:\/\/www.europesays.com\/pl\/wp-json\/wp\/v2\/posts\/136421\/revisions"}],"wp:featuredmedia":[{"embeddable":true,"href":"https:\/\/www.europesays.com\/pl\/wp-json\/wp\/v2\/media\/136422"}],"wp:attachment":[{"href":"https:\/\/www.europesays.com\/pl\/wp-json\/wp\/v2\/media?parent=136421"}],"wp:term":[{"taxonomy":"category","embeddable":true,"href":"https:\/\/www.europesays.com\/pl\/wp-json\/wp\/v2\/categories?post=136421"},{"taxonomy":"post_tag","embeddable":true,"href":"https:\/\/www.europesays.com\/pl\/wp-json\/wp\/v2\/tags?post=136421"}],"curies":[{"name":"wp","href":"https:\/\/api.w.org\/{rel}","templated":true}]}}