{"id":136442,"date":"2025-12-06T19:01:11","date_gmt":"2025-12-06T19:01:11","guid":{"rendered":"https:\/\/www.europesays.com\/pl\/136442\/"},"modified":"2025-12-06T19:01:11","modified_gmt":"2025-12-06T19:01:11","slug":"gornik-i-pogon-bija-sie-o-napastnika-mozliwy-powrot-do-ekstraklasy","status":"publish","type":"post","link":"https:\/\/www.europesays.com\/pl\/136442\/","title":{"rendered":"G\u00f3rnik i Pogo\u0144 bij\u0105 si\u0119 o napastnika. Mo\u017cliwy powr\u00f3t do Ekstraklasy"},"content":{"rendered":"<p>W przerwie zimowej mo\u017cemy by\u0107 \u015bwiadkami ciekawej rywalizacji klub\u00f3w Ekstraklasy na rynku transferowym. Du\u017ce zainteresowanie budzi bowiem \u0141ukasz Zjawi\u0144ski z Polonii Warszawa.<\/p>\n<p>Napastnik &#8222;Czarnych Koszul&#8221; ma za sob\u0105 udane p\u00f3\u0142tora roku. W 50 meczach strzeli\u0142 33 gole. W bie\u017c\u0105cych rozgrywkach Betclic 1 Ligi trafi\u0142 do bramki ju\u017c dziesi\u0119\u0107 razy.<\/p>\n<p>Dalsza cz\u0119\u015b\u0107 tekstu pod wideo<\/p>\n<p>Zjawi\u0144ski w tej sytuacji po prostu musia\u0142 wywo\u0142a\u0107 zainteresowanie w\u015br\u00f3d klub\u00f3w Ekstraklasy. Mateusz Janiak z Przegl\u0105du Sportowego Onet poda\u0142, \u017ce 24-latkiem interesuj\u0105 si\u0119 m.in. G\u00f3rnik Zabrze, Pogo\u0144 Szczecin, Zag\u0142\u0119bie Lubin i Bruk-Bet Termalica Nieciecza.<\/p>\n<p>Transferowi ju\u017c w zimowym oknie sprzyja sytuacja kontraktowa Zjawi\u0144skiego. Jego umowa z Poloni\u0105 obowi\u0105zuje tylko do ko\u0144ca czerwca. Wkr\u00f3tce zatem b\u0119dzie m\u00f3g\u0142 podpisa\u0107 umow\u0119 z nowym pracodawc\u0105 bez ogl\u0105dania si\u0119 na obecny klub.<\/p>\n<p>Zjawi\u0144ski w przesz\u0142o\u015bci gra\u0142 w m\u0142odzie\u017cowych dru\u017cynach Legii, ale nigdy nie zagra\u0142 w jej pierwszym zespole. Ma za sob\u0105 wyst\u0119py w Ekstraklasie w barwach Stali Mielec, Lechii Gda\u0144sk czy Widzewa.<\/p>\n<p>Polonia w pi\u0105tek zremisowa\u0142a z GKS-em Tychy. Obecnie jest pi\u0105ta w tabeli, ale mo\u017ce straci\u0107 t\u0119 pozycj\u0119 po doko\u0144czeniu kolejki.<\/p>\n","protected":false},"excerpt":{"rendered":"W przerwie zimowej mo\u017cemy by\u0107 \u015bwiadkami ciekawej rywalizacji klub\u00f3w Ekstraklasy na rynku transferowym. Du\u017ce zainteresowanie budzi bowiem \u0141ukasz&hellip;\n","protected":false},"author":2,"featured_media":136443,"comment_status":"","ping_status":"","sticky":false,"template":"","format":"standard","meta":{"footnotes":""},"categories":[24],"tags":[42,38,40,39,41,127,126],"class_list":{"0":"post-136442","1":"post","2":"type-post","3":"status-publish","4":"format-standard","5":"has-post-thumbnail","7":"category-sport","8":"tag-pl","9":"tag-poland","10":"tag-polish","11":"tag-polska","12":"tag-polski","13":"tag-sport","14":"tag-sports"},"share_on_mastodon":{"url":"https:\/\/pubeurope.com\/@pl\/115674171699204695","error":""},"_links":{"self":[{"href":"https:\/\/www.europesays.com\/pl\/wp-json\/wp\/v2\/posts\/136442","targetHints":{"allow":["GET"]}}],"collection":[{"href":"https:\/\/www.europesays.com\/pl\/wp-json\/wp\/v2\/posts"}],"about":[{"href":"https:\/\/www.europesays.com\/pl\/wp-json\/wp\/v2\/types\/post"}],"author":[{"embeddable":true,"href":"https:\/\/www.europesays.com\/pl\/wp-json\/wp\/v2\/users\/2"}],"replies":[{"embeddable":true,"href":"https:\/\/www.europesays.com\/pl\/wp-json\/wp\/v2\/comments?post=136442"}],"version-history":[{"count":0,"href":"https:\/\/www.europesays.com\/pl\/wp-json\/wp\/v2\/posts\/136442\/revisions"}],"wp:featuredmedia":[{"embeddable":true,"href":"https:\/\/www.europesays.com\/pl\/wp-json\/wp\/v2\/media\/136443"}],"wp:attachment":[{"href":"https:\/\/www.europesays.com\/pl\/wp-json\/wp\/v2\/media?parent=136442"}],"wp:term":[{"taxonomy":"category","embeddable":true,"href":"https:\/\/www.europesays.com\/pl\/wp-json\/wp\/v2\/categories?post=136442"},{"taxonomy":"post_tag","embeddable":true,"href":"https:\/\/www.europesays.com\/pl\/wp-json\/wp\/v2\/tags?post=136442"}],"curies":[{"name":"wp","href":"https:\/\/api.w.org\/{rel}","templated":true}]}}