{"id":136521,"date":"2025-12-06T20:11:07","date_gmt":"2025-12-06T20:11:07","guid":{"rendered":"https:\/\/www.europesays.com\/pl\/136521\/"},"modified":"2025-12-06T20:11:07","modified_gmt":"2025-12-06T20:11:07","slug":"ekstraklasa-piast-legia-wynik-meczu-i-relacja-na-zywo-live","status":"publish","type":"post","link":"https:\/\/www.europesays.com\/pl\/136521\/","title":{"rendered":"Ekstraklasa: Piast &#8211; Legia. Wynik meczu i relacja na \u017cywo [LIVE]"},"content":{"rendered":"<p>Legia zn\u00f3w uda\u0142a si\u0119 do\u00a0Gliwic po\u00a0serii fatalnych wynik\u00f3w. Ponad cztery lata temu za\u00a0kompromituj\u0105cy wyst\u0119p zwolniony zosta\u0142 Czes\u0142aw Michniewicz. Teraz sytuacja warszawskiego zespo\u0142u jest jeszcze gorsza. Wtedy by\u0142 na\u00a0dziewi\u0105tym miejscu w\u00a0tabeli Ekstraklasy, a\u00a0obecnie znajduje si\u0119 w\u00a0strefie spadkowej. Kto oka\u017ce si\u0119 lepszy w\u00a0starciu dw\u00f3ch dru\u017cyn walcz\u0105cych o\u00a0utrzymanie? Zapraszamy na\u00a0nasz\u0105 relacj\u0119 live.<\/p>\n<p>Piast Gliwice \u2013 Legia Warszawa 0:0    <\/p>\n<p>                                    Przerwa<\/p>\n<p>Z\u00a0dobrych wiadomo\u015bci dla Legii: Jeszcze 45 minut utrzymania si\u0119 takiego wyniku i\u00a0opu\u015bci stref\u0119 spadkow\u0105<\/p>\n<p>Pachnie golem dla Piasta, ale\u00a0przed\u00a0przerw\u0105 ju\u017c strzeli\u0107 \u00a0im\u00a0si\u0119 nie\u00a0uda<\/p>\n<p>                                    Kolejne ataki Piast<\/p>\n<p>Piast naciera. Tym razem strzela\u0142 Barkowskij. M\u00f3g\u0142 to\u00a0zrobi\u0107 znacznie lepiej, a\u00a0tak\u00a0spokojnie wy\u0142apa\u0142 Kacper Tobiasz<\/p>\n<p>                                    Pi\u0119kne zagranie Kacpra Urba\u0144skiego<\/p>\n<p>W\u00a0dogodnej sytuacji znalaz\u0142 si\u0119 Rajovi\u0107. Pewnie my\u015blicie, \u017ce\u00a0nie\u00a0trafi\u0142? To\u00a0m\u00f3wimy, \u017ce\u00a0trafi\u0142&#8230; ale\u00a0w\u00a0Placha<\/p>\n<p>                                    Zmiana w\u00a0Legii<\/p>\n<p>Pawe\u0142 Wszo\u0142ek zamieni\u0142 si\u0119 ze\u00a0Stojanoviciem pozycjami. Mo\u017ce Polakowi lepiej p\u00f3jdzie z\u00a0Leandro Sanc\u0105<\/p>\n<p>W\u00a0Gliwicach obecny Aleksandar Vukovi\u0107. By\u0142y trener zar\u00f3wno Piasta jak i\u00a0Legii<\/p>\n<p>Sanca wrzuci\u0142 Petara Stojanovicia na\u00a0karuzel\u0119. S\u0142oweniec ukarany z\u00f3\u0142t\u0105 kartk\u0105. Je\u015bli tak\u00a0dalej mu\u00a0b\u0119dzie sz\u0142o z\u00a0pilnowaniem Portugalczyka to\u00a0wkr\u00f3tce zostanie zmieniony\u00a0<\/p>\n<p>                                    Tym razem z\u00a0dobrej strony pokaza\u0142 si\u0119 Vallejo<\/p>\n<p>Hiszpan min\u0105\u0142 kilku przeciwnik\u00f3w i\u00a0odda\u0142 gro\u017any strza\u0142. Skuteczna obrona Tobiasza<\/p>\n<p>                                    Wpis o\u00a0Sance aktualny<\/p>\n<blockquote class=\"twitter-tweet\">\n<p lang=\"pl\" dir=\"ltr\">Coraz lepiej na\u00a0boiskach Ekstraklasy radzi sobie Leandro Sanca. W\u00a0lepszym otoczeniu, innej dru\u017cynie m\u00f3g\u0142by okaza\u0107 si\u0119 bardzo ciekawym zawodnikiem. Mam wra\u017cenie, \u017ce\u00a0w\u00a0takim Pia\u015bcie ci\u0119\u017cko b\u0119dzie mu\u00a0pokaza\u0107 pe\u0142ni\u0119 potencja\u0142u<a href=\"https:\/\/twitter.com\/hashtag\/PIALGD?src=hash&amp;ref_src=twsrc%5Etfw\" rel=\"nofollow noopener\" target=\"_blank\">#PIALGD<\/a><br \/><a href=\"https:\/\/t.co\/PRdg8S8RUb\" rel=\"nofollow\">pic.twitter.com\/PRdg8S8RUb<\/a><\/p>\n<p>\u2014 Miko\u0142aj_Duda (@Mikolaj_Duda) <a href=\"https:\/\/twitter.com\/Mikolaj_Duda\/status\/1979875419345265090?ref_src=twsrc%5Etfw\" rel=\"nofollow noopener\" target=\"_blank\">October 19, 2025<\/a><\/p><\/blockquote>\n<p>                                    \u015awietnie zrobi\u0142 to\u00a0Sanca!<\/p>\n<p>Po\u00a0zagraniu Portugalczyka w\u00a0pole karne wpad\u0142 Erik Jirka. W\u00a0ostatniej chwili powstrzyma\u0142 go\u00a0Pi\u0105tkowski\u00a0<\/p>\n<p>                                    Kwadrans gry za\u00a0nami<\/p>\n<p>W\u00a0posiadaniu pi\u0142ki znaczna przewaga Piasta. W\u00a0celnych strza\u0142ach remis 1:1<\/p>\n<p>Czekamy na\u00a0gola dla Piasta. Blisko by\u0142 Dziczek, ale\u00a0pi\u0142k\u0119 ze\u00a0\u015bwiat\u0142a bramki wybi\u0142 Rafa\u0142 Augustyniak.<\/p>\n<p>Pierwsza kartka w\u00a0tym meczu. Upomniany Erik Jirka<\/p>\n<p>Odnotujmy, celny strza\u0142 Rajovicia!<\/p>\n<p>Legia zacz\u0119\u0142a wykopaniem pi\u0142ki w\u00a0aut<\/p>\n<p>\n                                    \u0141ukasz Ku\u017ama zagwizda\u0142. Gramy!\n                                                            <\/p>\n<p>Wkr\u00f3tce zaczynamy, ale\u00a0jeszcze przed\u00a0pierwszym gwizdkiem warto przypomnie\u0107, \u017ce\u00a0w\u00a02021 roku Piast przy Okrzei wygra\u0142 z\u00a0Legi\u0105 4:1. Wtedy prac\u0119 w\u00a0klubie z\u00a0\u0141azienkowskiej zako\u0144czy\u0142 Czes\u0142aw Michniewicz.<\/p>\n<p>Po\u00a0stronie Piasta bez\u00a0wi\u0119kszych zaskocze\u0144. Miejsce w\u00a0podstawowym sk\u0142adzie utrzyma\u0142 Filip Borowski, kt\u00f3ry\u00a0przed\u00a0zmian\u0105 trenera nie\u00a0zagra\u0142 nawet symbolicznej minuty<\/p>\n<p>                                    Wybra\u0144cy Daniela My\u015bliwca<\/p>\n<blockquote class=\"twitter-tweet\">\n<p lang=\"pl\" dir=\"ltr\">\ud83d\udccb Oto XI Niebiesko-Czerwonych na\u00a0ostatni mecz w\u00a02025 roku na\u00a0<a href=\"https:\/\/twitter.com\/hashtag\/Okrzei20?src=hash&amp;ref_src=twsrc%5Etfw\" rel=\"nofollow noopener\" target=\"_blank\">#Okrzei20<\/a>! <\/p>\n<p>\ud83e\udd1d Juande i\u00a0Drapa w\u00a0\u015brodku obrony! <br \/>\u26a1\ufe0f Sanca i\u00a0Jirka na\u00a0skrzyd\u0142ach! <br \/>9\u20e3 German Barkovskiy na\u00a0&#8222;dziewi\u0105tce&#8221;! <\/p>\n<p>Po\u00a0trzy punkty w\u00a0DOMU! \ud83d\udc99\u2764\ufe0f <a href=\"https:\/\/t.co\/r4UBtaGFZB\" rel=\"nofollow\">pic.twitter.com\/r4UBtaGFZB<\/a><\/p>\n<p>\u2014 Piast Gliwice (@PiastGliwiceSA) <a href=\"https:\/\/twitter.com\/PiastGliwiceSA\/status\/1997365427853222177?ref_src=twsrc%5Etfw\" rel=\"nofollow noopener\" target=\"_blank\">December 6, 2025<\/a><\/p><\/blockquote>\n<p>Ju\u017c si\u0119 nie\u00a0mo\u017cemy doczeka\u0107 kolejnego wyst\u0119pu Milety Rajovicia!<\/p>\n<p>Mecz 16. z\u00a018. dru\u017cyn\u0105 Ekstraklasy zwiastuje du\u017ce emocje. Jest to\u00a0starcie za\u00a0przys\u0142owiowe sze\u015b\u0107 punkt\u00f3w. Na\u00a0koniec sezonu wynik tego spotkania mo\u017ce okaza\u0107 si\u0119 kluczowy&#8230; oczywi\u015bcie w\u00a0kontek\u015bcie unikni\u0119cia spadku<\/p>\n<p><\/p>\n<p>Fot.\u00a0Newspix<\/p>\n<p>                    <script async src=\"https:\/\/platform.twitter.com\/widgets.js\" charset=\"utf-8\"><\/script><\/p>\n","protected":false},"excerpt":{"rendered":"Legia zn\u00f3w uda\u0142a si\u0119 do\u00a0Gliwic po\u00a0serii fatalnych wynik\u00f3w. Ponad cztery lata temu za\u00a0kompromituj\u0105cy wyst\u0119p zwolniony zosta\u0142 Czes\u0142aw Michniewicz.&hellip;\n","protected":false},"author":2,"featured_media":136522,"comment_status":"","ping_status":"","sticky":false,"template":"","format":"standard","meta":{"footnotes":""},"categories":[24],"tags":[713,2810,42,38,40,39,41,127,126],"class_list":{"0":"post-136521","1":"post","2":"type-post","3":"status-publish","4":"format-standard","5":"has-post-thumbnail","7":"category-sport","8":"tag-legia-warszawa","9":"tag-piast-gliwice","10":"tag-pl","11":"tag-poland","12":"tag-polish","13":"tag-polska","14":"tag-polski","15":"tag-sport","16":"tag-sports"},"share_on_mastodon":{"url":"https:\/\/pubeurope.com\/@pl\/115674447035986868","error":""},"_links":{"self":[{"href":"https:\/\/www.europesays.com\/pl\/wp-json\/wp\/v2\/posts\/136521","targetHints":{"allow":["GET"]}}],"collection":[{"href":"https:\/\/www.europesays.com\/pl\/wp-json\/wp\/v2\/posts"}],"about":[{"href":"https:\/\/www.europesays.com\/pl\/wp-json\/wp\/v2\/types\/post"}],"author":[{"embeddable":true,"href":"https:\/\/www.europesays.com\/pl\/wp-json\/wp\/v2\/users\/2"}],"replies":[{"embeddable":true,"href":"https:\/\/www.europesays.com\/pl\/wp-json\/wp\/v2\/comments?post=136521"}],"version-history":[{"count":0,"href":"https:\/\/www.europesays.com\/pl\/wp-json\/wp\/v2\/posts\/136521\/revisions"}],"wp:featuredmedia":[{"embeddable":true,"href":"https:\/\/www.europesays.com\/pl\/wp-json\/wp\/v2\/media\/136522"}],"wp:attachment":[{"href":"https:\/\/www.europesays.com\/pl\/wp-json\/wp\/v2\/media?parent=136521"}],"wp:term":[{"taxonomy":"category","embeddable":true,"href":"https:\/\/www.europesays.com\/pl\/wp-json\/wp\/v2\/categories?post=136521"},{"taxonomy":"post_tag","embeddable":true,"href":"https:\/\/www.europesays.com\/pl\/wp-json\/wp\/v2\/tags?post=136521"}],"curies":[{"name":"wp","href":"https:\/\/api.w.org\/{rel}","templated":true}]}}