{"id":136585,"date":"2025-12-06T21:01:15","date_gmt":"2025-12-06T21:01:15","guid":{"rendered":"https:\/\/www.europesays.com\/pl\/136585\/"},"modified":"2025-12-06T21:01:15","modified_gmt":"2025-12-06T21:01:15","slug":"osiem-goli-w-meczu-barcelony-rywal-roberta-lewandowskiego-bohaterem","status":"publish","type":"post","link":"https:\/\/www.europesays.com\/pl\/136585\/","title":{"rendered":"Osiem goli w meczu Barcelony! Rywal Roberta Lewandowskiego bohaterem"},"content":{"rendered":"<p class=\"Paragraph_desktopParagraph__Fd2e9\">Po ostatnim meczu <a href=\"https:\/\/przegladsportowy.onet.pl\/pilka-nozna\/laliga\/tak-kibice-potraktowali-lewandowskiego-po-zmarnowanym-karnym-niebywale\/qgbh9e4\" id=\"82623b4e-6903-4e51-b12d-a3d01cc74172\" rel=\"nofollow noopener\" target=\"_blank\">mo\u017cna by\u0142o si\u0119 spodziewa\u0107, \u017ce w kolejnym Robert Lewandowski zasi\u0105dzie na \u0142awce rezerwowych. Nie chodzi\u0142o tylko o zmarnowany rzut karny<\/a>, ale i o jego gr\u0119. Polak razi\u0142 wieloma b\u0142\u0119dami technicznymi, nie do ko\u0144ca rozumia\u0142 si\u0119 te\u017c z kolegami, cho\u0107 w tym przypadku nie by\u0142a to tylko jego wina.<\/p>\n<p class=\"VideoPlayerText_videoPlayerText__zrtJk\">Dalszy ci\u0105g materia\u0142u pod wideo<\/p>\n<p class=\"Paragraph_desktopParagraph__Fd2e9\">Jego miejsce na \u015brodku ataku zaj\u0105\u0142 Ferran Torres, kt\u00f3ry ustali\u0142 wynik ostatniego spotkania z Atletico Madryt na 3:1. Na lewej flance pojawi\u0142 si\u0119 inny pi\u0142karz, kt\u00f3ry we wtorek da\u0142 dobr\u0105 zmian\u0119 z \u0142awki \u2014 Marcus Rashford. Na prawym skrzydle Hansi Flick wystawi\u0142 z kolei Roony&#8217;ego Bardghjiego, kt\u00f3ry w poprzednich pi\u0119ciu meczach Szwed nawet nie pow\u0105cha\u0142 murawy.<\/p>\n<p class=\"Paragraph_desktopParagraph__Fd2e9\">Po raz pierwszy na &#8222;10&#8221; w seniorskim meczu Barcelony wyszed\u0142 natomiast Lamine Yamal. 18-latek i tak cz\u0119sto szuka\u0142 okazji do rozpocz\u0119cia akcji na swojej nominalnej pozycji. W pierwszym sk\u0142adzie zabrak\u0142o natomiast Raphinhi, kt\u00f3ry przeci\u0105\u017cy\u0142 mi\u0119sie\u0144 w kontuzjowanej jeszcze niedawno nodze.<\/p>\n<p>Szybkie prowadzenie Betisu, Ferran Torres odpowiada hat-trickiem<\/p>\n<p class=\"Paragraph_desktopParagraph__Fd2e9\">Gorzej ten mecz dla Barcelony rozpocz\u0105\u0107 si\u0119 nie m\u00f3g\u0142. Betis wyszed\u0142 na prowadzenie ju\u017c w sz\u00f3stej minucie. Lew\u0105 stron\u0105 przedar\u0142 si\u0119 Ez Abde i wy\u0142o\u017cy\u0142 pi\u0142k\u0119 do Cucho Hernandeza. Ten nieczysto w ni\u0105 trafi\u0142, ale z dobitk\u0105 pospieszy\u0142 jeszcze Pablo Fornals. Jego strza\u0142 zosta\u0142 przyblokowany przez Alejandro Balde, do bezpa\u0144skiej pi\u0142ki dopad\u0142 Antony i strza\u0142em z niewielkiej odleg\u0142o\u015bci od poprzeczki zaskoczy\u0142 Joana Garci\u0119. Go\u015bcie zg\u0142aszali spalonego, ale jego lini\u0119 z\u0142ama\u0142 Jules Kounde, kt\u00f3ry wcze\u015bniej da\u0142 si\u0119 ogra\u0107 Ezowi Abde.<\/p>\n<p class=\"Paragraph_desktopParagraph__Fd2e9\">Na wyr\u00f3wnanie nie trzeba by\u0142o d\u0142ugo czeka\u0107. Yamal i Bardghji szybko rozegrali akcj\u0119 na prawej stronie pola karnego, pi\u0142ka trafi\u0142a na skrzyd\u0142o do Kounde, kt\u00f3ry wy\u0142o\u017cy\u0142 j\u0105 Ferranowi, a ten nie zmarnowa\u0142 okazji. W 13. minucie by\u0142o ju\u017c 1:2. Tym razem mierzone do\u015brodkowanie pos\u0142a\u0142 Bardghji, a Ferran popisa\u0142 si\u0119 znakomitym wolejem. Pi\u0142ka przelecia\u0142a mi\u0119dzy nogami Alvaro Vallesa i zatrzepota\u0142a w siatce.<\/p>\n<p class=\"Paragraph_desktopParagraph__Fd2e9\">W 25. minucie Bardghji sam m\u00f3g\u0142 wpisa\u0107 si\u0119 na list\u0119 strzelc\u00f3w. Pedri uruchomi\u0142 prostopad\u0142ym podaniem Rashforda, ten do\u015brodkowa\u0142 w kierunku Szweda, kt\u00f3ry uderzy\u0142 no\u017cycami. Nie trafi\u0142 jednak czysto w pi\u0142k\u0119.<\/p>\n<p class=\"Paragraph_desktopParagraph__Fd2e9\">W kolejnej akcji ju\u017c si\u0119 nie pomyli\u0142. Dosta\u0142 podanie z g\u0142\u0119bi pola od Pedriego, przyj\u0105\u0142 pi\u0142k\u0119 lew\u0105 nog\u0105, po czym prze\u0142o\u017cy\u0142 na praw\u0105 i uderzy\u0142 pot\u0119\u017cnie w kr\u00f3tki r\u00f3g. Bramkarz Betisu by\u0142 bez szans.<\/p>\n<p class=\"Paragraph_desktopParagraph__Fd2e9\">W\u0142a\u015bciwie wszystko wychodzi\u0142o za to Ferranowi. W 40. minucie zdecydowa\u0142 si\u0119 na strza\u0142 z dystansu, pi\u0142ka odbi\u0142a si\u0119 od rywala, czym kompletnie zmyli\u0142a golkipera Betisu. Tym samym po niemal dw\u00f3ch latach Hiszpan zn\u00f3w zanotowa\u0142 hat-tricka w wyjazdowym meczu z Betisem.<\/p>\n<p class=\"Paragraph_desktopParagraph__Fd2e9\">W kolejnej akcji szcz\u0119\u015bcie ju\u017c go opu\u015bci\u0142o. Wygra\u0142 walk\u0119 o pi\u0142k\u0119 z Natanem i z ostrego k\u0105ta chcia\u0142 skierowa\u0107 j\u0105 mi\u0119dzy nogami Vallesa, ale ta najpierw odbi\u0142a si\u0119 od jednej, p\u00f3\u017aniej od drugiej ko\u0144czyny, po czym bramkarz gospodarzy j\u0105 z\u0142apa\u0142.<\/p>\n<p class=\"Paragraph_desktopParagraph__Fd2e9\">W doliczonym czasie gry Betis zasygnalizowa\u0142, \u017ce nie powiedzia\u0142 jeszcze ostatniego s\u0142owa. Z prawej strony do\u015brodkowa\u0142 Aitor Ruibal, a Cucho znakomicie uderzy\u0142 szczupakiem. Pi\u0142ka minimalnie min\u0119\u0142a dalszy s\u0142upek. Podobnie by\u0142o w przypadku pot\u0119\u017cnego strza\u0142u Ruibala, tyle \u017ce kropn\u0105\u0142 tu\u017c obok prawego s\u0142upka.<\/p>\n<p>Tak Lamine Yamal wykorzysta\u0142 rzut karny<\/p>\n<p class=\"Paragraph_desktopParagraph__Fd2e9\">Drug\u0105 po\u0142ow\u0119 Barcelona rozpocz\u0119\u0142a od do\u015brodkowania Rashforda i strza\u0142u g\u0142ow\u0105 Ferrana, ale zbyt lekkiego, by zaskoczy\u0107 bramkarza gospodarzy. Na posterunku by\u0142 te\u017c Joan Garcia, acz nie mia\u0142 prawa skapitulowa\u0107 po p\u0142askim uderzeniu Antony&#8217;ego. Bli\u017cszy powodzenia by\u0142 Yamal, cho\u0107 uderzy\u0142 zbyt czytelnie w kierunku dalszego s\u0142upka i Valles zanotowa\u0142 skuteczn\u0105 interwencj\u0119.<\/p>\n<p class=\"Paragraph_desktopParagraph__Fd2e9\">Po chwili ta akcja zosta\u0142a cofni\u0119ta, bo w jej wcze\u015bniejszej fazie dosz\u0142o do zagrania r\u0119k\u0105 przez Marca Bartr\u0119. Gospodarze argumentowali, \u017ce po strzale Rashforda pi\u0142ka najpierw odbi\u0142a si\u0119 od biodra stopera, a dopiero p\u00f3\u017aniej od g\u00f3rnej ko\u0144czyny. S\u0119dzia uzna\u0142 jednak, \u017ce jej u\u0142o\u017cenie by\u0142o zbyt nienaturalne i po konsultacji z systemem VAR wskaza\u0142 na punkt karny.<\/p>\n<p class=\"Paragraph_desktopParagraph__Fd2e9\">Do &#8222;jedenastki&#8221; podszed\u0142 Yamal i pewnym strza\u0142em pokona\u0142 Vallesa. Tu\u017c przed uderzeniem zwolni\u0142 ruch nogi, czym zmyli\u0142 bramkarza Betisu.<\/p>\n<p class=\"Paragraph_desktopParagraph__Fd2e9\">W 66. minucie mog\u0142o by\u0107 ju\u017c 1:6. Yamal przej\u0105\u0142 pi\u0142k\u0119 i uruchomi\u0142 Bardghjiego, ten uderzy\u0142 obok bramkarza, a Ruibal momentalnie pospieszy\u0142 z ofiarn\u0105 interwencj\u0105. Kwadrans przed ko\u0144cem spotkania czwartego gola m\u00f3g\u0142 strzeli\u0107 Ferran. Sp\u00f3\u017ani\u0142 si\u0119 jednak minimalnie do podania Yamala wzd\u0142u\u017c bramki.<\/p>\n<p>Oto dlaczego nie zagra\u0142 Robert Lewandowski<\/p>\n<p class=\"Paragraph_desktopParagraph__Fd2e9\">Gdy w 80. minucie Flick przeprowadzi\u0142 pi\u0105t\u0105 zmian\u0119, sta\u0142o si\u0119 jasne, \u017ce Lewandowski w tym meczu nie zagra. Przy wysokim prowadzeniu Niemiec chcia\u0142 da\u0107 szans\u0119 mniej graj\u0105cym do tej pory zawodnikom (Marc Bernal, Jofre Torrents), a poza tym ju\u017c we wtorek Barcelon\u0119 czeka mecz z Eintrachtem Frankfurt w Lidze Mistrz\u00f3w.<\/p>\n<p class=\"Paragraph_desktopParagraph__Fd2e9\">Betis zdo\u0142a\u0142 po raz drugi pokona\u0107 Joana Garci\u0119, ale okaza\u0142o si\u0119, \u017ce podaj\u0105cy do Pablo Garcii Cucho Hernandez by\u0142 na spalonym. W 85. minucie \u017cadnych w\u0105tpliwo\u015bci ju\u017c nie by\u0142o. Pablo Fornals do\u015brodkowa\u0142 z rzutu ro\u017cnego, Ez Abde g\u0142ow\u0105 tr\u0105ci\u0142 pi\u0142k\u0119, a Diego Llorente z niewielkiej odleg\u0142o\u015bci wpisa\u0142 si\u0119 na list\u0119 strzelc\u00f3w.<\/p>\n<p class=\"Paragraph_desktopParagraph__Fd2e9\">Minut\u0119 p\u00f3\u017aniej powinno by\u0107 2:6. Rashford bieg\u0142 samotnie z pi\u0142k\u0105 od \u015brodka pola i stan\u0105\u0142 oko w oko z Vallesem. Uderzy\u0142 jednak zdecydowanie obok bramki.<\/p>\n<p class=\"Paragraph_desktopParagraph__Fd2e9\">Zem\u015bci\u0142o si\u0119 to w ostatniej minucie podstawowego czasu gry. Kounde zn\u00f3w nie poradzi\u0142 sobie z Ez Abde, fauluj\u0105c go w polu karnym, a &#8222;jedenastk\u0119&#8221; spokojne wykorzysta\u0142 Cucho Hernandez.<\/p>\n<p class=\"Paragraph_desktopParagraph__Fd2e9\">Betis do ko\u0144ca atakowa\u0142, ale kontaktowej bramki ju\u017c nie zdoby\u0142. Ten szalony mecz w ostatniej minucie zwie\u0144czy\u0142 efektown\u0105 &#8222;rabon\u0105&#8221; Ez Abde. Jego do\u015brodkowanie nie znalaz\u0142o jednak adresata i po chwili s\u0119dzia zagwizda\u0142 po raz ostatni.<\/p>\n<p class=\"Paragraph_desktopParagraph__Fd2e9\">Sz\u00f3sta z kolei wygrana w LaLidze pozwoli\u0142a Barcelonie umocni\u0107 si\u0119 na pozycji lidera. Jej przewaga nad drugim w tabeli Realem Madryt wynosi cztery punkty. Kr\u00f3lewscy b\u0119d\u0105 mogli odpowiedzie\u0107 w niedziel\u0119 wieczorem. Wtedy w ramach tej serii spotka\u0144 podejm\u0105 Celt\u0119 Vigo.<\/p>\n","protected":false},"excerpt":{"rendered":"Po ostatnim meczu mo\u017cna by\u0142o si\u0119 spodziewa\u0107, \u017ce w kolejnym Robert Lewandowski zasi\u0105dzie na \u0142awce rezerwowych. Nie chodzi\u0142o&hellip;\n","protected":false},"author":2,"featured_media":136586,"comment_status":"","ping_status":"","sticky":false,"template":"","format":"standard","meta":{"footnotes":""},"categories":[24],"tags":[303,7443,67,2960,2051,929,948,42,38,40,39,41,136,128,28205,300,47,127,135,126,130],"class_list":{"0":"post-136585","1":"post","2":"type-post","3":"status-publish","4":"format-standard","5":"has-post-thumbnail","7":"category-sport","8":"tag-fc_barcelona","9":"tag-ferran_torres","10":"tag-intextvideo_splayer","11":"tag-la_liga","12":"tag-laliga","13":"tag-pawb","14":"tag-pilka_nozna","15":"tag-pl","16":"tag-poland","17":"tag-polish","18":"tag-polska","19":"tag-polski","20":"tag-ps_detal_new","21":"tag-psv2","22":"tag-real_betis","23":"tag-robert_lewandowski","24":"tag-screening_general","25":"tag-sport","26":"tag-sport_sport","27":"tag-sports","28":"tag-wiadomosci_sportowe"},"share_on_mastodon":{"url":"https:\/\/pubeurope.com\/@pl\/115674643407654632","error":""},"_links":{"self":[{"href":"https:\/\/www.europesays.com\/pl\/wp-json\/wp\/v2\/posts\/136585","targetHints":{"allow":["GET"]}}],"collection":[{"href":"https:\/\/www.europesays.com\/pl\/wp-json\/wp\/v2\/posts"}],"about":[{"href":"https:\/\/www.europesays.com\/pl\/wp-json\/wp\/v2\/types\/post"}],"author":[{"embeddable":true,"href":"https:\/\/www.europesays.com\/pl\/wp-json\/wp\/v2\/users\/2"}],"replies":[{"embeddable":true,"href":"https:\/\/www.europesays.com\/pl\/wp-json\/wp\/v2\/comments?post=136585"}],"version-history":[{"count":0,"href":"https:\/\/www.europesays.com\/pl\/wp-json\/wp\/v2\/posts\/136585\/revisions"}],"wp:featuredmedia":[{"embeddable":true,"href":"https:\/\/www.europesays.com\/pl\/wp-json\/wp\/v2\/media\/136586"}],"wp:attachment":[{"href":"https:\/\/www.europesays.com\/pl\/wp-json\/wp\/v2\/media?parent=136585"}],"wp:term":[{"taxonomy":"category","embeddable":true,"href":"https:\/\/www.europesays.com\/pl\/wp-json\/wp\/v2\/categories?post=136585"},{"taxonomy":"post_tag","embeddable":true,"href":"https:\/\/www.europesays.com\/pl\/wp-json\/wp\/v2\/tags?post=136585"}],"curies":[{"name":"wp","href":"https:\/\/api.w.org\/{rel}","templated":true}]}}