{"id":136618,"date":"2025-12-06T21:29:11","date_gmt":"2025-12-06T21:29:11","guid":{"rendered":"https:\/\/www.europesays.com\/pl\/136618\/"},"modified":"2025-12-06T21:29:11","modified_gmt":"2025-12-06T21:29:11","slug":"lukasz-zjawinski-z-polonii-warszawa-rozchwytywany-przez-kluby-ekstraklasy","status":"publish","type":"post","link":"https:\/\/www.europesays.com\/pl\/136618\/","title":{"rendered":"\u0141ukasz Zjawi\u0144ski z Polonii Warszawa rozchwytywany przez kluby Ekstraklasy"},"content":{"rendered":"<p>\u0141ukasz Zjawi\u0144ski od\u00a0p\u00f3\u0142tora roku robi furor\u0119 w\u00a0barwach Polonii Warszawa. Nic wi\u0119c\u00a0dziwnego, \u017ce\u00a024-letni napastnik wzbudza coraz wi\u0119ksze zainteresowanie w\u015br\u00f3d klub\u00f3w Ekstraklasy.\u00a0<\/p>\n<p>Zjawi\u0144ski jesieni\u0105 w\u00a0dziewi\u0119tnastu meczach I\u00a0ligi zdoby\u0142 10 bramek. W\u00a0poprzednim sezonie trafi\u0142 do\u00a0siatki rywali a\u017c\u00a023 razy.<\/p>\n<p>\u0141ukasz Zjawi\u0144ski z\u00a0Polonii Warszawa rozchwytywany przez\u00a0kluby Ekstraklasy<\/p>\n<p>Pomaga mu\u00a0wykonywanie rzut\u00f3w karnych. Z\u00a0tych trzydziestu trzech goli a\u017c\u00a013 dotyczy strza\u0142\u00f3w z\u00a0jedenastego metra, ale\u00a0nawet po\u00a0tej\u00a0adnotacji m\u00f3wimy o\u00a0bardzo dobrych statystykach.<\/p>\n<p>Si\u0142\u0105 rzeczy ustawia si\u0119 po\u00a0niego kolejka ch\u0119tnych, zw\u0142aszcza \u017ce\u00a0umowa wygasa mu\u00a0za\u00a0p\u00f3\u0142 roku. Jak donosi Mateusz Janiak z\u00a0\u201ePrzegl\u0105du Sportowego\u201d, ch\u0119tni na\u00a0jego us\u0142ugi to\u00a0m.in.\u00a0Pogo\u0144 Szczecin, G\u00f3rnik Zabrze, Zag\u0142\u0119bie Lubin i\u00a0Bruk-Bet Termalica Nieciecza.<\/p>\n<blockquote class=\"twitter-tweet\">\n<p dir=\"ltr\" lang=\"pl\">\u0141ukasz Zjawi\u0144ski.<\/p>\n<p>Wczoraj zako\u0144czy\u0142 bardzo udane p\u00f3\u0142tora roku w\u00a0Polonii Warszawa \u2013 33 gole i\u00a02 asysty w\u00a050 wyst\u0119pach w\u00a0I\u00a0lidze \u2013 i\u00a0oczywi\u015bcie wzbudza du\u017ce zainteresowanie. Napastnika chc\u0105 mi\u0119dzy innymi: G\u00f3rnik Zabrze, Pogo\u0144 Szczecin, Zag\u0142\u0119bie Lubin czy\u00a0Bruk-Bet Nieciecza.<\/p>\n<p>\u2014\u00a0Mateusz Janiak (@eMJot23) <a href=\"https:\/\/twitter.com\/eMJot23\/status\/1997248051287831031?ref_src=twsrc%5Etfw\" target=\"_blank\" rel=\"noopener noreferrer nofollow\">December 6, 2025<\/a><\/p>\n<\/blockquote>\n<p>Zjawi\u0144ski na\u00a0najwy\u017cszym szczeblu rozegra\u0142 ju\u017c 47 mecz\u00f3w w\u00a0barwach Stali Mielec, Lechii Gda\u0144sk i\u00a0Widzewa \u0141\u00f3d\u017a, ale\u00a0nigdy nie\u00a0sta\u0142 si\u0119 na\u00a0d\u0142u\u017cej pierwszym wyborem trener\u00f3w. Strzeli\u0142 w\u00a0tym czasie jednego gola i\u00a0zaliczy\u0142 trzy asysty.<\/p>\n<p>Jego \u201emeczem \u017cycia\u201d okaza\u0142 si\u0119 wyst\u0119p na\u00a0stadionie Legii Warszawa w\u00a0barwach Stali. Mielczanie sensacyjnie wygrali 3:2, wszystkie bramki zdobywali po\u00a0rzutach karnych, a\u00a0za\u00a0ka\u017cdym razem zawodnikiem faulowanym by\u0142 w\u0142a\u015bnie Zjawi\u0144ski.<\/p>\n<p>CZYTAJ WI\u0118CEJ O\u00a0EKSTRAKLASIE:<\/p>\n<p>Fot.\u00a0Newspix<\/p>\n<p>                    <script async src=\"https:\/\/platform.twitter.com\/widgets.js\" charset=\"utf-8\"><\/script><\/p>\n","protected":false},"excerpt":{"rendered":"\u0141ukasz Zjawi\u0144ski od\u00a0p\u00f3\u0142tora roku robi furor\u0119 w\u00a0barwach Polonii Warszawa. Nic wi\u0119c\u00a0dziwnego, \u017ce\u00a024-letni napastnik wzbudza coraz wi\u0119ksze zainteresowanie w\u015br\u00f3d&hellip;\n","protected":false},"author":2,"featured_media":136619,"comment_status":"","ping_status":"","sticky":false,"template":"","format":"standard","meta":{"footnotes":""},"categories":[24],"tags":[28258,42,38,40,4766,39,41,127,126],"class_list":{"0":"post-136618","1":"post","2":"type-post","3":"status-publish","4":"format-standard","5":"has-post-thumbnail","7":"category-sport","8":"tag-lukasz-zjawinski","9":"tag-pl","10":"tag-poland","11":"tag-polish","12":"tag-polonia-warszawa","13":"tag-polska","14":"tag-polski","15":"tag-sport","16":"tag-sports"},"share_on_mastodon":{"url":"https:\/\/pubeurope.com\/@pl\/115674753516875102","error":""},"_links":{"self":[{"href":"https:\/\/www.europesays.com\/pl\/wp-json\/wp\/v2\/posts\/136618","targetHints":{"allow":["GET"]}}],"collection":[{"href":"https:\/\/www.europesays.com\/pl\/wp-json\/wp\/v2\/posts"}],"about":[{"href":"https:\/\/www.europesays.com\/pl\/wp-json\/wp\/v2\/types\/post"}],"author":[{"embeddable":true,"href":"https:\/\/www.europesays.com\/pl\/wp-json\/wp\/v2\/users\/2"}],"replies":[{"embeddable":true,"href":"https:\/\/www.europesays.com\/pl\/wp-json\/wp\/v2\/comments?post=136618"}],"version-history":[{"count":0,"href":"https:\/\/www.europesays.com\/pl\/wp-json\/wp\/v2\/posts\/136618\/revisions"}],"wp:featuredmedia":[{"embeddable":true,"href":"https:\/\/www.europesays.com\/pl\/wp-json\/wp\/v2\/media\/136619"}],"wp:attachment":[{"href":"https:\/\/www.europesays.com\/pl\/wp-json\/wp\/v2\/media?parent=136618"}],"wp:term":[{"taxonomy":"category","embeddable":true,"href":"https:\/\/www.europesays.com\/pl\/wp-json\/wp\/v2\/categories?post=136618"},{"taxonomy":"post_tag","embeddable":true,"href":"https:\/\/www.europesays.com\/pl\/wp-json\/wp\/v2\/tags?post=136618"}],"curies":[{"name":"wp","href":"https:\/\/api.w.org\/{rel}","templated":true}]}}