{"id":136628,"date":"2025-12-06T21:43:08","date_gmt":"2025-12-06T21:43:08","guid":{"rendered":"https:\/\/www.europesays.com\/pl\/136628\/"},"modified":"2025-12-06T21:43:08","modified_gmt":"2025-12-06T21:43:08","slug":"wieczysta-krakow-nie-rezygnuje-z-gry-o-pko-ekstraklase","status":"publish","type":"post","link":"https:\/\/www.europesays.com\/pl\/136628\/","title":{"rendered":"Wieczysta Krak\u00f3w nie rezygnuje z gry o PKO Ekstraklas\u0119"},"content":{"rendered":"\n<p class=\"contentpart contentpart--default contentpart--text\" data-position=\"0\"><a href=\"https:\/\/sportowefakty.wp.pl\/pilka-nozna\/wieczysta-krakow\" rel=\"nofollow noopener\" target=\"_blank\">Wieczysta Krak\u00f3w<\/a>\u00a0zapewni\u0142a sobie wygran\u0105 2:0 z <a href=\"https:\/\/sportowefakty.wp.pl\/pilka-nozna\/pogon-siedlce\" rel=\"nofollow noopener\" target=\"_blank\">Pogoni\u0105 Siedlce<\/a>\u00a0w drugiej po\u0142owie. Za otwarcie wyniku odpowiada\u0142 <a href=\"https:\/\/sportowefakty.wp.pl\/pilka-nozna\/michal-pazdan\" rel=\"nofollow noopener\" target=\"_blank\">Micha\u0142 Pazdan<\/a>. By\u0142y <a href=\"https:\/\/sportowefakty.wp.pl\/pilka-nozna\/polska\" rel=\"nofollow noopener\" target=\"_blank\">reprezentant Polski<\/a>\u00a0wykorzysta\u0142 do\u015brodkowanie <a href=\"https:\/\/sportowefakty.wp.pl\/pilka-nozna\/kamil-dankowski\" rel=\"nofollow noopener\" target=\"_blank\">Kamila Dankowskiego<\/a>\u00a0z rzutu ro\u017cnego w 52. minucie. Wieczysta nie pozwoli\u0142a ju\u017c gospodarzom na odrobienie strat, a <a href=\"https:\/\/sportowefakty.wp.pl\/pilka-nozna\/stefan-feiertag\" rel=\"nofollow noopener\" target=\"_blank\">Stefan Feiertag<\/a>\u00a0odda\u0142 strza\u0142 na 2:0 po dograniu <a href=\"https:\/\/sportowefakty.wp.pl\/pilka-nozna\/lisandro-semedo\" rel=\"nofollow noopener\" target=\"_blank\">Lisandro Semedo<\/a>\u00a0w 81. minucie.<\/p>\n<p class=\"contentpart contentpart--default contentpart--text\" data-position=\"1\">Ciekawie by\u0142o w <a href=\"https:\/\/sportowefakty.wp.pl\/polska\/legnica\" rel=\"nofollow noopener\" target=\"_blank\">Legnicy<\/a>, w kt\u00f3rej <a href=\"https:\/\/sportowefakty.wp.pl\/pilka-nozna\/miedz-legnica\" rel=\"nofollow noopener\" target=\"_blank\">Mied\u017a<\/a>\u00a0podejmowa\u0142a <a href=\"https:\/\/sportowefakty.wp.pl\/pilka-nozna\/odra-opole\" rel=\"nofollow noopener\" target=\"_blank\">Odr\u0119 Opole<\/a>. Nie min\u0105\u0142 kwadrans spotkania i gospodarze obj\u0119li prowadzenie 1:0. Przysn\u0119\u0142a obrona Odry i wykorzysta\u0142 to <a href=\"https:\/\/sportowefakty.wp.pl\/pilka-nozna\/asier-cordoba\" rel=\"nofollow noopener\" target=\"_blank\">Asier Cordoba<\/a>\u00a0po p\u0142askim dograniu z lewego skrzyd\u0142a. Przed przerw\u0105 by\u0142y jeszcze mi\u0119dzy innymi nieuznana bramka <a href=\"https:\/\/sportowefakty.wp.pl\/pilka-nozna\/szymon-kobusinski\" rel=\"nofollow noopener\" target=\"_blank\">Szymona Kobusi\u0144skiego<\/a>\u00a0i niewykorzystany rzut karny <a href=\"https:\/\/sportowefakty.wp.pl\/pilka-nozna\/daniel-stanclik\" rel=\"nofollow noopener\" target=\"_blank\">Daniela Stanclika<\/a>.<\/p>\n<p> <img role=\"presentation\" src=\"https:\/\/std.wpcdn.pl\/images\/adv\/placeholder_wp.svg\" loading=\"lazy\" alt=\"\" decoding=\"async\"\/>  <\/p>\n<p class=\"contentpart contentpart--default contentpart--text\" data-position=\"2\">Odra nie odpu\u015bci\u0142a, a zespo\u0142owa akcja w 72. minucie pozwoli\u0142a go\u015bciom strzeli\u0107 gola na 1:1. Tym razem wszystko wydarzy\u0142o si\u0119 zgodnie z przepisami, a <a href=\"https:\/\/sportowefakty.wp.pl\/pilka-nozna\/adrian-purzycki\" rel=\"nofollow noopener\" target=\"_blank\">Adrian Purzycki<\/a>\u00a0przymierzy\u0142 uderzeniem na koniec serii poda\u0144. Trafi\u0142 do bramki <a href=\"https:\/\/sportowefakty.wp.pl\/pilka-nozna\/jakub-wrabel\" rel=\"nofollow noopener\" target=\"_blank\">Jakuba Wr\u0105bla<\/a>\u00a0z kilkunastu metr\u00f3w po dograniu z prawej strony <a href=\"https:\/\/sportowefakty.wp.pl\/pilka-nozna\/mateusz-spychala\" rel=\"nofollow noopener\" target=\"_blank\">Mateusza Spycha\u0142y<\/a>.<\/p>\n<p class=\"contentpart contentpart--default contentpart--text\" data-position=\"3\">ZOBACZ WIDEO: #dziejesiewsporcie: Co oni zrobili! Niesamowity gol w \u00f3smej sekundzie<\/p>\n<p class=\"contentpart contentpart--default contentpart--text\" data-position=\"5\">Mied\u017a rozstrzygn\u0119\u0142a pojedynek w doliczonym czasie, praktycznie ostatnim atakiem. W 92. minucie\u00a0<a href=\"https:\/\/sportowefakty.wp.pl\/pilka-nozna\/gleb-kuczko\" rel=\"nofollow noopener\" target=\"_blank\">Gleb Kuczko<\/a>\u00a0hukn\u0105\u0142 zza pola karnego na 2:1. Odra wybroni\u0142a si\u0119 po wrzutce <a href=\"https:\/\/sportowefakty.wp.pl\/pilka-nozna\/jakub-serafin\" rel=\"nofollow noopener\" target=\"_blank\">Jakuba Serafina<\/a>\u00a0z rzutu wolnego, ale nie odebra\u0142a pi\u0142ki gospodarzom. Ta powr\u00f3ci\u0142a w okolic\u0119 pola karnego, a Gleb Kuczko pokona\u0142 stamt\u0105d <a href=\"https:\/\/sportowefakty.wp.pl\/pilka-nozna\/mateusz-abramowicz\" rel=\"nofollow noopener\" target=\"_blank\">Mateusza Abramowicza<\/a>.<\/p>\n<p class=\"contentpart contentpart--default contentpart--text\" data-position=\"6\"><a href=\"https:\/\/sportowefakty.wp.pl\/pilka-nozna\/pogon-grodzisk-mazowiecki\" rel=\"nofollow noopener\" target=\"_blank\">Pogo\u0144 Grodzisk Mazowiecki<\/a>\u00a0zaprezentowa\u0142a si\u0119 bardzo dobrze w rundzie jesiennej, ale akurat sam finisz nie wyszed\u0142 beniaminkowi. Pi\u0142karze <a href=\"https:\/\/sportowefakty.wp.pl\/pilka-nozna\/piotr-stokowiec\" rel=\"nofollow noopener\" target=\"_blank\">Piotra Stokowca<\/a>\u00a0zremisowali 1:1 z <a href=\"https:\/\/sportowefakty.wp.pl\/pilka-nozna\/puszcza-niepolomice\" rel=\"nofollow noopener\" target=\"_blank\">Puszcz\u0105 Niepo\u0142omice<\/a>\u00a0po pora\u017cce 0:1 ze <a href=\"https:\/\/sportowefakty.wp.pl\/pilka-nozna\/stal-rzeszow\" rel=\"nofollow noopener\" target=\"_blank\">Stal\u0105 Rzesz\u00f3w<\/a>. Puszcza wykorzysta\u0142a do wyr\u00f3wnania sta\u0142y fragment gry. Jak tradycja nakazuje. W 83. minucie <a href=\"https:\/\/sportowefakty.wp.pl\/pilka-nozna\/konrad-stepien\" rel=\"nofollow noopener\" target=\"_blank\">Konrad St\u0119pie\u0144<\/a>\u00a0zaskoczy\u0142 Pogo\u0144 po do\u015brodkowaniu z rzutu ro\u017cnego.<\/p>\n<p> <img role=\"presentation\" src=\"https:\/\/std.wpcdn.pl\/images\/adv\/placeholder_wp.svg\" loading=\"lazy\" alt=\"\" decoding=\"async\"\/>  <\/p>\n<p class=\"contentpart contentpart--default contentpart--text\" data-position=\"7\">19. kolejka <a href=\"https:\/\/sportowefakty.wp.pl\/pilka-nozna\/betclic-i-liga\" rel=\"nofollow noopener\" target=\"_blank\">Betclic I ligi<\/a>:<\/p>\n<p class=\"contentpart contentpart--default contentpart--text\" data-position=\"8\"><a href=\"https:\/\/sportowefakty.wp.pl\/pilka-nozna\/pogon-siedlce\" rel=\"nofollow noopener\" target=\"_blank\">Pogo\u0144 Siedlce<\/a>\u00a0&#8211; <a href=\"https:\/\/sportowefakty.wp.pl\/pilka-nozna\/wieczysta-krakow\" rel=\"nofollow noopener\" target=\"_blank\">Wieczysta Krak\u00f3w<\/a>\u00a00:2 (0:0)<br \/>0:1 &#8211; Micha\u0142 Pazdan 52&#8242;<br \/>0:2 &#8211; Stefan Feiertag 81&#8242;<\/p>\n<p class=\"contentpart contentpart--default contentpart--text\" data-position=\"9\"><a href=\"https:\/\/sportowefakty.wp.pl\/pilka-nozna\/miedz-legnica\" rel=\"nofollow noopener\" target=\"_blank\">Mied\u017a Legnica<\/a>\u00a0&#8211; <a href=\"https:\/\/sportowefakty.wp.pl\/pilka-nozna\/odra-opole\" rel=\"nofollow noopener\" target=\"_blank\">Odra Opole<\/a>\u00a02:1 (1:0)<br \/>1:0 &#8211; Asier Cordoba 12&#8242;<br \/>1:1 &#8211; Adrian Purzycki 72&#8242;<br \/>2:1 &#8211; Gleb Kuczko 90&#8242;<\/p>\n<p class=\"contentpart contentpart--default contentpart--text\" data-position=\"10\"><a href=\"https:\/\/sportowefakty.wp.pl\/pilka-nozna\/pogon-grodzisk-mazowiecki\" rel=\"nofollow noopener\" target=\"_blank\">Pogo\u0144 Grodzisk Mazowiecki<\/a>\u00a0&#8211; <a href=\"https:\/\/sportowefakty.wp.pl\/pilka-nozna\/puszcza-niepolomice\" rel=\"nofollow noopener\" target=\"_blank\">Puszcza Niepo\u0142omice<\/a>\u00a01:1 (0:0)<br \/>1:0 &#8211; Jakub Konstantyn 54&#8242;<br \/>1:1 &#8211; Konrad St\u0119pie\u0144 83&#8242;<\/p>\n<p class=\"contentpart contentpart--default contentpart--text\" data-position=\"11\">Tabela <a href=\"https:\/\/sportowefakty.wp.pl\/pilka-nozna\/betclic-i-liga\" rel=\"nofollow noopener\" target=\"_blank\">Betclic I ligi<\/a>:<\/p>\n<p>    Tabela zapewniona przez <a target=\"_blank\" href=\"https:\/\/www.sofascore.com\/pl\/turniej\/pilka-nozna\/poland\/i-liga\/229#id:77153\" rel=\"nofollow noopener\">Sofascore<\/a>   <\/p>\n","protected":false},"excerpt":{"rendered":"Wieczysta Krak\u00f3w\u00a0zapewni\u0142a sobie wygran\u0105 2:0 z Pogoni\u0105 Siedlce\u00a0w drugiej po\u0142owie. Za otwarcie wyniku odpowiada\u0142 Micha\u0142 Pazdan. By\u0142y reprezentant&hellip;\n","protected":false},"author":2,"featured_media":136629,"comment_status":"","ping_status":"","sticky":false,"template":"","format":"standard","meta":{"footnotes":""},"categories":[24],"tags":[3640,9159,17881,17880,269,42,12048,462,38,40,39,41,3641,15634,28260,127,126,18681,3642,28259,3651],"class_list":{"0":"post-136628","1":"post","2":"type-post","3":"status-publish","4":"format-standard","5":"has-post-thumbnail","7":"category-sport","8":"tag-betclic-i-liga","9":"tag-legnica","10":"tag-miedz-legnica","11":"tag-odra-opole","12":"tag-pilka-nozna","13":"tag-pl","14":"tag-pogon-grodzisk-mazowiecki","15":"tag-pogon-siedlce","16":"tag-poland","17":"tag-polish","18":"tag-polska","19":"tag-polski","20":"tag-pruszkow","21":"tag-puszcza-niepolomice","22":"tag-siedlce","23":"tag-sport","24":"tag-sports","25":"tag-stadion-miejski-w-legnicy","26":"tag-stadion-mzos-znicz-w-pruszkowie","27":"tag-stadion-rosrrit-w-siedlcach","28":"tag-wieczysta-krakow"},"share_on_mastodon":{"url":"https:\/\/pubeurope.com\/@pl\/115674809227418338","error":""},"_links":{"self":[{"href":"https:\/\/www.europesays.com\/pl\/wp-json\/wp\/v2\/posts\/136628","targetHints":{"allow":["GET"]}}],"collection":[{"href":"https:\/\/www.europesays.com\/pl\/wp-json\/wp\/v2\/posts"}],"about":[{"href":"https:\/\/www.europesays.com\/pl\/wp-json\/wp\/v2\/types\/post"}],"author":[{"embeddable":true,"href":"https:\/\/www.europesays.com\/pl\/wp-json\/wp\/v2\/users\/2"}],"replies":[{"embeddable":true,"href":"https:\/\/www.europesays.com\/pl\/wp-json\/wp\/v2\/comments?post=136628"}],"version-history":[{"count":0,"href":"https:\/\/www.europesays.com\/pl\/wp-json\/wp\/v2\/posts\/136628\/revisions"}],"wp:featuredmedia":[{"embeddable":true,"href":"https:\/\/www.europesays.com\/pl\/wp-json\/wp\/v2\/media\/136629"}],"wp:attachment":[{"href":"https:\/\/www.europesays.com\/pl\/wp-json\/wp\/v2\/media?parent=136628"}],"wp:term":[{"taxonomy":"category","embeddable":true,"href":"https:\/\/www.europesays.com\/pl\/wp-json\/wp\/v2\/categories?post=136628"},{"taxonomy":"post_tag","embeddable":true,"href":"https:\/\/www.europesays.com\/pl\/wp-json\/wp\/v2\/tags?post=136628"}],"curies":[{"name":"wp","href":"https:\/\/api.w.org\/{rel}","templated":true}]}}