{"id":136651,"date":"2025-12-06T22:11:11","date_gmt":"2025-12-06T22:11:11","guid":{"rendered":"https:\/\/www.europesays.com\/pl\/136651\/"},"modified":"2025-12-06T22:11:11","modified_gmt":"2025-12-06T22:11:11","slug":"polscy-skoczkowie-daleko-w-wisle-sloweniec-najlepszy","status":"publish","type":"post","link":"https:\/\/www.europesays.com\/pl\/136651\/","title":{"rendered":"Polscy skoczkowie daleko w Wi\u015ble. S\u0142oweniec najlepszy"},"content":{"rendered":"<p><a class=\"related__link\" href=\"https:\/\/www.polsatsport.pl\/galeria\/2025-11-11\/partnerki-polskich-skoczkow-narciarskich-z-kim-sa-zwiazani-zdjecia_27654\/\" rel=\"nofollow noopener\" target=\"_blank\"><img decoding=\"async\" class=\"related__img lazy-load\" src=\"https:\/\/www.europesays.com\/pl\/wp-content\/uploads\/2025\/11\/wcaebkwy1c2g5263vvg7ua9b393ytee3.jpg\" alt=\"Partnerki polskich skoczk\u00f3w narciarskich. Z kim s\u0105 zwi\u0105zani? (ZDJ\u0118CIA)\"\/>Partnerki polskich skoczk\u00f3w narciarskich. Z kim s\u0105 zwi\u0105zani? (ZDJ\u0118CIA)<\/a><\/p>\n<p>Drugie miejsce, ze strat\u0105 6,8 pkt, zaj\u0105\u0142 Niemiec Philipp Raimund. Trzeci by\u0142 Japo\u0144czyk Ryoyu Kobayashi &#8211; 19 pkt straty.<\/p>\n<p>\u00a0<\/p>\n<p>ZOBACZ TAK\u017bE:\u00a0<a href=\"https:\/\/www.polsatsport.pl\/wiadomosc\/2025-12-05\/potrzebna-byla-zgoda-zony-malysza-teraz-jest-tam-samo-tajner-juz-tego-nie-kryje\/\" target=\"_blank\" rel=\"noopener noreferrer nofollow\">Potrzebna by\u0142a zgoda \u017cony Ma\u0142ysza. Teraz jest tak samo, Tajner ju\u017c tego nie kryje<\/a><\/p>\n<p>\u00a0<\/p>\n<p>Prowadzenie w klasyfikacji generalnej utrzyma\u0142 czwarty tego dnia S\u0142oweniec Anze Lanisek.<\/p>\n<p>\u00a0<\/p>\n<p>Kacper Tomasiak uplasowa\u0142 si\u0119 na 25. pozycji, a Dawid Kubacki na 26.<\/p>\n<p>\u00a0<\/p>\n<p>Po pierwszej serii odpadli 31. Maciej Kot oraz 34. Pawe\u0142 W\u0105sek.<\/p>\n<p>\u00a0<\/p>\n<p>Dzie\u0144 wcze\u015bniej dosz\u0142o do sporej sensacji &#8211; <a href=\"https:\/\/www.polsatsport.pl\/wiadomosc\/2025-12-05\/szokujaca-wpadka-kamila-stocha-taka-informacja-przed-konkursem-w-wisle\/\" target=\"_blank\" rel=\"noopener noreferrer nofollow\">do konkursu g\u0142\u00f3wnego nie zakwalifikowa\u0142 si\u0119 Kamil Stoch.<\/a><\/p>\n<p>BS, PAP<\/p>\n<p><a class=\"news__read-more-button\" href=\"https:\/\/www.polsatsport.pl\/\" rel=\"nofollow noopener\" target=\"_blank\">Przejd\u017a na Polsatsport.pl<\/a><\/p>\n","protected":false},"excerpt":{"rendered":"Partnerki polskich skoczk\u00f3w narciarskich. Z kim s\u0105 zwi\u0105zani? (ZDJ\u0118CIA) Drugie miejsce, ze strat\u0105 6,8 pkt, zaj\u0105\u0142 Niemiec Philipp&hellip;\n","protected":false},"author":2,"featured_media":136652,"comment_status":"","ping_status":"","sticky":false,"template":"","format":"standard","meta":{"footnotes":""},"categories":[24],"tags":[42,38,40,39,41,127,126],"class_list":{"0":"post-136651","1":"post","2":"type-post","3":"status-publish","4":"format-standard","5":"has-post-thumbnail","7":"category-sport","8":"tag-pl","9":"tag-poland","10":"tag-polish","11":"tag-polska","12":"tag-polski","13":"tag-sport","14":"tag-sports"},"share_on_mastodon":{"url":"https:\/\/pubeurope.com\/@pl\/115674918745875225","error":""},"_links":{"self":[{"href":"https:\/\/www.europesays.com\/pl\/wp-json\/wp\/v2\/posts\/136651","targetHints":{"allow":["GET"]}}],"collection":[{"href":"https:\/\/www.europesays.com\/pl\/wp-json\/wp\/v2\/posts"}],"about":[{"href":"https:\/\/www.europesays.com\/pl\/wp-json\/wp\/v2\/types\/post"}],"author":[{"embeddable":true,"href":"https:\/\/www.europesays.com\/pl\/wp-json\/wp\/v2\/users\/2"}],"replies":[{"embeddable":true,"href":"https:\/\/www.europesays.com\/pl\/wp-json\/wp\/v2\/comments?post=136651"}],"version-history":[{"count":0,"href":"https:\/\/www.europesays.com\/pl\/wp-json\/wp\/v2\/posts\/136651\/revisions"}],"wp:featuredmedia":[{"embeddable":true,"href":"https:\/\/www.europesays.com\/pl\/wp-json\/wp\/v2\/media\/136652"}],"wp:attachment":[{"href":"https:\/\/www.europesays.com\/pl\/wp-json\/wp\/v2\/media?parent=136651"}],"wp:term":[{"taxonomy":"category","embeddable":true,"href":"https:\/\/www.europesays.com\/pl\/wp-json\/wp\/v2\/categories?post=136651"},{"taxonomy":"post_tag","embeddable":true,"href":"https:\/\/www.europesays.com\/pl\/wp-json\/wp\/v2\/tags?post=136651"}],"curies":[{"name":"wp","href":"https:\/\/api.w.org\/{rel}","templated":true}]}}