{"id":136681,"date":"2025-12-06T22:44:09","date_gmt":"2025-12-06T22:44:09","guid":{"rendered":"https:\/\/www.europesays.com\/pl\/136681\/"},"modified":"2025-12-06T22:44:09","modified_gmt":"2025-12-06T22:44:09","slug":"dramatyczne-odkrycie-w-pelplinie-policja-znalazla-cialo-obok-byly-beczki","status":"publish","type":"post","link":"https:\/\/www.europesays.com\/pl\/136681\/","title":{"rendered":"Dramatyczne odkrycie w Pelplinie. Policja znalaz\u0142a cia\u0142o. Obok by\u0142y beczki"},"content":{"rendered":"<p class=\"ods-c-paragraph \">Jak dowiedzia\u0142 si\u0119 &#8222;Dziennik Ba\u0142tycki&#8221;, w nocy, ok. godz. 1.07 s\u0142u\u017cby otrzyma\u0142y zg\u0142oszenie od syna 56-latka. M\u0119\u017cczyzna przekaza\u0142 policji, \u017ce w Starym Spichlerzu na ul. Dworcowej w Pelplinie mo\u017ce znajdowa\u0107 si\u0119 jego ojciec, z kt\u00f3rym nagle urwa\u0142 si\u0119 kontakt. Doda\u0142 r\u00f3wnie\u017c, \u017ce ma podejrzenie, \u017ce w zabytkowym obiekcie znajduj\u0105 si\u0119 r\u00f3wnie\u017c chemikalia.<\/p>\n<p class=\"ods-c-paragraph \">Policja, kt\u00f3ra szybko przyby\u0142a we wskazane miejsce, odkry\u0142a kilkadziesi\u0105t beczek z substancjami chemicznymi. Serwis Puls Gda\u0144ska podaje, \u017ce by\u0142y to przemys\u0142owe pojemniki typu mauser. Na pi\u0119trze natrafiono r\u00f3wnie\u017c na 56-letniego m\u0119\u017cczyzn\u0119. By\u0142 nieprzytomny. Ratownikom nie uda\u0142o si\u0119 ju\u017c uratowa\u0107 jego \u017cycia. Nieoficjalnie wiadomo, \u017ce mia\u0142 na ciele rozleg\u0142e poparzenia \u2014 informuje Puls Gda\u0144ska.<\/p>\n<p>Dalszy ci\u0105g artyku\u0142u pod materia\u0142em wideo<\/p>\n<p> Gdzie znaleziono cia\u0142o m\u0119\u017cczyzny? <\/p>\n<p> Co by\u0142o obok cia\u0142a 56-letniego m\u0119\u017cczyzny? <\/p>\n<p> Jakie by\u0142y okoliczno\u015bci zg\u0142oszenia policji? <\/p>\n<p> Co si\u0119 stanie z cia\u0142em m\u0119\u017cczyzny po przewiezieniu do zak\u0142adu? <\/p>\n<p>  Tajemnicza \u015bmier\u0107 w Pelplinie. Policja znalaz\u0142a cia\u0142o 56-letniego m\u0119\u017cczyzny. Obok by\u0142y beczki z podejrzan\u0105 substancj\u0105<\/p>\n<p class=\"ods-c-paragraph \">Obecnie policja wyja\u015bnia okoliczno\u015bci tego tragicznego zdarzenia. Teren spichlerza od razu zosta\u0142 zabezpieczony. Na miejscu pracowali: specjalistyczny pluton chemiczny stra\u017cak\u00f3w z Gdyni, policyjni kontrterrory\u015bci, a tak\u017ce prokurator. Na ten moment nie wiadomo, co to za tajemnicza substancja znajdowa\u0142a si\u0119 w beczkach.<\/p>\n<p class=\"ods-c-paragraph \">Pluton chemiczny pobiera pr\u00f3bki tajemniczej substancji chemicznej z beczek, analizuje jej sk\u0142ad i sprawdza, czy nie stanowi bezpo\u015bredniego zagro\u017cenie dla mieszka\u0144c\u00f3w. Cia\u0142o m\u0119\u017cczyzny przewieziono za\u015b do zak\u0142adu medycyny s\u0105dowej, gdzie zostanie przeprowadzona sekcja zw\u0142ok, kt\u00f3ra pomo\u017ce ustali\u0107 przyczyn\u0119 jego \u015bmierci. \u015aledczy nie wykluczaj\u0105 udzia\u0142u os\u00f3b trzecich w sprawie.<\/p>\n","protected":false},"excerpt":{"rendered":"Jak dowiedzia\u0142 si\u0119 &#8222;Dziennik Ba\u0142tycki&#8221;, w nocy, ok. godz. 1.07 s\u0142u\u017cby otrzyma\u0142y zg\u0142oszenie od syna 56-latka. M\u0119\u017cczyzna przekaza\u0142&hellip;\n","protected":false},"author":2,"featured_media":136682,"comment_status":"","ping_status":"","sticky":false,"template":"","format":"standard","meta":{"footnotes":""},"categories":[12],"tags":[28207,32,33,28208,5566,36,37,27,34,35,28,31,48,25,46,42,38,414,40,39,41,47,1389,2606,511,28206,28209,29,30,4000,26,8276],"class_list":{"0":"post-136681","1":"post","2":"type-post","3":"status-publish","4":"format-standard","5":"has-post-thumbnail","7":"category-polska","8":"tag-beczka","9":"tag-breaking-news","10":"tag-breakingnews","11":"tag-chemikalia","12":"tag-cialo","13":"tag-featured-news","14":"tag-featurednews","15":"tag-headlines","16":"tag-latest-news","17":"tag-latestnews","18":"tag-naglowki","19":"tag-najwazniejsze-artykuly","20":"tag-nat_styl","21":"tag-news","22":"tag-omp","23":"tag-pl","24":"tag-poland","25":"tag-policja","26":"tag-polish","27":"tag-polska","28":"tag-polski","29":"tag-screening_general","30":"tag-sledztwo","31":"tag-sluzby","32":"tag-smierc","33":"tag-spichlerze","34":"tag-substancje_chemiczne","35":"tag-top-stories","36":"tag-topstories","37":"tag-trojmiasto","38":"tag-wiadomosci","39":"tag-zwloki"},"share_on_mastodon":{"url":"https:\/\/pubeurope.com\/@pl\/115675048625903632","error":""},"_links":{"self":[{"href":"https:\/\/www.europesays.com\/pl\/wp-json\/wp\/v2\/posts\/136681","targetHints":{"allow":["GET"]}}],"collection":[{"href":"https:\/\/www.europesays.com\/pl\/wp-json\/wp\/v2\/posts"}],"about":[{"href":"https:\/\/www.europesays.com\/pl\/wp-json\/wp\/v2\/types\/post"}],"author":[{"embeddable":true,"href":"https:\/\/www.europesays.com\/pl\/wp-json\/wp\/v2\/users\/2"}],"replies":[{"embeddable":true,"href":"https:\/\/www.europesays.com\/pl\/wp-json\/wp\/v2\/comments?post=136681"}],"version-history":[{"count":0,"href":"https:\/\/www.europesays.com\/pl\/wp-json\/wp\/v2\/posts\/136681\/revisions"}],"wp:featuredmedia":[{"embeddable":true,"href":"https:\/\/www.europesays.com\/pl\/wp-json\/wp\/v2\/media\/136682"}],"wp:attachment":[{"href":"https:\/\/www.europesays.com\/pl\/wp-json\/wp\/v2\/media?parent=136681"}],"wp:term":[{"taxonomy":"category","embeddable":true,"href":"https:\/\/www.europesays.com\/pl\/wp-json\/wp\/v2\/categories?post=136681"},{"taxonomy":"post_tag","embeddable":true,"href":"https:\/\/www.europesays.com\/pl\/wp-json\/wp\/v2\/tags?post=136681"}],"curies":[{"name":"wp","href":"https:\/\/api.w.org\/{rel}","templated":true}]}}