{"id":136824,"date":"2025-12-07T01:20:12","date_gmt":"2025-12-07T01:20:12","guid":{"rendered":"https:\/\/www.europesays.com\/pl\/136824\/"},"modified":"2025-12-07T01:20:12","modified_gmt":"2025-12-07T01:20:12","slug":"polska-holandia-ms-pilkarek-recznych-kto-wygral-mecz-jaki-wynik","status":"publish","type":"post","link":"https:\/\/www.europesays.com\/pl\/136824\/","title":{"rendered":"Polska &#8211; Holandia. M\u015a pi\u0142karek r\u0119cznych. Kto wygra\u0142 mecz? Jaki wynik?"},"content":{"rendered":"<p>Reprezentacja Polski wesz\u0142a w mistrzostwa \u015bwiata w Niemczech i Holandii w bardzo dobrym stylu. W fazie wst\u0119pnej wygra\u0142a dwa spotkania &#8211; najpierw z Chinami, a p\u00f3\u017aniej z Tunezj\u0105. P\u00f3\u017aniej uleg\u0142a Francji, lecz w pierwszym meczu kolejnego etapu odwr\u00f3ci\u0142a losy starcia z Argentyn\u0105. Cho\u0107 po trzydziestu minutach przegrywa\u0142a 14:15, to po zmianie stron przej\u0119\u0142a inicjatyw\u0119 i wygra\u0142a 28:25.<\/p>\n<p>\u00a0<\/p>\n<p>Starcie z Holandi\u0105 mia\u0142o ogromne znaczenie. Tylko zwyci\u0119stwo w Rotterdamie dawa\u0142oby Bia\u0142o-Czerwonym realn\u0105 szans\u0119 na pozostanie w grze o \u0107wier\u0107fina\u0142.<\/p>\n<p>\u00a0<\/p>\n<p>ZOBACZ TAK\u017bE: <a href=\"https:\/\/www.polsatsport.pl\/wiadomosc\/2025-12-03\/ms-pilkarek-recznych-wkracza-w-decydujaca-faze-oto-terminarz-meczow-polek\/\" rel=\"nofollow noopener\" target=\"_blank\">M\u015a pi\u0142karek r\u0119cznych wkraczaj\u0105 w decyduj\u0105c\u0105 faz\u0119. Oto terminarz mecz\u00f3w Polek<\/a><\/p>\n<p>\u00a0<\/p>\n<p>Od pierwszych minut to jednak ekipa &#8222;Oranje&#8221; narzuca\u0142a tempo. Gospodynie turnieju szybko doprowadzi\u0142y do wyniku 7:2 i od tej chwili w pe\u0142ni kontrolowa\u0142y przebieg rywalizacji. Polki pope\u0142nia\u0142y zbyt wiele b\u0142\u0119d\u00f3w, zw\u0142aszcza w ataku, a w defensywie nie by\u0142y w stanie zatrzyma\u0107 mocnej ofensywy holenderskiej dru\u017cyny. Po pierwszej po\u0142owie r\u00f3\u017cnica wzros\u0142a do siedmiu trafie\u0144 i na tablicy wynik\u00f3w widnia\u0142o 11:18.<\/p>\n<p>\u00a0<\/p>\n<p>Druga po\u0142owa zacz\u0119\u0142a si\u0119 dla Polek bardzo niekorzystnie. Szybko straci\u0142y kilka posiada\u0144, a wraz z nimi kolejne bramki. Z czasem jednak ustawi\u0142y szczelniejsz\u0105 obron\u0119, co zatrzyma\u0142o nap\u00f3r Holenderek na 10 minut. Mimo tego przestoju w ofensywie rywalek podopieczne trenera Arne Senstada nie by\u0142y w stanie wykorzysta\u0107 sytuacji i odrobi\u0107 strat. W dalszej cz\u0119\u015bci spotkania gra Polek nadal nie uk\u0142ada\u0142a si\u0119 po ich my\u015bli, przez co Bia\u0142o-Czerwone, mimo bardzo dobrej postawy Barbary Zimy w bramce, musia\u0142y pogodzi\u0107 si\u0119 z wysok\u0105 pora\u017ck\u0105.<\/p>\n<p>\u00a0<\/p>\n<p>Najlepsz\u0105 zawodniczk\u0105 tego spotkania zosta\u0142a bramkarka &#8222;Oranje&#8221; &#8211; Yara Ten Holte.<\/p>\n<p>\u00a0<\/p>\n<p>Ten wynik oznacza, \u017ce dru\u017cyna trenera Senstada straci\u0142a ju\u017c szanse na awans do \u0107wier\u0107fina\u0142u turnieju rozgrywanego w Holandii i Niemczech. Zar\u00f3wno nasze sobotnie rywalki, jak i Francuzki maj\u0105 po osiem punkt\u00f3w, podczas gdy Polki zgromadzi\u0142y na swoim koncie zaledwie cztery &#8222;oczka&#8221;. W praktyce pozostaje im walka o miejsca poza czo\u0142ow\u0105 &#8222;\u00f3semk\u0105&#8221;.<\/p>\n<p>\u00a0<\/p>\n<p>Kolejne spotkanie na mistrzostwach \u015bwiata Polki rozegraj\u0105 z Austri\u0105 8 grudnia o 18:00.<\/p>\n<p>Polska &#8211; Holandia. Kto wygra\u0142 mecz? Jaki wynik?<\/p>\n<p>Polska &#8211; Holandia 22:33 (11:18)<\/p>\n<p>\u00a0<\/p>\n<p>Polska: Adrianna P\u0142aczek, Barbara Zima &#8211; Monika Kobyli\u0144ska, Aleksandra Rosiak, Magdalena Dra\u017cyk, Katarzyna Cygan, Natalia Nosek, Karolina Kochaniak, Paulina U\u015bcinowicz, Natalia Janas, Magda Balsam, Daria Michalak, Dagmara Nocu\u0144, Aleksandra Olek, Nikola G\u0142\u0119bocka, Natalia Pankowska.<\/p>\n<p>\u00a0<\/p>\n<p>Holandia: Rinka Duijndam, Yara Ten Holte &#8211; Lois Abbingh, Larissa Nusser, Judith van der Helm, Kelly Dulfer, Estavana Polman, Alieke van Maurik, Dione Housheer, Bo van Wetering, Zoe Sprengers, Angela Malestein, Kelly Vollebregt, Merel Freriks, Romee Maarschalkerweerd, Nikita van der Vliet.<\/p>\n<p><a class=\"news__read-more-button\" href=\"https:\/\/www.polsatsport.pl\/\" rel=\"nofollow noopener\" target=\"_blank\">Przejd\u017a na Polsatsport.pl<\/a><\/p>\n","protected":false},"excerpt":{"rendered":"Reprezentacja Polski wesz\u0142a w mistrzostwa \u015bwiata w Niemczech i Holandii w bardzo dobrym stylu. W fazie wst\u0119pnej wygra\u0142a&hellip;\n","protected":false},"author":2,"featured_media":136825,"comment_status":"","ping_status":"","sticky":false,"template":"","format":"standard","meta":{"footnotes":""},"categories":[5],"tags":[32,33,36,37,27,34,35,28,31,25,42,38,40,39,41,29,30,26],"class_list":{"0":"post-136824","1":"post","2":"type-post","3":"status-publish","4":"format-standard","5":"has-post-thumbnail","7":"category-naglowki","8":"tag-breaking-news","9":"tag-breakingnews","10":"tag-featured-news","11":"tag-featurednews","12":"tag-headlines","13":"tag-latest-news","14":"tag-latestnews","15":"tag-naglowki","16":"tag-najwazniejsze-artykuly","17":"tag-news","18":"tag-pl","19":"tag-poland","20":"tag-polish","21":"tag-polska","22":"tag-polski","23":"tag-top-stories","24":"tag-topstories","25":"tag-wiadomosci"},"share_on_mastodon":{"url":"https:\/\/pubeurope.com\/@pl\/115675661812878808","error":""},"_links":{"self":[{"href":"https:\/\/www.europesays.com\/pl\/wp-json\/wp\/v2\/posts\/136824","targetHints":{"allow":["GET"]}}],"collection":[{"href":"https:\/\/www.europesays.com\/pl\/wp-json\/wp\/v2\/posts"}],"about":[{"href":"https:\/\/www.europesays.com\/pl\/wp-json\/wp\/v2\/types\/post"}],"author":[{"embeddable":true,"href":"https:\/\/www.europesays.com\/pl\/wp-json\/wp\/v2\/users\/2"}],"replies":[{"embeddable":true,"href":"https:\/\/www.europesays.com\/pl\/wp-json\/wp\/v2\/comments?post=136824"}],"version-history":[{"count":0,"href":"https:\/\/www.europesays.com\/pl\/wp-json\/wp\/v2\/posts\/136824\/revisions"}],"wp:featuredmedia":[{"embeddable":true,"href":"https:\/\/www.europesays.com\/pl\/wp-json\/wp\/v2\/media\/136825"}],"wp:attachment":[{"href":"https:\/\/www.europesays.com\/pl\/wp-json\/wp\/v2\/media?parent=136824"}],"wp:term":[{"taxonomy":"category","embeddable":true,"href":"https:\/\/www.europesays.com\/pl\/wp-json\/wp\/v2\/categories?post=136824"},{"taxonomy":"post_tag","embeddable":true,"href":"https:\/\/www.europesays.com\/pl\/wp-json\/wp\/v2\/tags?post=136824"}],"curies":[{"name":"wp","href":"https:\/\/api.w.org\/{rel}","templated":true}]}}